{"id":8618,"date":"2026-08-17T11:13:44","date_gmt":"2026-08-17T09:13:44","guid":{"rendered":"https:\/\/lefouduvoyage.fr\/blog\/conseils-de-voyage\/mont-blanc-les-refuges-du-gouter-et-de-tete-rousse-fermes-la-voie-norm\/"},"modified":"2026-08-17T11:13:44","modified_gmt":"2026-08-17T09:13:44","slug":"mont-blanc-les-refuges-du-gouter-et-de-tete-rousse-fermes-la-voie-norm","status":"publish","type":"post","link":"https:\/\/lefouduvoyage.fr\/blog\/conseils-de-voyage\/mont-blanc-les-refuges-du-gouter-et-de-tete-rousse-fermes-la-voie-norm\/","title":{"rendered":"Mont Blanc : les refuges du Go\u00fbter et de T\u00eate Rousse ferm\u00e9s, la voie normale \u00e0 l&rsquo;arr\u00eat \u2014 ce que \u00e7a change si vous aviez r\u00e9serv\u00e9"},"content":{"rendered":"<p style=\"font-size:18px;line-height:1.65;color:#1a1a1a;\"><strong>La voie normale du mont Blanc est \u00e0 l&rsquo;arr\u00eat : les refuges de T\u00eate Rousse et du Go\u00fbter sont ferm\u00e9s par arr\u00eat\u00e9 municipal depuis le mardi 11 ao\u00fbt, et aucune date de r\u00e9ouverture n&rsquo;est annonc\u00e9e \u00e0 ce jour.<\/strong> En cause : la s\u00e9cheresse et la chaleur, qui ont d\u00e9clench\u00e9 d&rsquo;importantes chutes de pierres dans le couloir du Go\u00fbter. Si vous aviez une r\u00e9servation ou une course pr\u00e9vue cet \u00e9t\u00e9, voici ce que \u00e7a change, et ce que vous pouvez r\u00e9cup\u00e9rer.<\/p>\n<div style=\"background:#E4F3F7;border:1px solid #0E749033;border-radius:14px;padding:20px 24px;margin:26px 0;font-family:-apple-system,BlinkMacSystemFont,'Segoe UI',Roboto,sans-serif;\">\n<div style=\"font-size:12px;font-weight:800;letter-spacing:.14em;text-transform:uppercase;color:#0E7490;margin-bottom:12px;\">\u26a1 En bref<\/div>\n<ul style=\"margin:0;padding:0;list-style:none;font-size:15.5px;color:#1a1a1a;\">\n<li style=\"margin:0 0 8px;padding-left:24px;position:relative;line-height:1.5;\"><span style=\"position:absolute;left:0;color:#0E7490;font-weight:800;\">\u25b8<\/span>Les refuges de <strong>T\u00eate Rousse<\/strong> et du <strong>Go\u00fbter (3 835 m)<\/strong> sont ferm\u00e9s depuis le <strong>mardi 11 ao\u00fbt 2026<\/strong> par arr\u00eat\u00e9 du maire de Saint-Gervais-les-Bains, <strong>Jean-Marc Peillex<\/strong>.<\/li>\n<li style=\"margin:0 0 8px;padding-left:24px;position:relative;line-height:1.5;\"><span style=\"position:absolute;left:0;color:#0E7490;font-weight:800;\">\u25b8<\/span>Motif : <strong>chutes de pierres<\/strong> dans le couloir de l&rsquo;aiguille du Go\u00fbter, aggrav\u00e9es par la s\u00e9cheresse et les \u00e9pisodes de canicule.<\/li>\n<li style=\"margin:0 0 8px;padding-left:24px;position:relative;line-height:1.5;\"><span style=\"position:absolute;left:0;color:#0E7490;font-weight:800;\">\u25b8<\/span>La <strong>FFCAM<\/strong>, gestionnaire des refuges, <strong>rembourse l&rsquo;int\u00e9gralit\u00e9 des r\u00e9servations<\/strong>. Les compagnies des guides de Saint-Gervais-Les Contamines et de Chamonix ont suspendu leurs courses au mont Blanc.<\/li>\n<li style=\"margin:0 0 8px;padding-left:24px;position:relative;line-height:1.5;\"><span style=\"position:absolute;left:0;color:#0E7490;font-weight:800;\">\u25b8<\/span><strong>32 alpinistes<\/strong> qui avaient dormi au Go\u00fbter ont \u00e9t\u00e9 redescendus en h\u00e9licopt\u00e8re le 12 ao\u00fbt \u2014 <u>\u00e0 leurs frais<\/u>, le secours public ayant jug\u00e9 qu&rsquo;il n&rsquo;y avait pas de danger imm\u00e9diat.<\/li>\n<\/ul>\n<\/div>\n<div style=\"display:flex;flex-wrap:wrap;gap:12px;margin:24px 0;\">\n<div style=\"flex:1;min-width:120px;background:#fff;border:1px solid #e6e8ee;border-top:3px solid #0E7490;border-radius:12px;padding:16px 18px;text-align:center;\">\n<div style=\"font-size:26px;font-weight:800;color:#0E7490;line-height:1.1;letter-spacing:-.01em;\">11 ao\u00fbt<\/div>\n<div style=\"font-size:12.5px;color:#667085;margin-top:6px;line-height:1.3;\">date de l&rsquo;arr\u00eat\u00e9 municipal fermant les deux refuges<\/div>\n<\/div>\n<div style=\"flex:1;min-width:120px;background:#fff;border:1px solid #e6e8ee;border-top:3px solid #0E7490;border-radius:12px;padding:16px 18px;text-align:center;\">\n<div style=\"font-size:26px;font-weight:800;color:#0E7490;line-height:1.1;letter-spacing:-.01em;\">3 835 m<\/div>\n<div style=\"font-size:12.5px;color:#667085;margin-top:6px;line-height:1.3;\">altitude du refuge du Go\u00fbter, derni\u00e8re \u00e9tape avant le sommet<\/div>\n<\/div>\n<div style=\"flex:1;min-width:120px;background:#fff;border:1px solid #e6e8ee;border-top:3px solid #0E7490;border-radius:12px;padding:16px 18px;text-align:center;\">\n<div style=\"font-size:26px;font-weight:800;color:#0E7490;line-height:1.1;letter-spacing:-.01em;\">32<\/div>\n<div style=\"font-size:12.5px;color:#667085;margin-top:6px;line-height:1.3;\">alpinistes h\u00e9liport\u00e9s depuis le Go\u00fbter le 12 ao\u00fbt, \u00e0 leurs frais<\/div>\n<\/div>\n<div style=\"flex:1;min-width:120px;background:#fff;border:1px solid #e6e8ee;border-top:3px solid #0E7490;border-radius:12px;padding:16px 18px;text-align:center;\">\n<div style=\"font-size:26px;font-weight:800;color:#0E7490;line-height:1.1;letter-spacing:-.01em;\">100 %<\/div>\n<div style=\"font-size:12.5px;color:#667085;margin-top:6px;line-height:1.3;\">des r\u00e9servations rembours\u00e9es par la FFCAM<\/div>\n<\/div>\n<\/div>\n<h2 style=\"font-size:24px;line-height:1.25;margin:36px 0 14px;letter-spacing:-.01em;color:#1a1a1a;font-weight:800;\">Ce qui s&rsquo;est pass\u00e9, et pourquoi \u00e7a n&rsquo;a rien d&rsquo;anecdotique<\/h2>\n<p style=\"font-size:16.5px;line-height:1.7;color:#2a2a2a;margin:0 0 16px;\">Le maire de Saint-Gervais-les-Bains a pris un arr\u00eat\u00e9 municipal fermant les deux refuges de la voie normale fran\u00e7aise du mont Blanc, en invoquant les mauvaises conditions sur l&rsquo;itin\u00e9raire par l&rsquo;aiguille du Go\u00fbter et <u>le danger de chutes de pierres<\/u>.<\/p>\n<p style=\"font-size:16.5px;line-height:1.7;color:#2a2a2a;margin:0 0 16px;\">Le point noir a un nom que tous les alpinistes connaissent : le <strong>couloir du Go\u00fbter<\/strong>, surnomm\u00e9 \u00ab couloir de la mort \u00bb. C&rsquo;est un passage oblig\u00e9 qu&rsquo;il faut traverser au plus vite, expos\u00e9 aux pierres d\u00e9croch\u00e9es par le d\u00e9gel. Quand la nuit ne g\u00e8le plus en altitude \u2014 ce qui devient la norme lors des \u00e9pisodes de canicule \u2014 le ciment de glace qui tient la paroi l\u00e2che, et le couloir devient un stand de tir.<\/p>\n<p style=\"font-size:16.5px;line-height:1.7;color:#2a2a2a;margin:0 0 16px;\">Plusieurs dizaines d&rsquo;alpinistes d\u00e9j\u00e0 engag\u00e9s ont d\u00fb faire demi-tour. Ce n&rsquo;est pas une premi\u00e8re : une fermeture comparable \u00e9tait intervenue en <strong>ao\u00fbt 2022<\/strong>, pour les m\u00eames raisons.<\/p>\n<div style=\"border:1px solid #e6e8ee;border-radius:14px;padding:16px 18px;margin:22px 0;background:#fafbfc;font-family:-apple-system,BlinkMacSystemFont,'Segoe UI',Roboto,sans-serif;\">\n<div style=\"display:flex;align-items:center;gap:8px;margin-bottom:10px;\"><span style=\"font-size:11px;font-weight:800;letter-spacing:.06em;color:#fff;background:#FF0000;padding:3px 9px;border-radius:6px;\">\u25b6 YouTube<\/span><span style=\"font-size:13px;color:#667085;font-weight:600;\">8 Mont-Blanc<\/span><span style=\"margin-left:auto;font-size:13px;color:#667085;white-space:nowrap;\">7 666 vues<\/span><\/div>\n<p><a href=\"https:\/\/www.youtube.com\/watch?v=Z_Z4eE5Yodo\" target=\"_blank\" rel=\"noopener nofollow\" style=\"display:block;position:relative;border-radius:10px;overflow:hidden;text-decoration:none;\"><img decoding=\"async\" src=\"https:\/\/i.ytimg.com\/vi\/Z_Z4eE5Yodo\/hqdefault.jpg\" alt=\"Les refuges du Go\u00fbter et de T\u00eate Rousse ferm\u00e9s en raison de la canicule\" style=\"width:100%;display:block;\"><span style=\"position:absolute;inset:0;display:flex;align-items:center;justify-content:center;background:rgba(0,0,0,.18);\"><span style=\"width:62px;height:62px;border-radius:50%;background:rgba(255,0,0,.92);display:flex;align-items:center;justify-content:center;color:#fff;font-size:24px;\">\u25b6<\/span><\/span><\/a><\/p>\n<div style=\"font-size:14px;color:#1a1a1a;font-weight:600;margin-top:10px;\">Les refuges du Go\u00fbter et de T\u00eate Rousse ferm\u00e9s en raison de la canicule<\/div>\n<\/div>\n<blockquote style=\"margin:28px 0;padding:20px 26px;border-left:4px solid #0E7490;background:#E4F3F7;border-radius:0 12px 12px 0;font-size:19px;line-height:1.5;font-style:italic;color:#1a1a1a;\"><p>\u00ab Chaque alpiniste doit faire preuve d&rsquo;humilit\u00e9. Faire le mont Blanc ne rel\u00e8ve pas du d\u00e9fi ou de l&rsquo;exploit. \u00bb<\/p>\n<div style=\"font-size:13px;color:#667085;margin-top:10px;font-style:normal;\">\u2014 Jean-Marc Peillex, maire de Saint-Gervais-les-Bains<\/div>\n<\/blockquote>\n<h2 style=\"font-size:24px;line-height:1.25;margin:36px 0 14px;letter-spacing:-.01em;color:#1a1a1a;font-weight:800;\">L&rsquo;\u00e9pisode des 32 alpinistes h\u00e9liport\u00e9s \u2014 et la facture<\/h2>\n<p style=\"font-size:16.5px;line-height:1.7;color:#2a2a2a;margin:0 0 16px;\">C&rsquo;est l&rsquo;histoire qui a fait le tour des vall\u00e9es, et elle m\u00e9rite d&rsquo;\u00eatre racont\u00e9e pr\u00e9cis\u00e9ment parce qu&rsquo;elle dit quelque chose d&rsquo;important.<\/p>\n<p style=\"font-size:16.5px;line-height:1.7;color:#2a2a2a;margin:0 0 16px;\">Dans la nuit du <strong>11 au 12 ao\u00fbt<\/strong>, <strong>32 alpinistes<\/strong> se trouvaient au refuge du Go\u00fbter au moment de la fermeture. Au matin, ils ont demand\u00e9 \u00e0 \u00eatre redescendus en vall\u00e9e. Le <strong>PGHM<\/strong> (peloton de gendarmerie de haute montagne) a estim\u00e9 que les conditions s&rsquo;\u00e9taient relativement am\u00e9lior\u00e9es, que la descente restait faisable, et donc que l&rsquo;engagement de moyens de secours publics ne se justifiait pas.<\/p>\n<p style=\"font-size:16.5px;line-height:1.7;color:#2a2a2a;margin:0 0 16px;\">R\u00e9sultat : le transport a \u00e9t\u00e9 assur\u00e9 par la soci\u00e9t\u00e9 priv\u00e9e <strong>Chamonix Mont-Blanc H\u00e9licopt\u00e8res<\/strong>, <u>aux frais des alpinistes<\/u>. Le maire a r\u00e9sum\u00e9 la ligne de partage en une phrase : il faut distinguer \u00ab <em>une v\u00e9ritable intervention de secours<\/em> \u00bb d&rsquo;\u00ab <em>une demande de transport en l&rsquo;absence de danger imm\u00e9diat<\/em> \u00bb.<\/p>\n<p style=\"font-size:16.5px;line-height:1.7;color:#2a2a2a;margin:0 0 16px;\">\u00c0 noter pour qui suit ces d\u00e9bats : la France n&rsquo;a aujourd&rsquo;hui pas de r\u00e8gle g\u00e9n\u00e9rale de facturation des secours en montagne. La Cour des comptes a recommand\u00e9 une r\u00e9forme permettant une facturation partielle \u00e0 l&rsquo;horizon <strong>2028<\/strong>.<\/p>\n<h2 style=\"font-size:24px;line-height:1.25;margin:36px 0 14px;letter-spacing:-.01em;color:#1a1a1a;font-weight:800;\">Vous aviez r\u00e9serv\u00e9 ? Voici ce que vous pouvez faire<\/h2>\n<p style=\"font-size:16.5px;line-height:1.7;color:#2a2a2a;margin:0 0 16px;\">La bonne nouvelle, c&rsquo;est que la cha\u00eene des acteurs a r\u00e9agi vite et proprement. Concr\u00e8tement :<\/p>\n<ul style=\"margin:6px 0 18px;padding:0;list-style:none;font-size:16px;\">\n<li style=\"margin:0 0 8px;padding-left:26px;position:relative;line-height:1.55;color:#2a2a2a;\"><span style=\"position:absolute;left:0;top:1px;color:#0E7490;font-weight:800;\">\u2713<\/span><strong>R\u00e9servation en refuge<\/strong> : la <strong>FFCAM<\/strong> (F\u00e9d\u00e9ration fran\u00e7aise des clubs alpins et de montagne), gestionnaire des deux refuges, soutient la d\u00e9cision et <strong>rembourse toutes les r\u00e9servations<\/strong>. Vous n&rsquo;avez pas \u00e0 batailler.<\/li>\n<li style=\"margin:0 0 8px;padding-left:26px;position:relative;line-height:1.55;color:#2a2a2a;\"><span style=\"position:absolute;left:0;top:1px;color:#0E7490;font-weight:800;\">\u2713<\/span><strong>Course avec un guide<\/strong> : les compagnies des guides de <strong>Saint-Gervais-Les Contamines<\/strong> et de <strong>Chamonix<\/strong> ont suspendu leurs ascensions du mont Blanc tant que la situation dure. Rapprochez-vous directement de votre bureau des guides pour un report ou une course de substitution.<\/li>\n<li style=\"margin:0 0 8px;padding-left:26px;position:relative;line-height:1.55;color:#2a2a2a;\"><span style=\"position:absolute;left:0;top:1px;color:#0E7490;font-weight:800;\">\u2713<\/span><strong>Ne tentez pas de passer quand m\u00eame.<\/strong> L&rsquo;arr\u00eat\u00e9 vise les refuges : sans refuge ouvert, il n&rsquo;y a ni \u00e9tape, ni repli, ni ravitaillement sur l&rsquo;itin\u00e9raire. Et le couloir, lui, ne se n\u00e9gocie pas.<\/li>\n<li style=\"margin:0 0 8px;padding-left:26px;position:relative;line-height:1.55;color:#2a2a2a;\"><span style=\"position:absolute;left:0;top:1px;color:#0E7490;font-weight:800;\">\u2713<\/span><strong>Basculez sur autre chose.<\/strong> Les professionnels du massif renvoient vers la randonn\u00e9e, le v\u00e9lo, l&rsquo;escalade et les courses de moindre altitude \u2014 l&rsquo;offre ne manque pas autour de Chamonix et de Saint-Gervais en plein mois d&rsquo;ao\u00fbt.<\/li>\n<\/ul>\n<h2 style=\"font-size:24px;line-height:1.25;margin:36px 0 14px;letter-spacing:-.01em;color:#1a1a1a;font-weight:800;\">Un \u00e9t\u00e9 qui ferme les classiques des Alpes, un massif qui change<\/h2>\n<p style=\"font-size:16.5px;line-height:1.7;color:#2a2a2a;margin:0 0 16px;\">La fermeture fran\u00e7aise n&rsquo;est pas isol\u00e9e. D\u00e8s le mois de <strong>juillet<\/strong>, les guides italiens de <strong>Courmayeur<\/strong> avaient suspendu l&rsquo;ascension par le versant italien : la chaleur avait ouvert le glacier de crevasses au point qu&rsquo;il devenait impossible d&rsquo;y tracer un itin\u00e9raire s\u00fbr avec des clients.<\/p>\n<p style=\"font-size:16.5px;line-height:1.7;color:#2a2a2a;margin:0 0 16px;\">Le m\u00e9canisme est toujours le m\u00eame : la chaleur prolong\u00e9e r\u00e9chauffe le sol, fait fondre neige et glace et d\u00e9grade le <strong>permafrost<\/strong>, ce ciment gel\u00e9 qui maintient les parois. Quand il se retire, les blocs partent. Les itin\u00e9raires \u00ab classiques \u00bb des Alpes ne sont plus des acquis de calendrier, ils deviennent des cr\u00e9neaux \u00e0 saisir selon les conditions.<\/p>\n<p style=\"font-size:16.5px;line-height:1.7;color:#2a2a2a;margin:0 0 16px;\">Autre changement de d\u00e9cor, plus symbolique : l&rsquo;<strong>ancien refuge du Go\u00fbter<\/strong>, construit dans les ann\u00e9es 1960 et remplac\u00e9 en 2013 par le b\u00e2timent actuel situ\u00e9 quelques m\u00e8tres plus haut, est d\u00e9mont\u00e9 depuis le <strong>1<sup>er<\/sup> juin 2026<\/strong>. La commune de Saint-Gervais pr\u00e9voit de le remonter dans son parc thermal \u2014 \u00e0 la fois pour rendre \u00e0 la haute montagne son caract\u00e8re naturel et pour conserver ce morceau de patrimoine alpin.<\/p>\n<p style=\"font-size:16.5px;line-height:1.7;color:#2a2a2a;margin:0 0 16px;\">Le maire, lui, mart\u00e8le depuis des ann\u00e9es le m\u00eame message aux candidats au sommet : \u00ab <em>chaque alpiniste doit faire preuve d&rsquo;humilit\u00e9<\/em> \u00bb, et \u00ab <em>faire le mont Blanc ne rel\u00e8ve pas du d\u00e9fi ou de l&rsquo;exploit<\/em> \u00bb.<\/p>\n<h2 style=\"font-size:24px;line-height:1.25;margin:36px 0 14px;letter-spacing:-.01em;color:#1a1a1a;font-weight:800;\">Nos sources<\/h2>\n<p style=\"font-size:16.5px;line-height:1.7;color:#2a2a2a;margin:0 0 16px;\">Article \u00e9tabli \u00e0 partir de la communication officielle de la mairie de Saint-Gervais-les-Bains et de m\u00e9dias sp\u00e9cialis\u00e9s montagne publi\u00e9s entre le 11 et le 17 ao\u00fbt 2026. Les conditions en haute montagne \u00e9voluent vite : v\u00e9rifiez toujours l&rsquo;\u00e9tat de l&rsquo;arr\u00eat\u00e9 et les bulletins avant tout d\u00e9part.<\/p>\n<ul style=\"margin:6px 0 18px;padding:0;list-style:none;font-size:16px;\">\n<li style=\"margin:0 0 8px;padding-left:26px;position:relative;line-height:1.55;color:#2a2a2a;\"><span style=\"position:absolute;left:0;top:1px;color:#0E7490;font-weight:800;\">\u2713<\/span><a href=\"https:\/\/www.saintgervais.com\/mairie\/actualites\/fermeture-des-refuges-de-tete-rousse-et-du-gouter\/\" target=\"_blank\" rel=\"noopener nofollow\">Mairie de Saint-Gervais Mont-Blanc \u2014 annonce de la fermeture des refuges<\/a><\/li>\n<li style=\"margin:0 0 8px;padding-left:26px;position:relative;line-height:1.55;color:#2a2a2a;\"><span style=\"position:absolute;left:0;top:1px;color:#0E7490;font-weight:800;\">\u2713<\/span><a href=\"https:\/\/alpinemag.fr\/refuges-tete-rousse-gouter-fermes-mauvaises-conditions-chamoniarde-mont-blanc\/\" target=\"_blank\" rel=\"noopener nofollow\">Alpine Mag \u2014 fermeture des refuges, position de la FFCAM et des guides (13 ao\u00fbt 2026)<\/a><\/li>\n<li style=\"margin:0 0 8px;padding-left:26px;position:relative;line-height:1.55;color:#2a2a2a;\"><span style=\"position:absolute;left:0;top:1px;color:#0E7490;font-weight:800;\">\u2713<\/span><a href=\"https:\/\/nosalpes.eu\/fr\/2026\/08\/13\/mont-blanc-des-alpinistes-evacues-du-refuge-du-gouter-par-helicoptere-a-leurs-frais\/\" target=\"_blank\" rel=\"noopener nofollow\">Nos Alpes \u2014 les 32 alpinistes h\u00e9liport\u00e9s \u00e0 leurs frais et la position du PGHM<\/a><\/li>\n<li style=\"margin:0 0 8px;padding-left:26px;position:relative;line-height:1.55;color:#2a2a2a;\"><span style=\"position:absolute;left:0;top:1px;color:#0E7490;font-weight:800;\">\u2713<\/span><a href=\"https:\/\/www.ffrandonnee.fr\/s-informer\/actualites\/fermeture-de-deux-refuges-sur-la-principale-voie-d-acces-au-mont-blanc\" target=\"_blank\" rel=\"noopener nofollow\">F\u00e9d\u00e9ration fran\u00e7aise de la randonn\u00e9e p\u00e9destre \u2014 fermeture des deux refuges<\/a><\/li>\n<\/ul>\n<div style=\"background:#1a1a1a;border-radius:14px;padding:22px 26px;margin:30px 0 8px;font-family:-apple-system,BlinkMacSystemFont,'Segoe UI',Roboto,sans-serif;\">\n<div style=\"font-size:12px;font-weight:800;letter-spacing:.16em;text-transform:uppercase;color:#0E7490;margin-bottom:8px;\">\ud83c\udfaf \u00c0 retenir<\/div>\n<div style=\"font-size:17px;line-height:1.6;color:#f0f0f0;\">Voie normale du mont Blanc \u00e0 l&rsquo;arr\u00eat depuis le 11 ao\u00fbt, sans date de r\u00e9ouverture : r\u00e9servations rembours\u00e9es par la FFCAM, courses suspendues par les compagnies des guides. Et une le\u00e7on qui co\u00fbte cher \u00e0 32 alpinistes : redescendre en h\u00e9licopt\u00e8re sans danger imm\u00e9diat, c&rsquo;est un transport priv\u00e9, pas un secours.<\/div>\n<\/div>\n","protected":false},"excerpt":{"rendered":"","protected":false},"author":42,"featured_media":8619,"comment_status":"open","ping_status":"open","sticky":false,"template":"","format":"standard","meta":{"_acf_changed":false,"manual_indexmenow":false,"indexmenow_id_project":0,"footnotes":""},"categories":[4521],"tags":[],"class_list":["post-8618","post","type-post","status-publish","format-standard","has-post-thumbnail","hentry","category-conseils-de-voyage","generate-columns","tablet-grid-50","mobile-grid-100","grid-parent","grid-25"],"acf":[],"yoast_head":"<!-- This site is optimized with the Yoast SEO Premium plugin v21.3 (Yoast SEO v26.5) - https:\/\/yoast.com\/wordpress\/plugins\/seo\/ -->\n<title>Mont Blanc : les refuges du Go\u00fbter et de T\u00eate Rousse ferm\u00e9s, la voie normale \u00e0 l&#039;arr\u00eat \u2014 ce que \u00e7a change si vous aviez r\u00e9serv\u00e9<\/title>\n<meta name=\"description\" content=\"La voie normale du mont Blanc est \u00e0 l&#039;arr\u00eat : les refuges de T\u00eate Rousse et du Go\u00fbter sont ferm\u00e9s par arr\u00eat\u00e9 municipal depuis le mardi 11 ao\u00fbt, et aucune\" \/>\n<meta name=\"robots\" content=\"index, follow, max-snippet:-1, max-image-preview:large, max-video-preview:-1\" \/>\n<link rel=\"canonical\" href=\"https:\/\/lefouduvoyage.fr\/blog\/conseils-de-voyage\/mont-blanc-les-refuges-du-gouter-et-de-tete-rousse-fermes-la-voie-norm\/\" \/>\n<meta property=\"og:locale\" content=\"fr_FR\" \/>\n<meta property=\"og:type\" content=\"article\" \/>\n<meta property=\"og:title\" content=\"Mont Blanc : les refuges du Go\u00fbter et de T\u00eate Rousse ferm\u00e9s, la voie normale \u00e0 l&#039;arr\u00eat \u2014 ce que \u00e7a change si vous aviez r\u00e9serv\u00e9\" \/>\n<meta property=\"og:description\" content=\"La voie normale du mont Blanc est \u00e0 l&#039;arr\u00eat : les refuges de T\u00eate Rousse et du Go\u00fbter sont ferm\u00e9s par arr\u00eat\u00e9 municipal depuis le mardi 11 ao\u00fbt, et aucune\" \/>\n<meta property=\"og:url\" content=\"https:\/\/lefouduvoyage.fr\/blog\/conseils-de-voyage\/mont-blanc-les-refuges-du-gouter-et-de-tete-rousse-fermes-la-voie-norm\/\" \/>\n<meta property=\"og:site_name\" content=\"lefouduvoyage\" \/>\n<meta property=\"og:image\" content=\"https:\/\/i.ytimg.com\/vi\/Z_Z4eE5Yodo\/hqdefault.jpg\" \/>\n<meta name=\"author\" content=\"Antoine Bernard\" \/>\n<meta name=\"twitter:card\" content=\"summary_large_image\" \/>\n<script type=\"application\/ld+json\" class=\"yoast-schema-graph\">{\"@context\":\"https:\/\/schema.org\",\"@graph\":[{\"@type\":\"NewsArticle\",\"@id\":\"https:\/\/lefouduvoyage.fr\/blog\/conseils-de-voyage\/mont-blanc-les-refuges-du-gouter-et-de-tete-rousse-fermes-la-voie-norm\/#article\",\"isPartOf\":{\"@id\":\"https:\/\/lefouduvoyage.fr\/blog\/conseils-de-voyage\/mont-blanc-les-refuges-du-gouter-et-de-tete-rousse-fermes-la-voie-norm\/\"},\"author\":{\"name\":\"Antoine Bernard\",\"@id\":\"https:\/\/lefouduvoyage.fr\/blog\/#\/schema\/person\/c0ae6942e0cc8b6ebd58dada6ee6c2af\"},\"headline\":\"Mont Blanc : les refuges du Go\u00fbter et de T\u00eate Rousse ferm\u00e9s, la voie normale \u00e0 l&rsquo;arr\u00eat \u2014 ce que \u00e7a change si vous aviez r\u00e9serv\u00e9\",\"datePublished\":\"2026-08-17T09:13:44+00:00\",\"mainEntityOfPage\":{\"@id\":\"https:\/\/lefouduvoyage.fr\/blog\/conseils-de-voyage\/mont-blanc-les-refuges-du-gouter-et-de-tete-rousse-fermes-la-voie-norm\/\"},\"wordCount\":1296,\"commentCount\":0,\"publisher\":{\"@id\":\"https:\/\/lefouduvoyage.fr\/blog\/#organization\"},\"image\":{\"@id\":\"https:\/\/lefouduvoyage.fr\/blog\/conseils-de-voyage\/mont-blanc-les-refuges-du-gouter-et-de-tete-rousse-fermes-la-voie-norm\/#primaryimage\"},\"thumbnailUrl\":\"https:\/\/lefouduvoyage.fr\/blog\/wp-content\/uploads\/2026\/08\/pexels_lefouduvoyage_fr_8618_30514668-scaled.jpg\",\"articleSection\":[\"Conseils de Voyage\"],\"inLanguage\":\"fr-FR\",\"potentialAction\":[{\"@type\":\"CommentAction\",\"name\":\"Comment\",\"target\":[\"https:\/\/lefouduvoyage.fr\/blog\/conseils-de-voyage\/mont-blanc-les-refuges-du-gouter-et-de-tete-rousse-fermes-la-voie-norm\/#respond\"]}]},{\"@type\":\"WebPage\",\"@id\":\"https:\/\/lefouduvoyage.fr\/blog\/conseils-de-voyage\/mont-blanc-les-refuges-du-gouter-et-de-tete-rousse-fermes-la-voie-norm\/\",\"url\":\"https:\/\/lefouduvoyage.fr\/blog\/conseils-de-voyage\/mont-blanc-les-refuges-du-gouter-et-de-tete-rousse-fermes-la-voie-norm\/\",\"name\":\"Mont Blanc : les refuges du Go\u00fbter et de T\u00eate Rousse ferm\u00e9s, la voie normale \u00e0 l'arr\u00eat \u2014 ce que \u00e7a change si vous aviez r\u00e9serv\u00e9\",\"isPartOf\":{\"@id\":\"https:\/\/lefouduvoyage.fr\/blog\/#website\"},\"primaryImageOfPage\":{\"@id\":\"https:\/\/lefouduvoyage.fr\/blog\/conseils-de-voyage\/mont-blanc-les-refuges-du-gouter-et-de-tete-rousse-fermes-la-voie-norm\/#primaryimage\"},\"image\":{\"@id\":\"https:\/\/lefouduvoyage.fr\/blog\/conseils-de-voyage\/mont-blanc-les-refuges-du-gouter-et-de-tete-rousse-fermes-la-voie-norm\/#primaryimage\"},\"thumbnailUrl\":\"https:\/\/lefouduvoyage.fr\/blog\/wp-content\/uploads\/2026\/08\/pexels_lefouduvoyage_fr_8618_30514668-scaled.jpg\",\"datePublished\":\"2026-08-17T09:13:44+00:00\",\"description\":\"La voie normale du mont Blanc est \u00e0 l'arr\u00eat : les refuges de T\u00eate Rousse et du Go\u00fbter sont ferm\u00e9s par arr\u00eat\u00e9 municipal depuis le mardi 11 ao\u00fbt, et aucune\",\"inLanguage\":\"fr-FR\",\"potentialAction\":[{\"@type\":\"ReadAction\",\"target\":[\"https:\/\/lefouduvoyage.fr\/blog\/conseils-de-voyage\/mont-blanc-les-refuges-du-gouter-et-de-tete-rousse-fermes-la-voie-norm\/\"]}]},{\"@type\":\"ImageObject\",\"inLanguage\":\"fr-FR\",\"@id\":\"https:\/\/lefouduvoyage.fr\/blog\/conseils-de-voyage\/mont-blanc-les-refuges-du-gouter-et-de-tete-rousse-fermes-la-voie-norm\/#primaryimage\",\"url\":\"https:\/\/lefouduvoyage.fr\/blog\/wp-content\/uploads\/2026\/08\/pexels_lefouduvoyage_fr_8618_30514668-scaled.jpg\",\"contentUrl\":\"https:\/\/lefouduvoyage.fr\/blog\/wp-content\/uploads\/2026\/08\/pexels_lefouduvoyage_fr_8618_30514668-scaled.jpg\",\"width\":1200,\"height\":795,\"caption\":\"A stunning view of Chamonix mountains covered in snow, under a clear blue sky.\"},{\"@type\":\"WebSite\",\"@id\":\"https:\/\/lefouduvoyage.fr\/blog\/#website\",\"url\":\"https:\/\/lefouduvoyage.fr\/blog\/\",\"name\":\"Le Fou du Voyage\",\"description\":\"Le Fou du Voyage, l&#039;aventure sans limites\",\"publisher\":{\"@id\":\"https:\/\/lefouduvoyage.fr\/blog\/#organization\"},\"alternateName\":\"Le Fou du Voyage, l'aventure sans limites\",\"potentialAction\":[{\"@type\":\"SearchAction\",\"target\":{\"@type\":\"EntryPoint\",\"urlTemplate\":\"https:\/\/lefouduvoyage.fr\/blog\/?s={search_term_string}\"},\"query-input\":{\"@type\":\"PropertyValueSpecification\",\"valueRequired\":true,\"valueName\":\"search_term_string\"}}],\"inLanguage\":\"fr-FR\"},{\"@type\":\"Organization\",\"@id\":\"https:\/\/lefouduvoyage.fr\/blog\/#organization\",\"name\":\"Le Fou du Voyage\",\"alternateName\":\"Le Fou du Voyage\",\"url\":\"https:\/\/lefouduvoyage.fr\/blog\/\",\"logo\":{\"@type\":\"ImageObject\",\"inLanguage\":\"fr-FR\",\"@id\":\"https:\/\/lefouduvoyage.fr\/blog\/#\/schema\/logo\/image\/\",\"url\":\"https:\/\/lefouduvoyage.fr\/blog\/wp-content\/uploads\/2024\/12\/48.png\",\"contentUrl\":\"https:\/\/lefouduvoyage.fr\/blog\/wp-content\/uploads\/2024\/12\/48.png\",\"width\":500,\"height\":500,\"caption\":\"Le Fou du Voyage\"},\"image\":{\"@id\":\"https:\/\/lefouduvoyage.fr\/blog\/#\/schema\/logo\/image\/\"}},{\"@type\":\"Person\",\"@id\":\"https:\/\/lefouduvoyage.fr\/blog\/#\/schema\/person\/c0ae6942e0cc8b6ebd58dada6ee6c2af\",\"name\":\"Antoine Bernard\",\"image\":{\"@type\":\"ImageObject\",\"inLanguage\":\"fr-FR\",\"@id\":\"https:\/\/lefouduvoyage.fr\/blog\/#\/schema\/person\/image\/\",\"url\":\"https:\/\/secure.gravatar.com\/avatar\/?s=96&d=mm&r=g\",\"contentUrl\":\"https:\/\/secure.gravatar.com\/avatar\/?s=96&d=mm&r=g\",\"caption\":\"Antoine Bernard\"},\"description\":\"Blogueur sp\u00e9cialis\u00e9 en aventures extr\u00eames et sports de plein air. Antoine propose des articles sur les activit\u00e9s aventureuses, les \u00e9quipements n\u00e9cessaires et les destinations id\u00e9ales pour les amateurs de sensations fortes.\",\"url\":\"https:\/\/lefouduvoyage.fr\/blog\/auteur\/antoine-bernard\/\",\"jobTitle\":\"Contributeur m\u00e9canique\",\"email\":\"antoine.bernard@autosmythiques57.fr\"}]}<\/script>\n<!-- \/ Yoast SEO Premium plugin. -->","yoast_head_json":{"title":"Mont Blanc : les refuges du Go\u00fbter et de T\u00eate Rousse ferm\u00e9s, la voie normale \u00e0 l'arr\u00eat \u2014 ce que \u00e7a change si vous aviez r\u00e9serv\u00e9","description":"La voie normale du mont Blanc est \u00e0 l'arr\u00eat : les refuges de T\u00eate Rousse et du Go\u00fbter sont ferm\u00e9s par arr\u00eat\u00e9 municipal depuis le mardi 11 ao\u00fbt, et aucune","robots":{"index":"index","follow":"follow","max-snippet":"max-snippet:-1","max-image-preview":"max-image-preview:large","max-video-preview":"max-video-preview:-1"},"canonical":"https:\/\/lefouduvoyage.fr\/blog\/conseils-de-voyage\/mont-blanc-les-refuges-du-gouter-et-de-tete-rousse-fermes-la-voie-norm\/","og_locale":"fr_FR","og_type":"article","og_title":"Mont Blanc : les refuges du Go\u00fbter et de T\u00eate Rousse ferm\u00e9s, la voie normale \u00e0 l'arr\u00eat \u2014 ce que \u00e7a change si vous aviez r\u00e9serv\u00e9","og_description":"La voie normale du mont Blanc est \u00e0 l'arr\u00eat : les refuges de T\u00eate Rousse et du Go\u00fbter sont ferm\u00e9s par arr\u00eat\u00e9 municipal depuis le mardi 11 ao\u00fbt, et aucune","og_url":"https:\/\/lefouduvoyage.fr\/blog\/conseils-de-voyage\/mont-blanc-les-refuges-du-gouter-et-de-tete-rousse-fermes-la-voie-norm\/","og_site_name":"lefouduvoyage","og_image":[{"url":"https:\/\/i.ytimg.com\/vi\/Z_Z4eE5Yodo\/hqdefault.jpg","type":"","width":"","height":""}],"author":"Antoine Bernard","twitter_card":"summary_large_image","schema":{"@context":"https:\/\/schema.org","@graph":[{"@type":"NewsArticle","@id":"https:\/\/lefouduvoyage.fr\/blog\/conseils-de-voyage\/mont-blanc-les-refuges-du-gouter-et-de-tete-rousse-fermes-la-voie-norm\/#article","isPartOf":{"@id":"https:\/\/lefouduvoyage.fr\/blog\/conseils-de-voyage\/mont-blanc-les-refuges-du-gouter-et-de-tete-rousse-fermes-la-voie-norm\/"},"author":{"name":"Antoine Bernard","@id":"https:\/\/lefouduvoyage.fr\/blog\/#\/schema\/person\/c0ae6942e0cc8b6ebd58dada6ee6c2af"},"headline":"Mont Blanc : les refuges du Go\u00fbter et de T\u00eate Rousse ferm\u00e9s, la voie normale \u00e0 l&rsquo;arr\u00eat \u2014 ce que \u00e7a change si vous aviez r\u00e9serv\u00e9","datePublished":"2026-08-17T09:13:44+00:00","mainEntityOfPage":{"@id":"https:\/\/lefouduvoyage.fr\/blog\/conseils-de-voyage\/mont-blanc-les-refuges-du-gouter-et-de-tete-rousse-fermes-la-voie-norm\/"},"wordCount":1296,"commentCount":0,"publisher":{"@id":"https:\/\/lefouduvoyage.fr\/blog\/#organization"},"image":{"@id":"https:\/\/lefouduvoyage.fr\/blog\/conseils-de-voyage\/mont-blanc-les-refuges-du-gouter-et-de-tete-rousse-fermes-la-voie-norm\/#primaryimage"},"thumbnailUrl":"https:\/\/lefouduvoyage.fr\/blog\/wp-content\/uploads\/2026\/08\/pexels_lefouduvoyage_fr_8618_30514668-scaled.jpg","articleSection":["Conseils de Voyage"],"inLanguage":"fr-FR","potentialAction":[{"@type":"CommentAction","name":"Comment","target":["https:\/\/lefouduvoyage.fr\/blog\/conseils-de-voyage\/mont-blanc-les-refuges-du-gouter-et-de-tete-rousse-fermes-la-voie-norm\/#respond"]}]},{"@type":"WebPage","@id":"https:\/\/lefouduvoyage.fr\/blog\/conseils-de-voyage\/mont-blanc-les-refuges-du-gouter-et-de-tete-rousse-fermes-la-voie-norm\/","url":"https:\/\/lefouduvoyage.fr\/blog\/conseils-de-voyage\/mont-blanc-les-refuges-du-gouter-et-de-tete-rousse-fermes-la-voie-norm\/","name":"Mont Blanc : les refuges du Go\u00fbter et de T\u00eate Rousse ferm\u00e9s, la voie normale \u00e0 l'arr\u00eat \u2014 ce que \u00e7a change si vous aviez r\u00e9serv\u00e9","isPartOf":{"@id":"https:\/\/lefouduvoyage.fr\/blog\/#website"},"primaryImageOfPage":{"@id":"https:\/\/lefouduvoyage.fr\/blog\/conseils-de-voyage\/mont-blanc-les-refuges-du-gouter-et-de-tete-rousse-fermes-la-voie-norm\/#primaryimage"},"image":{"@id":"https:\/\/lefouduvoyage.fr\/blog\/conseils-de-voyage\/mont-blanc-les-refuges-du-gouter-et-de-tete-rousse-fermes-la-voie-norm\/#primaryimage"},"thumbnailUrl":"https:\/\/lefouduvoyage.fr\/blog\/wp-content\/uploads\/2026\/08\/pexels_lefouduvoyage_fr_8618_30514668-scaled.jpg","datePublished":"2026-08-17T09:13:44+00:00","description":"La voie normale du mont Blanc est \u00e0 l'arr\u00eat : les refuges de T\u00eate Rousse et du Go\u00fbter sont ferm\u00e9s par arr\u00eat\u00e9 municipal depuis le mardi 11 ao\u00fbt, et aucune","inLanguage":"fr-FR","potentialAction":[{"@type":"ReadAction","target":["https:\/\/lefouduvoyage.fr\/blog\/conseils-de-voyage\/mont-blanc-les-refuges-du-gouter-et-de-tete-rousse-fermes-la-voie-norm\/"]}]},{"@type":"ImageObject","inLanguage":"fr-FR","@id":"https:\/\/lefouduvoyage.fr\/blog\/conseils-de-voyage\/mont-blanc-les-refuges-du-gouter-et-de-tete-rousse-fermes-la-voie-norm\/#primaryimage","url":"https:\/\/lefouduvoyage.fr\/blog\/wp-content\/uploads\/2026\/08\/pexels_lefouduvoyage_fr_8618_30514668-scaled.jpg","contentUrl":"https:\/\/lefouduvoyage.fr\/blog\/wp-content\/uploads\/2026\/08\/pexels_lefouduvoyage_fr_8618_30514668-scaled.jpg","width":1200,"height":795,"caption":"A stunning view of Chamonix mountains covered in snow, under a clear blue sky."},{"@type":"WebSite","@id":"https:\/\/lefouduvoyage.fr\/blog\/#website","url":"https:\/\/lefouduvoyage.fr\/blog\/","name":"Le Fou du Voyage","description":"Le Fou du Voyage, l&#039;aventure sans limites","publisher":{"@id":"https:\/\/lefouduvoyage.fr\/blog\/#organization"},"alternateName":"Le Fou du Voyage, l'aventure sans limites","potentialAction":[{"@type":"SearchAction","target":{"@type":"EntryPoint","urlTemplate":"https:\/\/lefouduvoyage.fr\/blog\/?s={search_term_string}"},"query-input":{"@type":"PropertyValueSpecification","valueRequired":true,"valueName":"search_term_string"}}],"inLanguage":"fr-FR"},{"@type":"Organization","@id":"https:\/\/lefouduvoyage.fr\/blog\/#organization","name":"Le Fou du Voyage","alternateName":"Le Fou du Voyage","url":"https:\/\/lefouduvoyage.fr\/blog\/","logo":{"@type":"ImageObject","inLanguage":"fr-FR","@id":"https:\/\/lefouduvoyage.fr\/blog\/#\/schema\/logo\/image\/","url":"https:\/\/lefouduvoyage.fr\/blog\/wp-content\/uploads\/2024\/12\/48.png","contentUrl":"https:\/\/lefouduvoyage.fr\/blog\/wp-content\/uploads\/2024\/12\/48.png","width":500,"height":500,"caption":"Le Fou du Voyage"},"image":{"@id":"https:\/\/lefouduvoyage.fr\/blog\/#\/schema\/logo\/image\/"}},{"@type":"Person","@id":"https:\/\/lefouduvoyage.fr\/blog\/#\/schema\/person\/c0ae6942e0cc8b6ebd58dada6ee6c2af","name":"Antoine Bernard","image":{"@type":"ImageObject","inLanguage":"fr-FR","@id":"https:\/\/lefouduvoyage.fr\/blog\/#\/schema\/person\/image\/","url":"https:\/\/secure.gravatar.com\/avatar\/?s=96&d=mm&r=g","contentUrl":"https:\/\/secure.gravatar.com\/avatar\/?s=96&d=mm&r=g","caption":"Antoine Bernard"},"description":"Blogueur sp\u00e9cialis\u00e9 en aventures extr\u00eames et sports de plein air. Antoine propose des articles sur les activit\u00e9s aventureuses, les \u00e9quipements n\u00e9cessaires et les destinations id\u00e9ales pour les amateurs de sensations fortes.","url":"https:\/\/lefouduvoyage.fr\/blog\/auteur\/antoine-bernard\/","jobTitle":"Contributeur m\u00e9canique","email":"antoine.bernard@autosmythiques57.fr"}]}},"_links":{"self":[{"href":"https:\/\/lefouduvoyage.fr\/blog\/wp-json\/wp\/v2\/posts\/8618","targetHints":{"allow":["GET"]}}],"collection":[{"href":"https:\/\/lefouduvoyage.fr\/blog\/wp-json\/wp\/v2\/posts"}],"about":[{"href":"https:\/\/lefouduvoyage.fr\/blog\/wp-json\/wp\/v2\/types\/post"}],"author":[{"embeddable":true,"href":"https:\/\/lefouduvoyage.fr\/blog\/wp-json\/wp\/v2\/users\/42"}],"replies":[{"embeddable":true,"href":"https:\/\/lefouduvoyage.fr\/blog\/wp-json\/wp\/v2\/comments?post=8618"}],"version-history":[{"count":0,"href":"https:\/\/lefouduvoyage.fr\/blog\/wp-json\/wp\/v2\/posts\/8618\/revisions"}],"wp:featuredmedia":[{"embeddable":true,"href":"https:\/\/lefouduvoyage.fr\/blog\/wp-json\/wp\/v2\/media\/8619"}],"wp:attachment":[{"href":"https:\/\/lefouduvoyage.fr\/blog\/wp-json\/wp\/v2\/media?parent=8618"}],"wp:term":[{"taxonomy":"category","embeddable":true,"href":"https:\/\/lefouduvoyage.fr\/blog\/wp-json\/wp\/v2\/categories?post=8618"},{"taxonomy":"post_tag","embeddable":true,"href":"https:\/\/lefouduvoyage.fr\/blog\/wp-json\/wp\/v2\/tags?post=8618"}],"curies":[{"name":"wp","href":"https:\/\/api.w.org\/{rel}","templated":true}]}}