{"id":8606,"date":"2026-08-03T23:01:17","date_gmt":"2026-08-03T21:01:17","guid":{"rendered":"https:\/\/lefouduvoyage.fr\/blog\/conseils-de-voyage\/foudre-gr10-cauterets-orage-montagne-reflexes\/"},"modified":"2026-08-06T22:41:25","modified_gmt":"2026-08-06T20:41:25","slug":"foudre-gr10-cauterets-orage-montagne-reflexes","status":"publish","type":"post","link":"https:\/\/lefouduvoyage.fr\/blog\/conseils-de-voyage\/foudre-gr10-cauterets-orage-montagne-reflexes\/","title":{"rendered":"Deux randonneurs foudroy\u00e9s sur le GR10 \u00e0 Cauterets : ce que tout marcheur doit retenir"},"content":{"rendered":"<p><strong>Un enfant de 14 ans et un homme de 21 ans ont \u00e9t\u00e9 foudroy\u00e9s ce lundi 3 ao\u00fbt 2026 sur le GR10, sous la Hourquette d&rsquo;Ossoue, entre le refuge des Oulettes de Gaube et le refuge de Bayssellance, sur la commune de Cauterets (Hautes-Pyr\u00e9n\u00e9es), vers 2 700 m\u00e8tres d&rsquo;altitude. \u00c9vacu\u00e9s en h\u00e9licopt\u00e8re par le PGHM vers l&rsquo;h\u00f4pital de Tarbes, les deux randonneurs sont, depuis le mardi 4 ao\u00fbt, \u00ab conscients et hospitalis\u00e9s en \u00e9tat stable \u00bb selon le parquet de Tarbes : leur pronostic vital n&rsquo;est plus engag\u00e9. Bilan actualis\u00e9 le 6 ao\u00fbt \u00e0 22 h.<\/strong><\/p>\n<p><!-- maj-6aout-22h --><\/p>\n<h2>Mise \u00e0 jour du mardi 4 ao\u00fbt : le pronostic vital n&rsquo;est plus engag\u00e9<\/h2>\n<p>Le bilan a \u00e9volu\u00e9 favorablement. \u00ab Les deux victimes sont conscientes et hospitalis\u00e9es en \u00e9tat stable \u00bb, a \u00e9crit le parquet de Tarbes mardi 4 ao\u00fbt \u00e0 la mi-journ\u00e9e, cit\u00e9 par <a href=\"https:\/\/www.franceinfo.fr\/faits-divers\/accident\/le-pronostic-vital-des-deux-randonneurs-foudroyes-dans-les-hautes-pyrenees-n-est-plus-engage_8134361.html\" rel=\"nofollow\">franceinfo<\/a> (article du 4 ao\u00fbt, 12 h 59, mis \u00e0 jour \u00e0 16 h 28) et <a href=\"https:\/\/www.ici.fr\/occitanie\/hautes-pyrenees-65\/cauterets\/foudroyes-sur-le-gr10-a-cauterets-les-deux-victimes-dans-un-etat-stable-4322451\" rel=\"nofollow\">ici B\u00e9arn Bigorre<\/a> (4 ao\u00fbt, 12 h 22). \u00ab Leur pronostic vital n&rsquo;est pas engag\u00e9 \u00bb, poursuit le minist\u00e8re public, \u00ab mais les m\u00e9decins ne peuvent pas se prononcer \u00e0 ce stade sur les cons\u00e9quences exactes \u00bb qui pourront \u00eatre constat\u00e9es apr\u00e8s le suivi des soins.<\/p>\n<p>Selon le major Jean-Michel Rod\u00e9, du PGHM, cit\u00e9 par <a href=\"https:\/\/www.ici.fr\/occitanie\/hautes-pyrenees-65\/cauterets\/circonstances-blessures-ce-que-l-on-sait-sur-les-deux-randonneurs-touches-par-la-foudre-dans-les-hautes-pyrenees-1114638\" rel=\"nofollow\">ici B\u00e9arn Bigorre<\/a> (4 ao\u00fbt, 17 h 36), les deux randonneurs ont \u00e9t\u00e9 \u00e9lectris\u00e9s \u00ab avec pour cons\u00e9quence une perte de connaissance initiale pour l&rsquo;un et une perte de mobilit\u00e9-sensibilit\u00e9 sur un membre inf\u00e9rieur pour l&rsquo;autre \u00bb. Le parquet de Tarbes n&rsquo;ouvre pas d&rsquo;enqu\u00eate, \u00ab en l&rsquo;absence d&rsquo;infraction p\u00e9nale \u00bb, s&rsquo;agissant de \u00ab ph\u00e9nom\u00e8nes naturels et accidentels \u00bb ; aucune imprudence particuli\u00e8re n&rsquo;a \u00e9t\u00e9 constat\u00e9e, et l&rsquo;intensit\u00e9 du ph\u00e9nom\u00e8ne orageux n&rsquo;avait pas \u00e9t\u00e9 \u00ab annonc\u00e9e \u00bb par les bulletins m\u00e9t\u00e9orologiques, \u00ab m\u00eame si des orages avaient \u00e9t\u00e9 signal\u00e9s \u00bb.<\/p>\n<p>Le drame s&rsquo;est produit sur l&rsquo;une des \u00e9tapes les plus hautes du GR10, alors que le d\u00e9partement n&rsquo;\u00e9tait plac\u00e9 qu&rsquo;en vigilance jaune orages. Une r\u00e9alit\u00e9 que tout marcheur doit int\u00e9grer : le danger de foudre n&rsquo;attend pas la vigilance orange.<\/p>\n<h2>Ce que l&rsquo;on sait, source par source<\/h2>\n<p>Selon France 3 Occitanie (article publi\u00e9 le 3 ao\u00fbt \u00e0 19 h 43), deux familles randonnaient ensemble lorsque la foudre a frapp\u00e9 deux membres du groupe : un enfant de 14 ans, touch\u00e9 \u00e0 la t\u00eate, et un homme de 21 ans, atteint au thorax. Un de leurs t\u00e9l\u00e9phones a \u00e9mis un signal de secours par satellite, et un membre du groupe est descendu au refuge des Oulettes de Gaube pour alerter le PGHM (peloton de gendarmerie de haute montagne). La Semaine des Pyr\u00e9n\u00e9es \u00e9voque de son c\u00f4t\u00e9 un groupe de 15 personnes ; les deux descriptions ne sont pas incompatibles, nous les rapportons telles quelles. Depuis le mardi 4 ao\u00fbt, ici B\u00e9arn Bigorre parle d&rsquo;\u00ab un groupe d&rsquo;une quinzaine de personnes \u00bb, toutes indemnes \u00e0 l&rsquo;exception des deux victimes \u2014 nous conservons ces versions sans trancher.<\/p>\n<p>Sur l&rsquo;heure de l&rsquo;alerte, les r\u00e9dactions divergent l\u00e9g\u00e8rement : France 3 \u00e9crit que l&rsquo;h\u00e9licopt\u00e8re du PGHM a \u00e9t\u00e9 \u00ab alert\u00e9 \u00e0 15h36 \u00bb, quand ici B\u00e9arn Bigorre (publi\u00e9 \u00e0 18 h 25, mis \u00e0 jour \u00e0 21 h 02) la situe \u00ab un peu avant 16h \u00bb. L&rsquo;h\u00e9licopt\u00e8re \u2014 deux membres d&rsquo;\u00e9quipage, deux secouristes, un m\u00e9decin du SAMU en montagne \u2014 a \u00e9vacu\u00e9 les victimes vers l&rsquo;h\u00f4pital de Tarbes avant que la m\u00e9t\u00e9o ne se d\u00e9grade \u00e0 nouveau.<\/p>\n<p>Au moment o\u00f9 nous \u00e9crivons ces lignes (lundi 3 ao\u00fbt, 23 h), aucune source ne fait \u00e9tat d&rsquo;un d\u00e9c\u00e8s : le pronostic vital des deux randonneurs \u00ab \u00e9tait encore engag\u00e9 lundi soir, dans l&rsquo;attente d&rsquo;examens compl\u00e9mentaires \u00bb, \u00e9crivait La Semaine des Pyr\u00e9n\u00e9es dans un article publi\u00e9 \u00e0 21 h 45. Ce bilan est d\u00e9pass\u00e9 : voir la mise \u00e0 jour du mardi 4 ao\u00fbt en t\u00eate d&rsquo;article.<\/p>\n<div class=\"pw-en-bref\" style=\"background:#f2f6f9;border-left:4px solid #2c6e91;padding:16px 20px;margin:24px 0;\">\n<p style=\"margin-top:0;\"><strong>En bref<\/strong><\/p>\n<ul style=\"margin-bottom:0;\">\n<li><strong>2 victimes<\/strong> : un enfant de 14 ans (touch\u00e9 \u00e0 la t\u00eate) et un homme de 21 ans (touch\u00e9 au thorax) ; en pronostic vital engag\u00e9 lundi soir, ils sont depuis le mardi 4 ao\u00fbt \u00ab conscients et hospitalis\u00e9s en \u00e9tat stable \u00bb (parquet de Tarbes).<\/li>\n<li><strong>2 734 m<\/strong> : l&rsquo;altitude de la Hourquette d&rsquo;Ossoue, point culminant du GR10, sous laquelle la foudre a frapp\u00e9.<\/li>\n<li><strong>15h36 ou \u00ab peu avant 16 h \u00bb<\/strong> : l&rsquo;heure de l&rsquo;alerte selon les sources (France 3 \/ ici B\u00e9arn Bigorre).<\/li>\n<li><strong>Environ 100 personnes<\/strong> sont foudroy\u00e9es chaque ann\u00e9e en France, rappelle ici B\u00e9arn Bigorre.<\/li>\n<\/ul>\n<\/div>\n<h2>Oulettes de Gaube \u2013 Bayssellance : le toit du GR10<\/h2>\n<p>Le lieu de l&rsquo;accident n&rsquo;est pas un sentier anodin. La Hourquette d&rsquo;Ossoue, \u00e0 2 734 m\u00e8tres d&rsquo;altitude, est le point culminant de tout le GR10. Ce passage relie le refuge des Oulettes de Gaube (2 151 m), face \u00e0 la face nord du Vignemale, au refuge de Bayssellance (2 651 m), sur une \u00e9tape classique tr\u00e8s parcourue en ao\u00fbt.<\/p>\n<p>Cette portion cumule tout ce qui complique la gestion d&rsquo;un orage : une longue mont\u00e9e au-dessus de 2 500 m\u00e8tres, un terrain min\u00e9ral d\u00e9couvert, aucun abri entre les deux refuges, et un passage du col qui tombe souvent en milieu d&rsquo;apr\u00e8s-midi \u2014 le cr\u00e9neau exact des orages d&rsquo;\u00e9t\u00e9 en montagne. Les victimes ont \u00e9t\u00e9 frapp\u00e9es vers 2 700 m\u00e8tres, sous le col.<\/p>\n<h2>Vigilance jaune ne veut pas dire risque faible<\/h2>\n<p>C&rsquo;est l&rsquo;enseignement le plus important de cette journ\u00e9e : lundi, les Hautes-Pyr\u00e9n\u00e9es \u00e9taient en vigilance jaune orages \u2014 pas orange \u2014, comme le souligne aussi La Semaine des Pyr\u00e9n\u00e9es. Beaucoup de marcheurs lisent le jaune comme un quasi feu vert ; c&rsquo;est une erreur. Le jaune signale un ph\u00e9nom\u00e8ne dangereux possible mais localis\u00e9 : si la cellule \u00e9clate au-dessus du col que vous franchissez, la couleur de la carte ne change rien \u00e0 la violence de l&rsquo;impact.<\/p>\n<p>La journ\u00e9e de lundi \u00e9tait d&rsquo;ailleurs orageuse sur une large partie du pays, comme le d\u00e9taille <a href=\"https:\/\/france-actu.eu\/blog\/actualites-nationales\/orages-vigilance-orange-3-aout-2026-canicule-27-departements\/\">le point vigilance du jour<\/a>. Et l&rsquo;\u00e9pisode n&rsquo;est pas termin\u00e9 : au bulletin national de 22 h 03, 57 d\u00e9partements \u00e9taient encore annonc\u00e9s en jaune orages pour la journ\u00e9e de mardi. Ces m\u00eames cellules orageuses font aussi des d\u00e9g\u00e2ts en plaine, notamment par la gr\u00eale \u2014 nous avons d\u00e9taill\u00e9 <a href=\"https:\/\/jardingue.org\/blog\/amenagement-du-jardin\/grele-assurance-habitation-jardin-delai-declaration\/\">ce que l&rsquo;assurance habitation couvre apr\u00e8s un orage de gr\u00eale<\/a>.<\/p>\n<p>En altitude, la bonne d\u00e9cision se prend sur l&rsquo;horaire et sur le ciel, pas seulement sur la couleur de la carte : partir t\u00f4t, basculer les cols avant la mi-journ\u00e9e, interroger le gardien de refuge la veille et accepter de renoncer si les cumulus bourgeonnent.<\/p>\n<h2>Orage en montagne : les r\u00e9flexes officiels<\/h2>\n<p>M\u00e9t\u00e9o-France consacre une page \u00e0 la conduite \u00e0 tenir en cas d&rsquo;orage, avec un volet montagne ; la commission m\u00e9dicale de la F\u00e9d\u00e9ration fran\u00e7aise de randonn\u00e9e, cit\u00e9e par ici B\u00e9arn Bigorre, la compl\u00e8te. En r\u00e9sum\u00e9 :<\/p>\n<table>\n<thead>\n<tr>\n<th>\u00c0 faire<\/th>\n<th>\u00c0 \u00e9viter<\/th>\n<\/tr>\n<\/thead>\n<tbody>\n<tr>\n<td>Fuir les ar\u00eates et les sommets, descendre le plus bas et le plus vite possible<\/td>\n<td>Rester sur un col, une cr\u00eate ou un point haut<\/td>\n<\/tr>\n<tr>\n<td>S&rsquo;accroupir pieds joints, si possible sur un mat\u00e9riau isolant (corde, sac sans armature m\u00e9tallique)<\/td>\n<td>S&rsquo;allonger au sol, s&rsquo;appuyer contre une paroi ou courir<\/td>\n<\/tr>\n<tr>\n<td>\u00c9carter les objets m\u00e9talliques : b\u00e2tons, piolets, crampons<\/td>\n<td>Garder un b\u00e2ton, un piolet ou un parapluie \u00e0 la main<\/td>\n<\/tr>\n<tr>\n<td>S&rsquo;espacer d&rsquo;au moins 5 m\u00e8tres entre membres du groupe<\/td>\n<td>Se regrouper serr\u00e9s les uns contre les autres<\/td>\n<\/tr>\n<tr>\n<td>Chercher une grotte ou un abri en dur, \u00e0 distance des parois<\/td>\n<td>S&rsquo;abriter sous un arbre isol\u00e9 ou un surplomb<\/td>\n<\/tr>\n<\/tbody>\n<\/table>\n<h2>Un signal satellite au c\u0153ur de l&rsquo;alerte<\/h2>\n<p>D\u00e9tail marquant du r\u00e9cit de France 3 : l&rsquo;un des t\u00e9l\u00e9phones du groupe a \u00e9mis un signal de secours par satellite. Les sources ne pr\u00e9cisent ni l&rsquo;appareil ni le dispositif, nous nous en tenons au fait brut. Il dit n\u00e9anmoins quelque chose d&rsquo;utile : au-dessus de 2 500 m\u00e8tres, la couverture mobile est al\u00e9atoire \u2014 l&rsquo;alerte a d&rsquo;ailleurs \u00e9t\u00e9 doubl\u00e9e par un membre du groupe descendu au refuge des Oulettes de Gaube. Ne comptez jamais sur un seul canal : le 112 quand le r\u00e9seau passe, le gardien de refuge, et l&rsquo;itin\u00e9raire annonc\u00e9 \u00e0 un proche avant de partir.<\/p>\n<h2>Questions fr\u00e9quentes<\/h2>\n<details>\n<summary>Le GR10 est-il dangereux en \u00e9t\u00e9 ?<\/summary>\n<p>Le GR10 est balis\u00e9 et jalonn\u00e9 de refuges, mais plusieurs \u00e9tapes, dont Oulettes de Gaube \u2013 Bayssellance, se d\u00e9roulent au-dessus de 2 500 m\u00e8tres, o\u00f9 les orages d&rsquo;\u00e9t\u00e9 sont fr\u00e9quents et violents. Environ 100 personnes sont foudroy\u00e9es chaque ann\u00e9e en France. D\u00e9part matinal, m\u00e9t\u00e9o consult\u00e9e et capacit\u00e9 de renoncer sont indispensables.<\/p>\n<\/details>\n<details>\n<summary>Comment anticiper un orage avant une \u00e9tape en montagne ?<\/summary>\n<p>Consultez la carte de vigilance de M\u00e9t\u00e9o-France et son bulletin d\u00e9partemental, y compris en jaune : ce niveau signale d\u00e9j\u00e0 un risque r\u00e9el, localis\u00e9. Interrogez les gardiens de refuge et calez les passages de cols le matin : en \u00e9t\u00e9, l&rsquo;orage de montagne \u00e9clate le plus souvent l&rsquo;apr\u00e8s-midi.<\/p>\n<\/details>\n<details>\n<summary>Que faire si l&rsquo;orage me surprend malgr\u00e9 tout ?<\/summary>\n<p>Quittez imm\u00e9diatement cr\u00eates, sommets et cols en descendant le plus vite possible. \u00c9cartez les objets m\u00e9talliques, accroupissez-vous pieds joints sur un mat\u00e9riau isolant, sans vous allonger ni vous appuyer contre une paroi, et espacez le groupe d&rsquo;au moins 5 m\u00e8tres. Une grotte \u00e0 distance des parois est le meilleur abri ; un arbre isol\u00e9 ou un surplomb, le pire.<\/p>\n<\/details>\n<h2>\u00c0 retenir<\/h2>\n<ul>\n<li>Deux randonneurs de 14 et 21 ans foudroy\u00e9s lundi 3 ao\u00fbt sur le GR10 \u00e0 Cauterets ; depuis le mardi 4 ao\u00fbt, leur pronostic vital n&rsquo;est plus engag\u00e9, ils sont conscients et hospitalis\u00e9s dans un \u00e9tat stable (parquet de Tarbes).<\/li>\n<li>Le d\u00e9partement n&rsquo;\u00e9tait qu&rsquo;en vigilance jaune orages : en montagne, le jaune impose d\u00e9j\u00e0 d&rsquo;adapter itin\u00e9raire et horaires.<\/li>\n<li>Le tron\u00e7on Oulettes de Gaube \u2013 Bayssellance culmine \u00e0 la Hourquette d&rsquo;Ossoue (2 734 m), point le plus haut du GR10, sans abri interm\u00e9diaire.<\/li>\n<li>R\u00e9flexes officiels : fuir les points hauts, s&rsquo;accroupir pieds joints, \u00e9carter le m\u00e9tal, espacer le groupe, jamais sous un arbre isol\u00e9.<\/li>\n<\/ul>\n<p><em>Article r\u00e9dig\u00e9 le 3 ao\u00fbt 2026 \u00e0 23 h, mis \u00e0 jour le 6 ao\u00fbt 2026 \u00e0 22 h avec le bilan du parquet de Tarbes du mardi 4 ao\u00fbt. Sources : <a href=\"https:\/\/www.franceinfo.fr\/faits-divers\/accident\/le-pronostic-vital-des-deux-randonneurs-foudroyes-dans-les-hautes-pyrenees-n-est-plus-engage_8134361.html\" rel=\"nofollow\">franceinfo<\/a> (4 ao\u00fbt, 12 h 59, m\u00e0j 16 h 28), <a href=\"https:\/\/www.ici.fr\/occitanie\/hautes-pyrenees-65\/cauterets\/foudroyes-sur-le-gr10-a-cauterets-les-deux-victimes-dans-un-etat-stable-4322451\" rel=\"nofollow\">ici B\u00e9arn Bigorre<\/a> (4 ao\u00fbt, 12 h 22 et 17 h 36), <a href=\"https:\/\/france3-regions.franceinfo.fr\/occitanie\/hautes-pyrenees\/tarbes\/orages-deux-personnes-frappees-par-la-foudre-alors-qu-elles-randonnaient-sur-le-gr10-dans-les-hautes-pyrenees-3396355.html\" rel=\"nofollow\">France 3 Occitanie<\/a> (19 h 43), <a href=\"https:\/\/www.ici.fr\/occitanie\/hautes-pyrenees-65\/cauterets\/foudroyes-sur-le-gr10-a-cauterets-un-enfant-de-14-ans-et-un-homme-de-21-ans-au-pronostic-vital-engage-2409917\" rel=\"nofollow\">ici B\u00e9arn Bigorre<\/a> (3 ao\u00fbt, 18 h 25, m\u00e0j 21 h 02), <a href=\"https:\/\/www.lasemainedespyrenees.fr\/hautes-pyrenees-deux-jeunes-randonneurs-foudroyes-au-dessus-de-cauterets-pronostics-vitaux-engages\/\" rel=\"nofollow\">La Semaine des Pyr\u00e9n\u00e9es<\/a> (21 h 45), <a href=\"https:\/\/meteofrance.com\/comprendre-la-vigilance\/orages-quels-dangers-et-comment-sen-proteger\" rel=\"nofollow\">M\u00e9t\u00e9o-France<\/a>, <a href=\"https:\/\/vigilance.meteofrance.fr\/fr\" rel=\"nofollow\">vigilance M\u00e9t\u00e9o-France<\/a> (bulletin 22 h 03), <a href=\"https:\/\/fr.wikipedia.org\/wiki\/Hourquette_d%27Ossoue\" rel=\"nofollow\">Wikip\u00e9dia<\/a> (altitudes).<\/em><\/p>\n<p><script type=\"application\/ld+json\">{\"@context\": \"https:\/\/schema.org\", \"@type\": \"FAQPage\", \"mainEntity\": [{\"@type\": \"Question\", \"name\": \"Le GR10 est-il dangereux en \u00e9t\u00e9 ?\", \"acceptedAnswer\": {\"@type\": \"Answer\", \"text\": \"Le GR10 est balis\u00e9 et jalonn\u00e9 de refuges, mais plusieurs \u00e9tapes, dont Oulettes de Gaube \u2013 Bayssellance, se d\u00e9roulent au-dessus de 2 500 m\u00e8tres, o\u00f9 les orages d'\u00e9t\u00e9 sont fr\u00e9quents et violents. Environ 100 personnes sont foudroy\u00e9es chaque ann\u00e9e en France. D\u00e9part matinal, m\u00e9t\u00e9o consult\u00e9e et capacit\u00e9 de renoncer sont indispensables.\"}}, {\"@type\": \"Question\", \"name\": \"Comment anticiper un orage avant une \u00e9tape en montagne ?\", \"acceptedAnswer\": {\"@type\": \"Answer\", \"text\": \"Consultez la carte de vigilance de M\u00e9t\u00e9o-France et son bulletin d\u00e9partemental, y compris en jaune : ce niveau signale d\u00e9j\u00e0 un risque r\u00e9el, localis\u00e9. Interrogez les gardiens de refuge et calez les passages de cols le matin : en \u00e9t\u00e9, l'orage de montagne \u00e9clate le plus souvent l'apr\u00e8s-midi.\"}}, {\"@type\": \"Question\", \"name\": \"Que faire si l'orage me surprend malgr\u00e9 tout ?\", \"acceptedAnswer\": {\"@type\": \"Answer\", \"text\": \"Quittez imm\u00e9diatement cr\u00eates, sommets et cols en descendant le plus vite possible. \u00c9cartez les objets m\u00e9talliques, accroupissez-vous pieds joints sur un mat\u00e9riau isolant, sans vous allonger ni vous appuyer contre une paroi, et espacez le groupe d'au moins 5 m\u00e8tres. Une grotte \u00e0 distance des parois est le meilleur abri ; un arbre isol\u00e9 ou un surplomb, le pire.\"}}]}<\/script><\/p>\n","protected":false},"excerpt":{"rendered":"","protected":false},"author":40,"featured_media":999999999,"comment_status":"open","ping_status":"open","sticky":false,"template":"","format":"standard","meta":{"_acf_changed":false,"manual_indexmenow":false,"indexmenow_id_project":0,"footnotes":""},"categories":[4521],"tags":[],"class_list":["post-8606","post","type-post","status-publish","format-standard","has-post-thumbnail","hentry","category-conseils-de-voyage","generate-columns","tablet-grid-50","mobile-grid-100","grid-parent","grid-25"],"acf":[],"yoast_head":"<!-- This site is optimized with the Yoast SEO Premium plugin v21.3 (Yoast SEO v26.5) - https:\/\/yoast.com\/wordpress\/plugins\/seo\/ -->\n<title>Foudroy\u00e9s sur le GR10 : les r\u00e9flexes qui sauvent en montagne<\/title>\n<meta name=\"description\" content=\"Foudroy\u00e9s sur le GR10 \u00e0 Cauterets : le pronostic vital des deux randonneurs n&#039;est plus engag\u00e9 depuis le 4 ao\u00fbt. Le point v\u00e9rifi\u00e9 et les r\u00e9flexes anti-foudre en montagne.\" \/>\n<meta name=\"robots\" content=\"index, follow, max-snippet:-1, max-image-preview:large, max-video-preview:-1\" \/>\n<link rel=\"canonical\" href=\"https:\/\/lefouduvoyage.fr\/blog\/conseils-de-voyage\/foudre-gr10-cauterets-orage-montagne-reflexes\/\" \/>\n<meta property=\"og:locale\" content=\"fr_FR\" \/>\n<meta property=\"og:type\" content=\"article\" \/>\n<meta property=\"og:title\" content=\"Foudroy\u00e9s sur le GR10 : les r\u00e9flexes qui sauvent en montagne\" \/>\n<meta property=\"og:description\" content=\"Foudroy\u00e9s sur le GR10 \u00e0 Cauterets : le pronostic vital des deux randonneurs n&#039;est plus engag\u00e9 depuis le 4 ao\u00fbt. Le point v\u00e9rifi\u00e9 et les r\u00e9flexes anti-foudre en montagne.\" \/>\n<meta property=\"og:url\" content=\"https:\/\/lefouduvoyage.fr\/blog\/conseils-de-voyage\/foudre-gr10-cauterets-orage-montagne-reflexes\/\" \/>\n<meta property=\"og:site_name\" content=\"lefouduvoyage\" \/>\n<meta property=\"og:image\" content=\"https:\/\/images.pexels.com\/photos\/13444722\/pexels-photo-13444722.jpeg?auto=compress&cs=tinysrgb&fit=crop&h=627&w=1200\" \/>\n<meta name=\"author\" content=\"Julien Sauvageot\" \/>\n<meta name=\"twitter:card\" content=\"summary_large_image\" \/>\n<script type=\"application\/ld+json\" class=\"yoast-schema-graph\">{\"@context\":\"https:\/\/schema.org\",\"@graph\":[{\"@type\":\"NewsArticle\",\"@id\":\"https:\/\/lefouduvoyage.fr\/blog\/conseils-de-voyage\/foudre-gr10-cauterets-orage-montagne-reflexes\/#article\",\"isPartOf\":{\"@id\":\"https:\/\/lefouduvoyage.fr\/blog\/conseils-de-voyage\/foudre-gr10-cauterets-orage-montagne-reflexes\/\"},\"author\":{\"name\":\"Julien Sauvageot\",\"@id\":\"https:\/\/lefouduvoyage.fr\/blog\/#\/schema\/person\/f97c5e75f63b3ffbee6df924707c77aa\"},\"headline\":\"Deux randonneurs foudroy\u00e9s sur le GR10 \u00e0 Cauterets : ce que tout marcheur doit retenir\",\"datePublished\":\"2026-08-03T21:01:17+00:00\",\"dateModified\":\"2026-08-06T20:41:25+00:00\",\"mainEntityOfPage\":{\"@id\":\"https:\/\/lefouduvoyage.fr\/blog\/conseils-de-voyage\/foudre-gr10-cauterets-orage-montagne-reflexes\/\"},\"wordCount\":1778,\"commentCount\":0,\"publisher\":{\"@id\":\"https:\/\/lefouduvoyage.fr\/blog\/#organization\"},\"image\":{\"@id\":\"https:\/\/lefouduvoyage.fr\/blog\/conseils-de-voyage\/foudre-gr10-cauterets-orage-montagne-reflexes\/#primaryimage\"},\"thumbnailUrl\":\"https:\/\/images.pexels.com\/photos\/13444722\/pexels-photo-13444722.jpeg?auto=compress&cs=tinysrgb&fit=crop&h=627&w=1200\",\"articleSection\":[\"Conseils de Voyage\"],\"inLanguage\":\"fr-FR\",\"potentialAction\":[{\"@type\":\"CommentAction\",\"name\":\"Comment\",\"target\":[\"https:\/\/lefouduvoyage.fr\/blog\/conseils-de-voyage\/foudre-gr10-cauterets-orage-montagne-reflexes\/#respond\"]}]},{\"@type\":\"WebPage\",\"@id\":\"https:\/\/lefouduvoyage.fr\/blog\/conseils-de-voyage\/foudre-gr10-cauterets-orage-montagne-reflexes\/\",\"url\":\"https:\/\/lefouduvoyage.fr\/blog\/conseils-de-voyage\/foudre-gr10-cauterets-orage-montagne-reflexes\/\",\"name\":\"Foudroy\u00e9s sur le GR10 : les r\u00e9flexes qui sauvent en montagne\",\"isPartOf\":{\"@id\":\"https:\/\/lefouduvoyage.fr\/blog\/#website\"},\"primaryImageOfPage\":{\"@id\":\"https:\/\/lefouduvoyage.fr\/blog\/conseils-de-voyage\/foudre-gr10-cauterets-orage-montagne-reflexes\/#primaryimage\"},\"image\":{\"@id\":\"https:\/\/lefouduvoyage.fr\/blog\/conseils-de-voyage\/foudre-gr10-cauterets-orage-montagne-reflexes\/#primaryimage\"},\"thumbnailUrl\":\"https:\/\/images.pexels.com\/photos\/13444722\/pexels-photo-13444722.jpeg?auto=compress&cs=tinysrgb&fit=crop&h=627&w=1200\",\"datePublished\":\"2026-08-03T21:01:17+00:00\",\"dateModified\":\"2026-08-06T20:41:25+00:00\",\"description\":\"Foudroy\u00e9s sur le GR10 \u00e0 Cauterets : le pronostic vital des deux randonneurs n'est plus engag\u00e9 depuis le 4 ao\u00fbt. Le point v\u00e9rifi\u00e9 et les r\u00e9flexes anti-foudre en montagne.\",\"inLanguage\":\"fr-FR\",\"potentialAction\":[{\"@type\":\"ReadAction\",\"target\":[\"https:\/\/lefouduvoyage.fr\/blog\/conseils-de-voyage\/foudre-gr10-cauterets-orage-montagne-reflexes\/\"]}]},{\"@type\":\"ImageObject\",\"inLanguage\":\"fr-FR\",\"@id\":\"https:\/\/lefouduvoyage.fr\/blog\/conseils-de-voyage\/foudre-gr10-cauterets-orage-montagne-reflexes\/#primaryimage\",\"url\":\"https:\/\/images.pexels.com\/photos\/13444722\/pexels-photo-13444722.jpeg?auto=compress&cs=tinysrgb&fit=crop&h=627&w=1200\",\"contentUrl\":\"https:\/\/images.pexels.com\/photos\/13444722\/pexels-photo-13444722.jpeg?auto=compress&cs=tinysrgb&fit=crop&h=627&w=1200\"},{\"@type\":\"WebSite\",\"@id\":\"https:\/\/lefouduvoyage.fr\/blog\/#website\",\"url\":\"https:\/\/lefouduvoyage.fr\/blog\/\",\"name\":\"Le Fou du Voyage\",\"description\":\"Le Fou du Voyage, l&#039;aventure sans limites\",\"publisher\":{\"@id\":\"https:\/\/lefouduvoyage.fr\/blog\/#organization\"},\"alternateName\":\"Le Fou du Voyage, l'aventure sans limites\",\"potentialAction\":[{\"@type\":\"SearchAction\",\"target\":{\"@type\":\"EntryPoint\",\"urlTemplate\":\"https:\/\/lefouduvoyage.fr\/blog\/?s={search_term_string}\"},\"query-input\":{\"@type\":\"PropertyValueSpecification\",\"valueRequired\":true,\"valueName\":\"search_term_string\"}}],\"inLanguage\":\"fr-FR\"},{\"@type\":\"Organization\",\"@id\":\"https:\/\/lefouduvoyage.fr\/blog\/#organization\",\"name\":\"Le Fou du Voyage\",\"alternateName\":\"Le Fou du Voyage\",\"url\":\"https:\/\/lefouduvoyage.fr\/blog\/\",\"logo\":{\"@type\":\"ImageObject\",\"inLanguage\":\"fr-FR\",\"@id\":\"https:\/\/lefouduvoyage.fr\/blog\/#\/schema\/logo\/image\/\",\"url\":\"https:\/\/lefouduvoyage.fr\/blog\/wp-content\/uploads\/2024\/12\/48.png\",\"contentUrl\":\"https:\/\/lefouduvoyage.fr\/blog\/wp-content\/uploads\/2024\/12\/48.png\",\"width\":500,\"height\":500,\"caption\":\"Le Fou du Voyage\"},\"image\":{\"@id\":\"https:\/\/lefouduvoyage.fr\/blog\/#\/schema\/logo\/image\/\"}},{\"@type\":\"Person\",\"@id\":\"https:\/\/lefouduvoyage.fr\/blog\/#\/schema\/person\/f97c5e75f63b3ffbee6df924707c77aa\",\"name\":\"Julien Sauvageot\",\"image\":{\"@type\":\"ImageObject\",\"inLanguage\":\"fr-FR\",\"@id\":\"https:\/\/lefouduvoyage.fr\/blog\/#\/schema\/person\/image\/\",\"url\":\"https:\/\/secure.gravatar.com\/avatar\/?s=96&d=mm&r=g\",\"contentUrl\":\"https:\/\/secure.gravatar.com\/avatar\/?s=96&d=mm&r=g\",\"caption\":\"Julien Sauvageot\"},\"description\":\"Photographe de voyage professionnel, Julien capture la beaut\u00e9 des destinations \u00e0 travers ses photos. Il propose des galeries inspirantes, des conseils pour la photographie de voyage et des r\u00e9cits de ses exp\u00e9ditions.\",\"sameAs\":[\"https:\/\/juliensauvageot.fr\/\"],\"url\":\"https:\/\/lefouduvoyage.fr\/blog\/auteur\/julien-martin\/\"}]}<\/script>\n<!-- \/ Yoast SEO Premium plugin. -->","yoast_head_json":{"title":"Foudroy\u00e9s sur le GR10 : les r\u00e9flexes qui sauvent en montagne","description":"Foudroy\u00e9s sur le GR10 \u00e0 Cauterets : le pronostic vital des deux randonneurs n'est plus engag\u00e9 depuis le 4 ao\u00fbt. Le point v\u00e9rifi\u00e9 et les r\u00e9flexes anti-foudre en montagne.","robots":{"index":"index","follow":"follow","max-snippet":"max-snippet:-1","max-image-preview":"max-image-preview:large","max-video-preview":"max-video-preview:-1"},"canonical":"https:\/\/lefouduvoyage.fr\/blog\/conseils-de-voyage\/foudre-gr10-cauterets-orage-montagne-reflexes\/","og_locale":"fr_FR","og_type":"article","og_title":"Foudroy\u00e9s sur le GR10 : les r\u00e9flexes qui sauvent en montagne","og_description":"Foudroy\u00e9s sur le GR10 \u00e0 Cauterets : le pronostic vital des deux randonneurs n'est plus engag\u00e9 depuis le 4 ao\u00fbt. Le point v\u00e9rifi\u00e9 et les r\u00e9flexes anti-foudre en montagne.","og_url":"https:\/\/lefouduvoyage.fr\/blog\/conseils-de-voyage\/foudre-gr10-cauterets-orage-montagne-reflexes\/","og_site_name":"lefouduvoyage","og_image":[{"url":"https:\/\/images.pexels.com\/photos\/13444722\/pexels-photo-13444722.jpeg?auto=compress&cs=tinysrgb&fit=crop&h=627&w=1200","type":"","width":"","height":""}],"author":"Julien Sauvageot","twitter_card":"summary_large_image","schema":{"@context":"https:\/\/schema.org","@graph":[{"@type":"NewsArticle","@id":"https:\/\/lefouduvoyage.fr\/blog\/conseils-de-voyage\/foudre-gr10-cauterets-orage-montagne-reflexes\/#article","isPartOf":{"@id":"https:\/\/lefouduvoyage.fr\/blog\/conseils-de-voyage\/foudre-gr10-cauterets-orage-montagne-reflexes\/"},"author":{"name":"Julien Sauvageot","@id":"https:\/\/lefouduvoyage.fr\/blog\/#\/schema\/person\/f97c5e75f63b3ffbee6df924707c77aa"},"headline":"Deux randonneurs foudroy\u00e9s sur le GR10 \u00e0 Cauterets : ce que tout marcheur doit retenir","datePublished":"2026-08-03T21:01:17+00:00","dateModified":"2026-08-06T20:41:25+00:00","mainEntityOfPage":{"@id":"https:\/\/lefouduvoyage.fr\/blog\/conseils-de-voyage\/foudre-gr10-cauterets-orage-montagne-reflexes\/"},"wordCount":1778,"commentCount":0,"publisher":{"@id":"https:\/\/lefouduvoyage.fr\/blog\/#organization"},"image":{"@id":"https:\/\/lefouduvoyage.fr\/blog\/conseils-de-voyage\/foudre-gr10-cauterets-orage-montagne-reflexes\/#primaryimage"},"thumbnailUrl":"https:\/\/images.pexels.com\/photos\/13444722\/pexels-photo-13444722.jpeg?auto=compress&cs=tinysrgb&fit=crop&h=627&w=1200","articleSection":["Conseils de Voyage"],"inLanguage":"fr-FR","potentialAction":[{"@type":"CommentAction","name":"Comment","target":["https:\/\/lefouduvoyage.fr\/blog\/conseils-de-voyage\/foudre-gr10-cauterets-orage-montagne-reflexes\/#respond"]}]},{"@type":"WebPage","@id":"https:\/\/lefouduvoyage.fr\/blog\/conseils-de-voyage\/foudre-gr10-cauterets-orage-montagne-reflexes\/","url":"https:\/\/lefouduvoyage.fr\/blog\/conseils-de-voyage\/foudre-gr10-cauterets-orage-montagne-reflexes\/","name":"Foudroy\u00e9s sur le GR10 : les r\u00e9flexes qui sauvent en montagne","isPartOf":{"@id":"https:\/\/lefouduvoyage.fr\/blog\/#website"},"primaryImageOfPage":{"@id":"https:\/\/lefouduvoyage.fr\/blog\/conseils-de-voyage\/foudre-gr10-cauterets-orage-montagne-reflexes\/#primaryimage"},"image":{"@id":"https:\/\/lefouduvoyage.fr\/blog\/conseils-de-voyage\/foudre-gr10-cauterets-orage-montagne-reflexes\/#primaryimage"},"thumbnailUrl":"https:\/\/images.pexels.com\/photos\/13444722\/pexels-photo-13444722.jpeg?auto=compress&cs=tinysrgb&fit=crop&h=627&w=1200","datePublished":"2026-08-03T21:01:17+00:00","dateModified":"2026-08-06T20:41:25+00:00","description":"Foudroy\u00e9s sur le GR10 \u00e0 Cauterets : le pronostic vital des deux randonneurs n'est plus engag\u00e9 depuis le 4 ao\u00fbt. Le point v\u00e9rifi\u00e9 et les r\u00e9flexes anti-foudre en montagne.","inLanguage":"fr-FR","potentialAction":[{"@type":"ReadAction","target":["https:\/\/lefouduvoyage.fr\/blog\/conseils-de-voyage\/foudre-gr10-cauterets-orage-montagne-reflexes\/"]}]},{"@type":"ImageObject","inLanguage":"fr-FR","@id":"https:\/\/lefouduvoyage.fr\/blog\/conseils-de-voyage\/foudre-gr10-cauterets-orage-montagne-reflexes\/#primaryimage","url":"https:\/\/images.pexels.com\/photos\/13444722\/pexels-photo-13444722.jpeg?auto=compress&cs=tinysrgb&fit=crop&h=627&w=1200","contentUrl":"https:\/\/images.pexels.com\/photos\/13444722\/pexels-photo-13444722.jpeg?auto=compress&cs=tinysrgb&fit=crop&h=627&w=1200"},{"@type":"WebSite","@id":"https:\/\/lefouduvoyage.fr\/blog\/#website","url":"https:\/\/lefouduvoyage.fr\/blog\/","name":"Le Fou du Voyage","description":"Le Fou du Voyage, l&#039;aventure sans limites","publisher":{"@id":"https:\/\/lefouduvoyage.fr\/blog\/#organization"},"alternateName":"Le Fou du Voyage, l'aventure sans limites","potentialAction":[{"@type":"SearchAction","target":{"@type":"EntryPoint","urlTemplate":"https:\/\/lefouduvoyage.fr\/blog\/?s={search_term_string}"},"query-input":{"@type":"PropertyValueSpecification","valueRequired":true,"valueName":"search_term_string"}}],"inLanguage":"fr-FR"},{"@type":"Organization","@id":"https:\/\/lefouduvoyage.fr\/blog\/#organization","name":"Le Fou du Voyage","alternateName":"Le Fou du Voyage","url":"https:\/\/lefouduvoyage.fr\/blog\/","logo":{"@type":"ImageObject","inLanguage":"fr-FR","@id":"https:\/\/lefouduvoyage.fr\/blog\/#\/schema\/logo\/image\/","url":"https:\/\/lefouduvoyage.fr\/blog\/wp-content\/uploads\/2024\/12\/48.png","contentUrl":"https:\/\/lefouduvoyage.fr\/blog\/wp-content\/uploads\/2024\/12\/48.png","width":500,"height":500,"caption":"Le Fou du Voyage"},"image":{"@id":"https:\/\/lefouduvoyage.fr\/blog\/#\/schema\/logo\/image\/"}},{"@type":"Person","@id":"https:\/\/lefouduvoyage.fr\/blog\/#\/schema\/person\/f97c5e75f63b3ffbee6df924707c77aa","name":"Julien Sauvageot","image":{"@type":"ImageObject","inLanguage":"fr-FR","@id":"https:\/\/lefouduvoyage.fr\/blog\/#\/schema\/person\/image\/","url":"https:\/\/secure.gravatar.com\/avatar\/?s=96&d=mm&r=g","contentUrl":"https:\/\/secure.gravatar.com\/avatar\/?s=96&d=mm&r=g","caption":"Julien Sauvageot"},"description":"Photographe de voyage professionnel, Julien capture la beaut\u00e9 des destinations \u00e0 travers ses photos. Il propose des galeries inspirantes, des conseils pour la photographie de voyage et des r\u00e9cits de ses exp\u00e9ditions.","sameAs":["https:\/\/juliensauvageot.fr\/"],"url":"https:\/\/lefouduvoyage.fr\/blog\/auteur\/julien-martin\/"}]}},"_links":{"self":[{"href":"https:\/\/lefouduvoyage.fr\/blog\/wp-json\/wp\/v2\/posts\/8606","targetHints":{"allow":["GET"]}}],"collection":[{"href":"https:\/\/lefouduvoyage.fr\/blog\/wp-json\/wp\/v2\/posts"}],"about":[{"href":"https:\/\/lefouduvoyage.fr\/blog\/wp-json\/wp\/v2\/types\/post"}],"author":[{"embeddable":true,"href":"https:\/\/lefouduvoyage.fr\/blog\/wp-json\/wp\/v2\/users\/40"}],"replies":[{"embeddable":true,"href":"https:\/\/lefouduvoyage.fr\/blog\/wp-json\/wp\/v2\/comments?post=8606"}],"version-history":[{"count":0,"href":"https:\/\/lefouduvoyage.fr\/blog\/wp-json\/wp\/v2\/posts\/8606\/revisions"}],"wp:attachment":[{"href":"https:\/\/lefouduvoyage.fr\/blog\/wp-json\/wp\/v2\/media?parent=8606"}],"wp:term":[{"taxonomy":"category","embeddable":true,"href":"https:\/\/lefouduvoyage.fr\/blog\/wp-json\/wp\/v2\/categories?post=8606"},{"taxonomy":"post_tag","embeddable":true,"href":"https:\/\/lefouduvoyage.fr\/blog\/wp-json\/wp\/v2\/tags?post=8606"}],"curies":[{"name":"wp","href":"https:\/\/api.w.org\/{rel}","templated":true}]}}