{"id":8364,"date":"2026-05-08T09:00:00","date_gmt":"2026-05-08T09:00:00","guid":{"rendered":"https:\/\/lefouduvoyage.fr\/blog\/?p=8364"},"modified":"2026-05-08T09:00:00","modified_gmt":"2026-05-08T09:00:00","slug":"el-chalten","status":"publish","type":"post","link":"https:\/\/lefouduvoyage.fr\/blog\/articles\/el-chalten\/","title":{"rendered":"El Chalt\u00e9n : Guide Voyage Complet 2026"},"content":{"rendered":"<p>El Chalt\u00e9n, village embl\u00e9matique situ\u00e9 au c\u0153ur du parc national Los Glaciares en Argentine, est reconnu comme la capitale du trekking. Avec ses paysages \u00e0 couper le souffle, ses sentiers bien balis\u00e9s et sa proximit\u00e9 avec le mont Fitz Roy, il attire chaque ann\u00e9e des milliers de randonneurs et de passionn\u00e9s de nature. En 2026, ce guide vous aidera \u00e0 d\u00e9couvrir les meilleures options pour profiter pleinement de votre s\u00e9jour dans cette destination unique.<\/p>\n<h2>Pourquoi visiter El Chalt\u00e9n ?<\/h2>\n<p>El Chalt\u00e9n n\u2019est pas seulement un point de d\u00e9part pour les randonn\u00e9es ; c\u2019est aussi un lieu riche en culture et en biodiversit\u00e9. Le village, fond\u00e9 en 1985, a rapidement gagn\u00e9 en popularit\u00e9 gr\u00e2ce \u00e0 son cadre naturel exceptionnel. Voici quelques raisons de le visiter :<\/p>\n<ul>\n<li><strong>Acc\u00e8s aux sentiers<\/strong> : Plus de 80 km de sentiers balis\u00e9s.<\/li>\n<li><strong>Biodiversit\u00e9<\/strong> : Une flore et une faune vari\u00e9es, incluant des condors et des guanacos.<\/li>\n<li><strong>Culture locale<\/strong> : Artisanat et gastronomie patagonienne.<\/li>\n<\/ul>\n<h2>Les meilleures randonn\u00e9es \u00e0 El Chalt\u00e9n<\/h2>\n<h3>1. Sentier vers le Mont Fitz Roy<\/h3>\n<p>Le trek vers le mont Fitz Roy est un incontournable pour tout visiteur. Ce parcours de 12 km aller-retour offre des vues spectaculaires sur les glaciers environnants. La randonn\u00e9e dure environ 6 heures avec un d\u00e9nivel\u00e9 positif de 800 m\u00e8tres.<\/p>\n<h3>2. Laguna de los Tres<\/h3>\n<p>Cette randonn\u00e9e vous m\u00e8ne \u00e0 la lagune situ\u00e9e au pied du Fitz Roy. Pr\u00e9parez-vous pour un effort soutenu : le parcours fait environ 10 km avec un d\u00e9nivel\u00e9 positif d\u2019environ 400 m\u00e8tres. \u00c0 l\u2019arriv\u00e9e, la vue sur la lagune turquoise entour\u00e9e des sommets majestueux est inoubliable.<\/p>\n<h3>3. L\u2019Alternative : Valle del R\u00edo Manso<\/h3>\n<p>Pour ceux qui cherchent une exp\u00e9rience moins fr\u00e9quent\u00e9e, envisagez le Valle del R\u00edo Manso. Bien que moins connu, ce sentier offre des paysages tout aussi magnifiques avec moins de foule.<\/p>\n<table class=\"kwdbank-table\">\n<thead>\n<tr>\n<th>Randonn\u00e9e<\/th>\n<th>Distance (km)<\/th>\n<th>D\u00e9nivel\u00e9 (m)<\/th>\n<th>Dur\u00e9e (heures)<\/th>\n<\/tr>\n<\/thead>\n<tbody>\n<tr>\n<td>Mont Fitz Roy<\/td>\n<td>12<\/td>\n<td>800<\/td>\n<td>6<\/td>\n<\/tr>\n<tr>\n<td>Laguna de los Tres<\/td>\n<td>10<\/td>\n<td>400<\/td>\n<td>4<\/td>\n<\/tr>\n<tr>\n<td>Valle del R\u00edo Manso<\/td>\n<td>15<\/td>\n<td>300<\/td>\n<td>5<\/td>\n<\/tr>\n<\/tbody>\n<\/table>\n<h2>H\u00e9bergement \u00e0 El Chalt\u00e9n<\/h2>\n<h3>Options d\u2019h\u00e9bergement<\/h3>\n<p>Le choix d\u2019h\u00e9bergement peut influencer votre exp\u00e9rience. Voici quelques alternatives populaires :<\/p>\n<ul>\n<li><strong>Auberges de jeunesse<\/strong> : Id\u00e9ales pour les voyageurs au budget limit\u00e9 (\u00e0 partir de 15 USD par nuit).<\/li>\n<li><strong>H\u00f4tels<\/strong> : Des \u00e9tablissements confortables tels que l\u2019H\u00f4tel Los Cerros (\u00e0 partir de 100 USD par nuit).<\/li>\n<li><strong>Camping<\/strong> : Pour les aventuriers, plusieurs campings sont disponibles dans le parc.<\/li>\n<\/ul>\n<h3>Pi\u00e8ge \u00e0 \u00e9viter<\/h3>\n<p>\u00c9vitez de visiter pendant la haute saison (janvier-f\u00e9vrier) si vous recherchez la tranquillit\u00e9. Les sentiers peuvent \u00eatre bond\u00e9s et il est difficile de trouver un h\u00e9bergement abordable.<\/p>\n<h2>Gastronomie locale<\/h2>\n<p>La cuisine d\u2019El Chalt\u00e9n est influenc\u00e9e par ses racines argentines et patagoniennes. Ne manquez pas :<\/p>\n<ul>\n<li><strong>Asado<\/strong> : Viande grill\u00e9e traditionnelle, souvent servie dans les parrillas locales.<\/li>\n<li><strong>Empanadas<\/strong> : P\u00e2tisseries fourr\u00e9es aux viandes ou l\u00e9gumes.<\/li>\n<li><strong>Bi\u00e8res artisanales<\/strong> : Plusieurs brasseries locales proposent des bi\u00e8res faites maison.<\/li>\n<\/ul>\n<h2>Activit\u00e9s compl\u00e9mentaires<\/h2>\n<p>Au-del\u00e0 du trekking, El Chalt\u00e9n propose diverses activit\u00e9s :<\/p>\n<ol>\n<li><strong>Escalade<\/strong> : Pour les amateurs d\u2019escalade, plusieurs sites sont accessibles.<\/li>\n<li><strong>Kayak sur les lacs<\/strong> : Exp\u00e9riences uniques sur le Lago Viedma.<\/li>\n<li><strong>Observation des \u00e9toiles<\/strong> : Profitez d\u2019un ciel d\u00e9gag\u00e9 pour admirer la voie lact\u00e9e.<\/li>\n<\/ol>\n<h2>FAQ<\/h2>\n<h3>Quelles sont les meilleures p\u00e9riodes pour visiter El Chalt\u00e9n ?<\/h3>\n<p>Les mois d\u2019octobre \u00e0 avril offrent les meilleures conditions climatiques pour la randonn\u00e9e.<\/p>\n<h3>Quels \u00e9quipements dois-je pr\u00e9voir pour randonner ?<\/h3>\n<p>Des chaussures adapt\u00e9es, un sac \u00e0 dos l\u00e9ger, des v\u00eatements imperm\u00e9ables et suffisamment d\u2019eau sont essentiels.<\/p>\n<h3>Peut-on faire du camping libre \u00e0 El Chalt\u00e9n ?<\/h3>\n<p>Non, le camping libre est interdit dans le parc national; utilisez les zones d\u00e9sign\u00e9es.<\/p>\n<h3>Y a-t-il des guides disponibles ?<\/h3>\n<p>Oui, plusieurs agences locales offrent des services de guide pour explorer la r\u00e9gion en toute s\u00e9curit\u00e9.<\/p>\n<h3>Est-il n\u00e9cessaire d\u2019avoir une assurance voyage ?<\/h3>\n<p>Il est fortement recommand\u00e9 d\u2019avoir une assurance couvrant les activit\u00e9s en plein air comme la randonn\u00e9e et l\u2019escalade.<\/p>\n<h3>Comment se rendre \u00e0 El Chalt\u00e9n depuis Buenos Aires ?<\/h3>\n<p>Des vols relient Buenos Aires \u00e0 El Calafate ; ensuite, un bus vous emm\u00e8nera directement \u00e0 El Chalt\u00e9n (environ 3 heures).<\/p>\n<p>Visitez El Chalt\u00e9n pour une exp\u00e9rience inoubliable au c\u0153ur de paysages naturels \u00e9poustouflants et d\u2019une culture vibrante ! Planifiez votre voyage d\u00e8s aujourd\u2019hui pour ne pas manquer cette aventure unique en Patagonie.<\/p>\n<hr \/>\n<div class=\"articles-lies\">\n<h3>\u00c0 lire aussi<\/h3>\n<ul>\n<li><a href=\"https:\/\/lefouduvoyage.fr\/blog\/articles\/ile-saint-marie-madagascar\/\">\u00cele Sainte-Marie Madagascar : Guide Voyage 2026<\/a><\/li>\n<li><a href=\"https:\/\/lefouduvoyage.fr\/blog\/articles\/ile-koh-lanta\/\">\u00cele Koh Lanta : Guide Voyage Complet 2026<\/a><\/li>\n<li><a href=\"https:\/\/lefouduvoyage.fr\/blog\/articles\/safari-tanzanie\/\">Safari Tanzanie : Guide complet voyage 2026<\/a><\/li>\n<li><a href=\"https:\/\/lefouduvoyage.fr\/blog\/articles\/printemps-japon\/\">Printemps Japon : Guide Voyage Sakura 2026<\/a><\/li>\n<\/ul>\n<\/div>\n","protected":false},"excerpt":{"rendered":"","protected":false},"author":34,"featured_media":8435,"comment_status":"open","ping_status":"open","sticky":false,"template":"","format":"standard","meta":{"_acf_changed":false,"manual_indexmenow":false,"indexmenow_id_project":0,"footnotes":""},"categories":[5084],"tags":[],"class_list":["post-8364","post","type-post","status-publish","format-standard","has-post-thumbnail","hentry","category-articles","generate-columns","tablet-grid-50","mobile-grid-100","grid-parent","grid-25"],"acf":[],"yoast_head":"<!-- This site is optimized with the Yoast SEO Premium plugin v21.3 (Yoast SEO v26.5) - https:\/\/yoast.com\/wordpress\/plugins\/seo\/ -->\n<title>El Chalt\u00e9n : guide voyage complet et conseils 2026<\/title>\n<meta name=\"description\" content=\"El Chalt\u00e9n, village embl\u00e9matique situ\u00e9 au c\u0153ur du parc national Los Glaciares en Argentine, est reconnu comme la capitale du trekking. Avec ses paysages \u00e0\u2026\" \/>\n<meta name=\"robots\" content=\"index, follow, max-snippet:-1, max-image-preview:large, max-video-preview:-1\" \/>\n<link rel=\"canonical\" href=\"https:\/\/lefouduvoyage.fr\/blog\/articles\/el-chalten\/\" \/>\n<meta property=\"og:locale\" content=\"fr_FR\" \/>\n<meta property=\"og:type\" content=\"article\" \/>\n<meta property=\"og:title\" content=\"El Chalt\u00e9n : guide voyage complet et conseils 2026\" \/>\n<meta property=\"og:description\" content=\"El Chalt\u00e9n, village embl\u00e9matique situ\u00e9 au c\u0153ur du parc national Los Glaciares en Argentine, est reconnu comme la capitale du trekking. Avec ses paysages \u00e0\u2026\" \/>\n<meta property=\"og:url\" content=\"https:\/\/lefouduvoyage.fr\/blog\/articles\/el-chalten\/\" \/>\n<meta property=\"og:site_name\" content=\"lefouduvoyage\" \/>\n<meta name=\"author\" content=\"Camille Rouvray\" \/>\n<meta name=\"twitter:card\" content=\"summary_large_image\" \/>\n<script type=\"application\/ld+json\" class=\"yoast-schema-graph\">{\"@context\":\"https:\/\/schema.org\",\"@graph\":[{\"@type\":\"NewsArticle\",\"@id\":\"https:\/\/lefouduvoyage.fr\/blog\/articles\/el-chalten\/#article\",\"isPartOf\":{\"@id\":\"https:\/\/lefouduvoyage.fr\/blog\/articles\/el-chalten\/\"},\"author\":{\"name\":\"Camille Rouvray\",\"@id\":\"https:\/\/lefouduvoyage.fr\/blog\/#\/schema\/person\/3c864cdc320801e3db34b663e7e3f816\"},\"headline\":\"El Chalt\u00e9n : Guide Voyage Complet 2026\",\"datePublished\":\"2026-05-08T09:00:00+00:00\",\"mainEntityOfPage\":{\"@id\":\"https:\/\/lefouduvoyage.fr\/blog\/articles\/el-chalten\/\"},\"wordCount\":761,\"commentCount\":0,\"publisher\":{\"@id\":\"https:\/\/lefouduvoyage.fr\/blog\/#organization\"},\"image\":{\"@id\":\"https:\/\/lefouduvoyage.fr\/blog\/articles\/el-chalten\/#primaryimage\"},\"thumbnailUrl\":\"https:\/\/lefouduvoyage.fr\/blog\/wp-content\/uploads\/2026\/05\/sdxl-d49e657a464da65b2714abeb9bc68422-scaled.png\",\"articleSection\":[\"Articles\"],\"inLanguage\":\"fr-FR\",\"potentialAction\":[{\"@type\":\"CommentAction\",\"name\":\"Comment\",\"target\":[\"https:\/\/lefouduvoyage.fr\/blog\/articles\/el-chalten\/#respond\"]}]},{\"@type\":\"WebPage\",\"@id\":\"https:\/\/lefouduvoyage.fr\/blog\/articles\/el-chalten\/\",\"url\":\"https:\/\/lefouduvoyage.fr\/blog\/articles\/el-chalten\/\",\"name\":\"El Chalt\u00e9n : guide voyage complet et conseils 2026\",\"isPartOf\":{\"@id\":\"https:\/\/lefouduvoyage.fr\/blog\/#website\"},\"primaryImageOfPage\":{\"@id\":\"https:\/\/lefouduvoyage.fr\/blog\/articles\/el-chalten\/#primaryimage\"},\"image\":{\"@id\":\"https:\/\/lefouduvoyage.fr\/blog\/articles\/el-chalten\/#primaryimage\"},\"thumbnailUrl\":\"https:\/\/lefouduvoyage.fr\/blog\/wp-content\/uploads\/2026\/05\/sdxl-d49e657a464da65b2714abeb9bc68422-scaled.png\",\"datePublished\":\"2026-05-08T09:00:00+00:00\",\"description\":\"El Chalt\u00e9n, village embl\u00e9matique situ\u00e9 au c\u0153ur du parc national Los Glaciares en Argentine, est reconnu comme la capitale du trekking. Avec ses paysages \u00e0\u2026\",\"inLanguage\":\"fr-FR\",\"potentialAction\":[{\"@type\":\"ReadAction\",\"target\":[\"https:\/\/lefouduvoyage.fr\/blog\/articles\/el-chalten\/\"]}]},{\"@type\":\"ImageObject\",\"inLanguage\":\"fr-FR\",\"@id\":\"https:\/\/lefouduvoyage.fr\/blog\/articles\/el-chalten\/#primaryimage\",\"url\":\"https:\/\/lefouduvoyage.fr\/blog\/wp-content\/uploads\/2026\/05\/sdxl-d49e657a464da65b2714abeb9bc68422-scaled.png\",\"contentUrl\":\"https:\/\/lefouduvoyage.fr\/blog\/wp-content\/uploads\/2026\/05\/sdxl-d49e657a464da65b2714abeb9bc68422-scaled.png\",\"width\":1200,\"height\":500},{\"@type\":\"WebSite\",\"@id\":\"https:\/\/lefouduvoyage.fr\/blog\/#website\",\"url\":\"https:\/\/lefouduvoyage.fr\/blog\/\",\"name\":\"Le Fou du Voyage\",\"description\":\"Le Fou du Voyage, l&#039;aventure sans limites\",\"publisher\":{\"@id\":\"https:\/\/lefouduvoyage.fr\/blog\/#organization\"},\"alternateName\":\"Le Fou du Voyage, l'aventure sans limites\",\"potentialAction\":[{\"@type\":\"SearchAction\",\"target\":{\"@type\":\"EntryPoint\",\"urlTemplate\":\"https:\/\/lefouduvoyage.fr\/blog\/?s={search_term_string}\"},\"query-input\":{\"@type\":\"PropertyValueSpecification\",\"valueRequired\":true,\"valueName\":\"search_term_string\"}}],\"inLanguage\":\"fr-FR\"},{\"@type\":\"Organization\",\"@id\":\"https:\/\/lefouduvoyage.fr\/blog\/#organization\",\"name\":\"Le Fou du Voyage\",\"alternateName\":\"Le Fou du Voyage\",\"url\":\"https:\/\/lefouduvoyage.fr\/blog\/\",\"logo\":{\"@type\":\"ImageObject\",\"inLanguage\":\"fr-FR\",\"@id\":\"https:\/\/lefouduvoyage.fr\/blog\/#\/schema\/logo\/image\/\",\"url\":\"https:\/\/lefouduvoyage.fr\/blog\/wp-content\/uploads\/2024\/12\/48.png\",\"contentUrl\":\"https:\/\/lefouduvoyage.fr\/blog\/wp-content\/uploads\/2024\/12\/48.png\",\"width\":500,\"height\":500,\"caption\":\"Le Fou du Voyage\"},\"image\":{\"@id\":\"https:\/\/lefouduvoyage.fr\/blog\/#\/schema\/logo\/image\/\"}},{\"@type\":\"Person\",\"@id\":\"https:\/\/lefouduvoyage.fr\/blog\/#\/schema\/person\/3c864cdc320801e3db34b663e7e3f816\",\"name\":\"Camille Rouvray\",\"image\":{\"@type\":\"ImageObject\",\"inLanguage\":\"fr-FR\",\"@id\":\"https:\/\/lefouduvoyage.fr\/blog\/#\/schema\/person\/image\/\",\"url\":\"https:\/\/lefouduvoyage.fr\/blog\/wp-content\/uploads\/2026\/06\/persona_camille-r-96x96.jpg\",\"contentUrl\":\"https:\/\/lefouduvoyage.fr\/blog\/wp-content\/uploads\/2026\/06\/persona_camille-r-96x96.jpg\",\"caption\":\"Camille Rouvray\"},\"description\":\"Je voyage et j'\u00e9cris sur le voyage depuis une douzaine d'ann\u00e9es, d'abord en tant que routarde au long cours, puis comme r\u00e9dactrice sp\u00e9cialis\u00e9e. Mon terrain de pr\u00e9dilection, ce sont les circuits organis\u00e9s et l'art de bien pr\u00e9parer un itin\u00e9raire : choix de la saison, dur\u00e9e r\u00e9aliste des \u00e9tapes, budget jour par jour, logement et transport sur place. J'aime aussi raconter les p\u00e9pites urbaines, ces adresses qu'on ne trouve pas dans les guides classiques. Avant de publier un dossier destination, je croise toujours plusieurs sources, je v\u00e9rifie les tarifs et les formalit\u00e9s d'entr\u00e9e \u00e0 jour, et je teste moi-m\u00eame quand je le peux. Mon angle reste pratique avant tout : aider le lecteur \u00e0 partir l'esprit tranquille, sans mauvaise surprise une fois sur place. Je m'attache \u00e0 distinguer le coup de c\u0153ur sinc\u00e8re du simple argument marketing.\",\"sameAs\":[\"https:\/\/camillerouvray.fr\/\"],\"url\":\"https:\/\/lefouduvoyage.fr\/blog\/auteur\/noname\/\"}]}<\/script>\n<!-- \/ Yoast SEO Premium plugin. -->","yoast_head_json":{"title":"El Chalt\u00e9n : guide voyage complet et conseils 2026","description":"El Chalt\u00e9n, village embl\u00e9matique situ\u00e9 au c\u0153ur du parc national Los Glaciares en Argentine, est reconnu comme la capitale du trekking. Avec ses paysages \u00e0\u2026","robots":{"index":"index","follow":"follow","max-snippet":"max-snippet:-1","max-image-preview":"max-image-preview:large","max-video-preview":"max-video-preview:-1"},"canonical":"https:\/\/lefouduvoyage.fr\/blog\/articles\/el-chalten\/","og_locale":"fr_FR","og_type":"article","og_title":"El Chalt\u00e9n : guide voyage complet et conseils 2026","og_description":"El Chalt\u00e9n, village embl\u00e9matique situ\u00e9 au c\u0153ur du parc national Los Glaciares en Argentine, est reconnu comme la capitale du trekking. Avec ses paysages \u00e0\u2026","og_url":"https:\/\/lefouduvoyage.fr\/blog\/articles\/el-chalten\/","og_site_name":"lefouduvoyage","author":"Camille Rouvray","twitter_card":"summary_large_image","schema":{"@context":"https:\/\/schema.org","@graph":[{"@type":"NewsArticle","@id":"https:\/\/lefouduvoyage.fr\/blog\/articles\/el-chalten\/#article","isPartOf":{"@id":"https:\/\/lefouduvoyage.fr\/blog\/articles\/el-chalten\/"},"author":{"name":"Camille Rouvray","@id":"https:\/\/lefouduvoyage.fr\/blog\/#\/schema\/person\/3c864cdc320801e3db34b663e7e3f816"},"headline":"El Chalt\u00e9n : Guide Voyage Complet 2026","datePublished":"2026-05-08T09:00:00+00:00","mainEntityOfPage":{"@id":"https:\/\/lefouduvoyage.fr\/blog\/articles\/el-chalten\/"},"wordCount":761,"commentCount":0,"publisher":{"@id":"https:\/\/lefouduvoyage.fr\/blog\/#organization"},"image":{"@id":"https:\/\/lefouduvoyage.fr\/blog\/articles\/el-chalten\/#primaryimage"},"thumbnailUrl":"https:\/\/lefouduvoyage.fr\/blog\/wp-content\/uploads\/2026\/05\/sdxl-d49e657a464da65b2714abeb9bc68422-scaled.png","articleSection":["Articles"],"inLanguage":"fr-FR","potentialAction":[{"@type":"CommentAction","name":"Comment","target":["https:\/\/lefouduvoyage.fr\/blog\/articles\/el-chalten\/#respond"]}]},{"@type":"WebPage","@id":"https:\/\/lefouduvoyage.fr\/blog\/articles\/el-chalten\/","url":"https:\/\/lefouduvoyage.fr\/blog\/articles\/el-chalten\/","name":"El Chalt\u00e9n : guide voyage complet et conseils 2026","isPartOf":{"@id":"https:\/\/lefouduvoyage.fr\/blog\/#website"},"primaryImageOfPage":{"@id":"https:\/\/lefouduvoyage.fr\/blog\/articles\/el-chalten\/#primaryimage"},"image":{"@id":"https:\/\/lefouduvoyage.fr\/blog\/articles\/el-chalten\/#primaryimage"},"thumbnailUrl":"https:\/\/lefouduvoyage.fr\/blog\/wp-content\/uploads\/2026\/05\/sdxl-d49e657a464da65b2714abeb9bc68422-scaled.png","datePublished":"2026-05-08T09:00:00+00:00","description":"El Chalt\u00e9n, village embl\u00e9matique situ\u00e9 au c\u0153ur du parc national Los Glaciares en Argentine, est reconnu comme la capitale du trekking. Avec ses paysages \u00e0\u2026","inLanguage":"fr-FR","potentialAction":[{"@type":"ReadAction","target":["https:\/\/lefouduvoyage.fr\/blog\/articles\/el-chalten\/"]}]},{"@type":"ImageObject","inLanguage":"fr-FR","@id":"https:\/\/lefouduvoyage.fr\/blog\/articles\/el-chalten\/#primaryimage","url":"https:\/\/lefouduvoyage.fr\/blog\/wp-content\/uploads\/2026\/05\/sdxl-d49e657a464da65b2714abeb9bc68422-scaled.png","contentUrl":"https:\/\/lefouduvoyage.fr\/blog\/wp-content\/uploads\/2026\/05\/sdxl-d49e657a464da65b2714abeb9bc68422-scaled.png","width":1200,"height":500},{"@type":"WebSite","@id":"https:\/\/lefouduvoyage.fr\/blog\/#website","url":"https:\/\/lefouduvoyage.fr\/blog\/","name":"Le Fou du Voyage","description":"Le Fou du Voyage, l&#039;aventure sans limites","publisher":{"@id":"https:\/\/lefouduvoyage.fr\/blog\/#organization"},"alternateName":"Le Fou du Voyage, l'aventure sans limites","potentialAction":[{"@type":"SearchAction","target":{"@type":"EntryPoint","urlTemplate":"https:\/\/lefouduvoyage.fr\/blog\/?s={search_term_string}"},"query-input":{"@type":"PropertyValueSpecification","valueRequired":true,"valueName":"search_term_string"}}],"inLanguage":"fr-FR"},{"@type":"Organization","@id":"https:\/\/lefouduvoyage.fr\/blog\/#organization","name":"Le Fou du Voyage","alternateName":"Le Fou du Voyage","url":"https:\/\/lefouduvoyage.fr\/blog\/","logo":{"@type":"ImageObject","inLanguage":"fr-FR","@id":"https:\/\/lefouduvoyage.fr\/blog\/#\/schema\/logo\/image\/","url":"https:\/\/lefouduvoyage.fr\/blog\/wp-content\/uploads\/2024\/12\/48.png","contentUrl":"https:\/\/lefouduvoyage.fr\/blog\/wp-content\/uploads\/2024\/12\/48.png","width":500,"height":500,"caption":"Le Fou du Voyage"},"image":{"@id":"https:\/\/lefouduvoyage.fr\/blog\/#\/schema\/logo\/image\/"}},{"@type":"Person","@id":"https:\/\/lefouduvoyage.fr\/blog\/#\/schema\/person\/3c864cdc320801e3db34b663e7e3f816","name":"Camille Rouvray","image":{"@type":"ImageObject","inLanguage":"fr-FR","@id":"https:\/\/lefouduvoyage.fr\/blog\/#\/schema\/person\/image\/","url":"https:\/\/lefouduvoyage.fr\/blog\/wp-content\/uploads\/2026\/06\/persona_camille-r-96x96.jpg","contentUrl":"https:\/\/lefouduvoyage.fr\/blog\/wp-content\/uploads\/2026\/06\/persona_camille-r-96x96.jpg","caption":"Camille Rouvray"},"description":"Je voyage et j'\u00e9cris sur le voyage depuis une douzaine d'ann\u00e9es, d'abord en tant que routarde au long cours, puis comme r\u00e9dactrice sp\u00e9cialis\u00e9e. Mon terrain de pr\u00e9dilection, ce sont les circuits organis\u00e9s et l'art de bien pr\u00e9parer un itin\u00e9raire : choix de la saison, dur\u00e9e r\u00e9aliste des \u00e9tapes, budget jour par jour, logement et transport sur place. J'aime aussi raconter les p\u00e9pites urbaines, ces adresses qu'on ne trouve pas dans les guides classiques. Avant de publier un dossier destination, je croise toujours plusieurs sources, je v\u00e9rifie les tarifs et les formalit\u00e9s d'entr\u00e9e \u00e0 jour, et je teste moi-m\u00eame quand je le peux. Mon angle reste pratique avant tout : aider le lecteur \u00e0 partir l'esprit tranquille, sans mauvaise surprise une fois sur place. Je m'attache \u00e0 distinguer le coup de c\u0153ur sinc\u00e8re du simple argument marketing.","sameAs":["https:\/\/camillerouvray.fr\/"],"url":"https:\/\/lefouduvoyage.fr\/blog\/auteur\/noname\/"}]}},"_links":{"self":[{"href":"https:\/\/lefouduvoyage.fr\/blog\/wp-json\/wp\/v2\/posts\/8364","targetHints":{"allow":["GET"]}}],"collection":[{"href":"https:\/\/lefouduvoyage.fr\/blog\/wp-json\/wp\/v2\/posts"}],"about":[{"href":"https:\/\/lefouduvoyage.fr\/blog\/wp-json\/wp\/v2\/types\/post"}],"author":[{"embeddable":true,"href":"https:\/\/lefouduvoyage.fr\/blog\/wp-json\/wp\/v2\/users\/34"}],"replies":[{"embeddable":true,"href":"https:\/\/lefouduvoyage.fr\/blog\/wp-json\/wp\/v2\/comments?post=8364"}],"version-history":[{"count":1,"href":"https:\/\/lefouduvoyage.fr\/blog\/wp-json\/wp\/v2\/posts\/8364\/revisions"}],"predecessor-version":[{"id":8434,"href":"https:\/\/lefouduvoyage.fr\/blog\/wp-json\/wp\/v2\/posts\/8364\/revisions\/8434"}],"wp:featuredmedia":[{"embeddable":true,"href":"https:\/\/lefouduvoyage.fr\/blog\/wp-json\/wp\/v2\/media\/8435"}],"wp:attachment":[{"href":"https:\/\/lefouduvoyage.fr\/blog\/wp-json\/wp\/v2\/media?parent=8364"}],"wp:term":[{"taxonomy":"category","embeddable":true,"href":"https:\/\/lefouduvoyage.fr\/blog\/wp-json\/wp\/v2\/categories?post=8364"},{"taxonomy":"post_tag","embeddable":true,"href":"https:\/\/lefouduvoyage.fr\/blog\/wp-json\/wp\/v2\/tags?post=8364"}],"curies":[{"name":"wp","href":"https:\/\/api.w.org\/{rel}","templated":true}]}}