{"id":8305,"date":"2026-02-01T14:06:41","date_gmt":"2026-02-01T13:06:41","guid":{"rendered":"https:\/\/lefouduvoyage.fr\/blog\/?p=8305"},"modified":"2026-02-01T14:06:41","modified_gmt":"2026-02-01T13:06:41","slug":"quand-partir-a-malte-le-guide-mois-par-mois-ideal","status":"publish","type":"post","link":"https:\/\/lefouduvoyage.fr\/blog\/a-la-une\/quand-partir-a-malte-le-guide-mois-par-mois-ideal\/","title":{"rendered":"Quand partir \u00e0 Malte ? Le guide mois par mois id\u00e9al"},"content":{"rendered":"<p>Malte, cet archipel m\u00e9diterran\u00e9en, vous attend, mais \u00e0 quel moment pr\u00e9cis ? Notre <u>guide mois par mois<\/u>, bas\u00e9 sur le <strong>climat m\u00e9diterran\u00e9en de Malte<\/strong>, les <strong>temp\u00e9ratures<\/strong>, la mer et l&rsquo;<strong>affluence<\/strong>, vous aide \u00e0 choisir la <strong>p\u00e9riode parfaite<\/strong> pour vos vacances. Avec une temp\u00e9rature moyenne annuelle de 18\u00b0C et plus de 300 jours d&rsquo;<strong>ensoleillement<\/strong>, nous analysons les donn\u00e9es pour optimiser votre <strong>voyage \u00e0 Malte<\/strong>.<\/p>\n<h2>Pourquoi Malte s\u00e9duit toute l&rsquo;ann\u00e9e<\/h2>\n<p>Le <strong>climat m\u00e9diterran\u00e9en de Malte<\/strong> offre des <strong>\u00e9t\u00e9s chauds et secs<\/strong>, des <strong>hivers doux<\/strong> et des pluies concentr\u00e9es d&rsquo;automne \u00e0 hiver, avec environ 60 jours de pluie par an. La temp\u00e9rature moyenne est de 19,1\u00b0C \u00e0 La Valette, et la mer id\u00e9ale de <strong>mai \u00e0 octobre<\/strong> (22-27\u00b0C). Le <strong>sirocco<\/strong>, vent chaud africain, peut intensifier la chaleur en \u00e9t\u00e9, atteignant 40\u00b0C. Nous recommandons le <strong>printemps et automne<\/strong> pour un \u00e9quilibre parfait : visites sans foule, randonn\u00e9es et baignade mod\u00e9r\u00e9e.<\/p>\n<p>Cet ensoleillement g\u00e9n\u00e9reux (jusqu&rsquo;\u00e0 300 jours\/an) rend Malte visitable douze mois, mais nous privil\u00e9gions <strong>mai-juin<\/strong> et <strong>septembre-octobre<\/strong> pour \u00e9viter la <strong>canicule<\/strong> et les prix \u00e9lev\u00e9s. Pour <a href=\"https:\/\/www.maltadventures.com\/\">en savoir plus<\/a> sur des exp\u00e9riences personnalis\u00e9es, explorez nos suggestions.<\/p>\n<h2>Avril : Le r\u00e9veil printanier parfait<\/h2>\n<p>En <strong>avril<\/strong>, les <strong>temp\u00e9ratures<\/strong> oscillent entre 12,7\u00b0C min, 15,9\u00b0C moy et 19,7\u00b0C max, avec la mer \u00e0 17\u00b0C et seulement 25 mm de pluie. La nature s&rsquo;\u00e9veille : Gozo fleurit en narcisses, id\u00e9al pour randonn\u00e9es le long des <strong>Victoria Lines<\/strong>. Nous appr\u00e9cions les plages calmes comme Golden Bay, sans affluence massive.<\/p>\n<ul>\n<li><strong>Avantages<\/strong> : Visites sans foule (temples de \u0126a\u0121ar Qim), prix abordables, ensoleillement croissant.<\/li>\n<li><strong>Inconv\u00e9nients<\/strong> : Eau encore fra\u00eeche pour baignade prolong\u00e9e.<\/li>\n<li><strong>Conseil pro<\/strong> : Parfait pour familles ou randonneurs.<\/li>\n<\/ul>\n<p>L&rsquo;<strong>affluence mod\u00e9r\u00e9e<\/strong> permet des tarifs h\u00f4tels bas ; nous \u00e9vitons fin avril pour la hausse.<\/p>\n<h2>Mai : Soleil doux et plages accessibles<\/h2>\n<p><strong>Mai<\/strong> marque l&rsquo;id\u00e9al avec 15,6\u00b0C min, 19,6\u00b0C moy, 24\u00b0C max, mer \u00e0 19\u00b0C et 11 mm de pluie. L&rsquo;<strong>ensoleillement<\/strong> est optimal pour baignade et <strong>plong\u00e9e<\/strong> (visibilit\u00e9 30m \u00e0 Comino). Explorez outdoor sans <strong>canicule<\/strong>.<\/p>\n<ul>\n<li><strong>Avantages<\/strong> : Plages accessibles (Mellie\u0127a Bay), exploration facile, prix raisonnables d\u00e9but mois.<\/li>\n<li><strong>Inconv\u00e9nients<\/strong> : Hausse des prix fin mai.<\/li>\n<li><strong>Notre avis<\/strong> : <u>Meilleure p\u00e9riode<\/u> pour \u00e9viter foules estivales.<\/li>\n<\/ul>\n<p>Nous conseillons ce mois pour un premier <strong>voyage \u00e0 Malte<\/strong> \u00e9quilibr\u00e9.<\/p>\n<h2>Juin : \u00c9quilibre chaleur-mer idyllique<\/h2>\n<p><strong>Juin<\/strong> offre 19,1\u00b0C min, 23,7\u00b0C moy, 28,4\u00b0C max, mer 23\u00b0C, quasi-saison s\u00e8che (5 mm pluie). Baignade top, randonn\u00e9es et festivit\u00e9s villageoises animent l&rsquo;archipel.<\/p>\n<ul>\n<li><strong>Avantages<\/strong> : Mer parfaite, tout ouvert, compromis id\u00e9al selon experts.<\/li>\n<li><strong>Inconv\u00e9nients<\/strong> : Affluence croissante.<\/li>\n<\/ul>\n<p>Nous le d\u00e9signons comme <strong>meilleur mois<\/strong> pour <strong>plong\u00e9e<\/strong> et culture.<\/p>\n<h2>Juillet : \u00c9t\u00e9 ardent et anim\u00e9<\/h2>\n<p><strong>Juillet<\/strong> : 21,5\u00b0C min, 26,5\u00b0C moy, 31,4\u00b0C max, mer 25\u00b0C, tr\u00e8s sec (2 mm). Mer chaude, <strong>nightlife<\/strong> \u00e0 Paceville, infrastructures compl\u00e8tes.<\/p>\n<ul>\n<li><strong>Avantages<\/strong> : Baignade id\u00e9ale, animations.<\/li>\n<li><strong>Inconv\u00e9nients<\/strong> : Canicule, foule, prix \u00e9lev\u00e9s ; \u00e9vitez si sensible \u00e0 la chaleur.<\/li>\n<\/ul>\n<p>Haute saison : r\u00e9servez t\u00f4t.<\/p>\n<h2>Ao\u00fbt : Pic estival explosif<\/h2>\n<p><strong>Ao\u00fbt<\/strong>, le plus chaud : 22,3\u00b0C min, 27\u00b0C moy, 31,6\u00b0C max, mer id\u00e9ale, 7 mm pluie. <strong>Sirocco<\/strong> possible, plages bond\u00e9es pour f\u00eatards.<\/p>\n<ul>\n<li><strong>Avantages<\/strong> : Tout anim\u00e9, festivals.<\/li>\n<li><strong>Inconv\u00e9nients<\/strong> : Surfr\u00e9quentation, chaleur intense.<\/li>\n<\/ul>\n<p>Nous d\u00e9conseillons aux amateurs de calme.<\/p>\n<h2>Septembre : Automne doux et baignable<\/h2>\n<p><strong>Septembre<\/strong> : 20,6\u00b0C min, 24,5\u00b0C moy, 28,4\u00b0C max, mer 25\u00b0C, 46 mm pluie. Moins de foule, mer\/rando\/visites id\u00e9ales.<\/p>\n<ul>\n<li><strong>Avantages<\/strong> : \u00c9quilibre parfait, prix descendants.<\/li>\n<li><strong>Inconv\u00e9nients<\/strong> : Pluies sporadiques fin mois.<\/li>\n<\/ul>\n<p><u>P\u00e9riode id\u00e9ale<\/u> pour nous.<\/p>\n<h2>Octobre : Derniers bains et douceur<\/h2>\n<p><strong>Octobre<\/strong> : 18,1\u00b0C min, 21,4\u00b0C moy, 24,9\u00b0C max, mer 23\u00b0C, 79 mm pluie. Tranquillit\u00e9, nature verdoyante, prix bas.<\/p>\n<ul>\n<li><strong>Avantages<\/strong> : Culture\/rando, budget mini.<\/li>\n<li><strong>Inconv\u00e9nients<\/strong> : Orages possibles.<\/li>\n<\/ul>\n<p>Bon pour immersion authentique.<\/p>\n<h2>Novembre \u00e0 mars : Hiver authentique<\/h2>\n<p>De <strong>novembre<\/strong> (14,8-20,5\u00b0C, 97 mm) \u00e0 <strong>mars<\/strong> (10,9-17,2\u00b0C, 40 mm), pluies dominent (572 mm\/an). Avantages : calme, tarifs bas, campagne verte, temples m\u00e9galithiques sans foule.<\/p>\n<ul>\n<li><strong>Avantages<\/strong> : Id\u00e9al randonneurs\/histoire (mars optimal).<\/li>\n<li><strong>Inconv\u00e9nients<\/strong> : Frais (15\u00b0C moy), vent ; mer 15-17\u00b0C.<\/li>\n<\/ul>\n<p>Nous aimons cet <strong>hiver doux<\/strong> pour budget.<\/p>\n<h2>Haute et basse saisons : G\u00e9rer affluence et budget<\/h2>\n<p><strong>Haute saison<\/strong> (juin-ao\u00fbt) : foule, prix up, r\u00e9servez t\u00f4t. <strong>Basse saison<\/strong> (nov-mars) : calme, deals jusqu&rsquo;\u00e0 50%. Interm\u00e9diaires (avril-mai, sept-oct) : optimales.<\/p>\n<table border=\"1\">\n<tbody>\n<tr>\n<th>P\u00e9riode<\/th>\n<th>Affluence<\/th>\n<th>Prix<\/th>\n<th>Activit\u00e9s<\/th>\n<\/tr>\n<tr>\n<td>Haute (juin-ao\u00fbt)<\/td>\n<td>\u00c9lev\u00e9e<\/td>\n<td>\u00c9lev\u00e9s<\/td>\n<td>Baignade, f\u00eates<\/td>\n<\/tr>\n<tr>\n<td>Interm\u00e9diaire (avr-mai, sept-oct)<\/td>\n<td>Mod\u00e9r\u00e9e<\/td>\n<td>Abordables<\/td>\n<td>Rando, visites<\/td>\n<\/tr>\n<tr>\n<td>Basse (nov-mars)<\/td>\n<td>Faible<\/td>\n<td>Bas<\/td>\n<td>Culture, \u00e9conomie<\/td>\n<\/tr>\n<\/tbody>\n<\/table>\n<h2>Temp\u00e9ratures et mer : Tableau mois par mois<\/h2>\n<table border=\"1\">\n<tbody>\n<tr>\n<th>Mois<\/th>\n<th>Air Min\/Moy\/Max (\u00b0C)<\/th>\n<th>Mer (\u00b0C)<\/th>\n<th>Pluie (mm)<\/th>\n<th>Affluence<\/th>\n<\/tr>\n<tr>\n<td>Jan<\/td>\n<td>10.5\/12.6\/15.5<\/td>\n<td>16<\/td>\n<td>97<\/td>\n<td>Faible<\/td>\n<\/tr>\n<tr>\n<td>F\u00e9v<\/td>\n<td>10.1\/12.4\/15.5<\/td>\n<td>15<\/td>\n<td>58<\/td>\n<td>Faible<\/td>\n<\/tr>\n<tr>\n<td>Mar<\/td>\n<td>10.9\/13.7\/17.2<\/td>\n<td>15<\/td>\n<td>40<\/td>\n<td>Faible<\/td>\n<\/tr>\n<tr>\n<td>Avr<\/td>\n<td>12.7\/15.9\/19.7<\/td>\n<td>17<\/td>\n<td>25<\/td>\n<td>Mod\u00e9r\u00e9e<\/td>\n<\/tr>\n<tr>\n<td>Mai<\/td>\n<td>15.6\/19.6\/24<\/td>\n<td>19<\/td>\n<td>11<\/td>\n<td>Mod\u00e9r\u00e9e<\/td>\n<\/tr>\n<tr>\n<td>Juin<\/td>\n<td>19.1\/23.7\/28.4<\/td>\n<td>22<\/td>\n<td>5<\/td>\n<td>Haute<\/td>\n<\/tr>\n<tr>\n<td>Juillet<\/td>\n<td>21.5\/26.5\/31.4<\/td>\n<td>25<\/td>\n<td>2<\/td>\n<td>Haute<\/td>\n<\/tr>\n<tr>\n<td>Ao\u00fbt<\/td>\n<td>22.3\/27\/31.6<\/td>\n<td>27<\/td>\n<td>7<\/td>\n<td>Haute<\/td>\n<\/tr>\n<tr>\n<td>Sept<\/td>\n<td>20.6\/24.5\/28.4<\/td>\n<td>25<\/td>\n<td>46<\/td>\n<td>Mod\u00e9r\u00e9e<\/td>\n<\/tr>\n<tr>\n<td>Oct<\/td>\n<td>18.1\/21.4\/24.9<\/td>\n<td>23<\/td>\n<td>79<\/td>\n<td>Mod\u00e9r\u00e9e<\/td>\n<\/tr>\n<tr>\n<td>Nov<\/td>\n<td>14.8\/17.5\/20.5<\/td>\n<td>22<\/td>\n<td>97<\/td>\n<td>Faible<\/td>\n<\/tr>\n<tr>\n<td>D\u00e9c<\/td>\n<td>12\/14.2\/17<\/td>\n<td>19<\/td>\n<td>106<\/td>\n<td>Faible<\/td>\n<\/tr>\n<\/tbody>\n<\/table>\n<p><strong>Conseils packing<\/strong> : Cr\u00e8me solaire\/mai-oct, veste pluie\/nov-mars.<\/p>\n<h2>\u00c9v\u00e9nements et f\u00eates : Bonus saisonniers<\/h2>\n<p>Adaptez votre <strong>voyage<\/strong> : fleurs \u00e0 Gozo (avril), <strong>feasts<\/strong> villageoises (ao\u00fbt), culture templiers (automne). R\u00e9gates en \u00e9t\u00e9, randonn\u00e9es mars. Calendrier 2026 : f\u00eates traditionnelles ao\u00fbt.<\/p>\n<h2>Astuces pour un s\u00e9jour sans faute<\/h2>\n<ul>\n<li>Vols low-cost (avril\/oct), h\u00e9bergements deals hiver.<\/li>\n<li>Packing : cr\u00e8me solaire \u00e9t\u00e9, veste pluie hiver.<\/li>\n<li>Activit\u00e9s : <strong>plong\u00e9e<\/strong> juin-oct, rando hiver.<\/li>\n<li>Erreurs : \u00c9vitez juil-ao\u00fbt si chaleur sensible.<\/li>\n<\/ul>\n<p>Nous recommandons <strong>printemps\/automne<\/strong> pour <strong>meilleures p\u00e9riodes<\/strong>. R\u00e9servez via low-cost pour maximiser budget.<\/p>\n<hr \/>\n<div class=\"articles-lies\">\n<h3>\u00c0 lire aussi<\/h3>\n<ul>\n<li><a href=\"https:\/\/lefouduvoyage.fr\/blog\/a-la-une\/comprendre-en-profondeur-la-categorie-club-4-en-concours-equestre\/\">Comprendre en profondeur la cat\u00e9gorie Club 4 en concours \u00e9questre<\/a><\/li>\n<li><a href=\"https:\/\/lefouduvoyage.fr\/blog\/a-la-une\/voyager-dans-toute-leurope-avec-une-seule-esim-le-guide-pratique\/\">Voyager dans toute l&#039;Europe avec une seule eSIM : le guide pratique<\/a><\/li>\n<li><a href=\"https:\/\/lefouduvoyage.fr\/blog\/a-la-une\/guide-complet-toscane-cachee-explorer-la-maremme-secrete-sans-les-foul\/\">Guide complet Toscane Cach\u00e9e : explorer la Maremme secr\u00e8te sans les foules<\/a><\/li>\n<li><a href=\"https:\/\/lefouduvoyage.fr\/blog\/a-la-une\/les-essentiels-du-diy-pour-un-voyage-reussi\/\">Les essentiels du DIY pour un voyage r\u00e9ussi<\/a><\/li>\n<\/ul>\n<\/div>\n","protected":false},"excerpt":{"rendered":"","protected":false},"author":34,"featured_media":8308,"comment_status":"open","ping_status":"open","sticky":false,"template":"","format":"standard","meta":{"_acf_changed":false,"manual_indexmenow":false,"indexmenow_id_project":0,"footnotes":""},"categories":[1],"tags":[],"class_list":["post-8305","post","type-post","status-publish","format-standard","has-post-thumbnail","hentry","category-a-la-une","generate-columns","tablet-grid-50","mobile-grid-100","grid-parent","grid-25"],"acf":[],"yoast_head":"<!-- This site is optimized with the Yoast SEO Premium plugin v21.3 (Yoast SEO v26.5) - https:\/\/yoast.com\/wordpress\/plugins\/seo\/ -->\n<title>Quand partir \u00e0 Malte ? Le guide mois par mois id\u00e9al<\/title>\n<meta name=\"description\" content=\"Quand partir \u00e0 Malte : notre guide complet avec les incontournables, les bons plans et nos astuces pour r\u00e9ussir votre s\u00e9jour.\" \/>\n<meta name=\"robots\" content=\"index, follow, max-snippet:-1, max-image-preview:large, max-video-preview:-1\" \/>\n<link rel=\"canonical\" href=\"https:\/\/lefouduvoyage.fr\/blog\/a-la-une\/quand-partir-a-malte-le-guide-mois-par-mois-ideal\/\" \/>\n<meta property=\"og:locale\" content=\"fr_FR\" \/>\n<meta property=\"og:type\" content=\"article\" \/>\n<meta property=\"og:title\" content=\"Quand partir \u00e0 Malte ? Le guide mois par mois id\u00e9al\" \/>\n<meta property=\"og:description\" content=\"Quand partir \u00e0 Malte : notre guide complet avec les incontournables, les bons plans et nos astuces pour r\u00e9ussir votre s\u00e9jour.\" \/>\n<meta property=\"og:url\" content=\"https:\/\/lefouduvoyage.fr\/blog\/a-la-une\/quand-partir-a-malte-le-guide-mois-par-mois-ideal\/\" \/>\n<meta property=\"og:site_name\" content=\"lefouduvoyage\" \/>\n<meta name=\"author\" content=\"Camille Rouvray\" \/>\n<meta name=\"twitter:card\" content=\"summary_large_image\" \/>\n<script type=\"application\/ld+json\" class=\"yoast-schema-graph\">{\"@context\":\"https:\/\/schema.org\",\"@graph\":[{\"@type\":\"NewsArticle\",\"@id\":\"https:\/\/lefouduvoyage.fr\/blog\/a-la-une\/quand-partir-a-malte-le-guide-mois-par-mois-ideal\/#article\",\"isPartOf\":{\"@id\":\"https:\/\/lefouduvoyage.fr\/blog\/a-la-une\/quand-partir-a-malte-le-guide-mois-par-mois-ideal\/\"},\"author\":{\"name\":\"Camille Rouvray\",\"@id\":\"https:\/\/lefouduvoyage.fr\/blog\/#\/schema\/person\/3c864cdc320801e3db34b663e7e3f816\"},\"headline\":\"Quand partir \u00e0 Malte ? Le guide mois par mois id\u00e9al\",\"datePublished\":\"2026-02-01T13:06:41+00:00\",\"mainEntityOfPage\":{\"@id\":\"https:\/\/lefouduvoyage.fr\/blog\/a-la-une\/quand-partir-a-malte-le-guide-mois-par-mois-ideal\/\"},\"wordCount\":932,\"commentCount\":0,\"publisher\":{\"@id\":\"https:\/\/lefouduvoyage.fr\/blog\/#organization\"},\"image\":{\"@id\":\"https:\/\/lefouduvoyage.fr\/blog\/a-la-une\/quand-partir-a-malte-le-guide-mois-par-mois-ideal\/#primaryimage\"},\"thumbnailUrl\":\"https:\/\/lefouduvoyage.fr\/blog\/wp-content\/uploads\/2026\/02\/sdxl-8b7cf39c42e24892528c5293d6bde3c6-scaled.png\",\"articleSection\":[\"\u00c0 la une\"],\"inLanguage\":\"fr-FR\",\"potentialAction\":[{\"@type\":\"CommentAction\",\"name\":\"Comment\",\"target\":[\"https:\/\/lefouduvoyage.fr\/blog\/a-la-une\/quand-partir-a-malte-le-guide-mois-par-mois-ideal\/#respond\"]}]},{\"@type\":\"WebPage\",\"@id\":\"https:\/\/lefouduvoyage.fr\/blog\/a-la-une\/quand-partir-a-malte-le-guide-mois-par-mois-ideal\/\",\"url\":\"https:\/\/lefouduvoyage.fr\/blog\/a-la-une\/quand-partir-a-malte-le-guide-mois-par-mois-ideal\/\",\"name\":\"Quand partir \u00e0 Malte ? Le guide mois par mois id\u00e9al\",\"isPartOf\":{\"@id\":\"https:\/\/lefouduvoyage.fr\/blog\/#website\"},\"primaryImageOfPage\":{\"@id\":\"https:\/\/lefouduvoyage.fr\/blog\/a-la-une\/quand-partir-a-malte-le-guide-mois-par-mois-ideal\/#primaryimage\"},\"image\":{\"@id\":\"https:\/\/lefouduvoyage.fr\/blog\/a-la-une\/quand-partir-a-malte-le-guide-mois-par-mois-ideal\/#primaryimage\"},\"thumbnailUrl\":\"https:\/\/lefouduvoyage.fr\/blog\/wp-content\/uploads\/2026\/02\/sdxl-8b7cf39c42e24892528c5293d6bde3c6-scaled.png\",\"datePublished\":\"2026-02-01T13:06:41+00:00\",\"description\":\"Quand partir \u00e0 Malte : notre guide complet avec les incontournables, les bons plans et nos astuces pour r\u00e9ussir votre s\u00e9jour.\",\"inLanguage\":\"fr-FR\",\"potentialAction\":[{\"@type\":\"ReadAction\",\"target\":[\"https:\/\/lefouduvoyage.fr\/blog\/a-la-une\/quand-partir-a-malte-le-guide-mois-par-mois-ideal\/\"]}]},{\"@type\":\"ImageObject\",\"inLanguage\":\"fr-FR\",\"@id\":\"https:\/\/lefouduvoyage.fr\/blog\/a-la-une\/quand-partir-a-malte-le-guide-mois-par-mois-ideal\/#primaryimage\",\"url\":\"https:\/\/lefouduvoyage.fr\/blog\/wp-content\/uploads\/2026\/02\/sdxl-8b7cf39c42e24892528c5293d6bde3c6-scaled.png\",\"contentUrl\":\"https:\/\/lefouduvoyage.fr\/blog\/wp-content\/uploads\/2026\/02\/sdxl-8b7cf39c42e24892528c5293d6bde3c6-scaled.png\",\"width\":686,\"height\":1200},{\"@type\":\"WebSite\",\"@id\":\"https:\/\/lefouduvoyage.fr\/blog\/#website\",\"url\":\"https:\/\/lefouduvoyage.fr\/blog\/\",\"name\":\"Le Fou du Voyage\",\"description\":\"Le Fou du Voyage, l&#039;aventure sans limites\",\"publisher\":{\"@id\":\"https:\/\/lefouduvoyage.fr\/blog\/#organization\"},\"alternateName\":\"Le Fou du Voyage, l'aventure sans limites\",\"potentialAction\":[{\"@type\":\"SearchAction\",\"target\":{\"@type\":\"EntryPoint\",\"urlTemplate\":\"https:\/\/lefouduvoyage.fr\/blog\/?s={search_term_string}\"},\"query-input\":{\"@type\":\"PropertyValueSpecification\",\"valueRequired\":true,\"valueName\":\"search_term_string\"}}],\"inLanguage\":\"fr-FR\"},{\"@type\":\"Organization\",\"@id\":\"https:\/\/lefouduvoyage.fr\/blog\/#organization\",\"name\":\"Le Fou du Voyage\",\"alternateName\":\"Le Fou du Voyage\",\"url\":\"https:\/\/lefouduvoyage.fr\/blog\/\",\"logo\":{\"@type\":\"ImageObject\",\"inLanguage\":\"fr-FR\",\"@id\":\"https:\/\/lefouduvoyage.fr\/blog\/#\/schema\/logo\/image\/\",\"url\":\"https:\/\/lefouduvoyage.fr\/blog\/wp-content\/uploads\/2024\/12\/48.png\",\"contentUrl\":\"https:\/\/lefouduvoyage.fr\/blog\/wp-content\/uploads\/2024\/12\/48.png\",\"width\":500,\"height\":500,\"caption\":\"Le Fou du Voyage\"},\"image\":{\"@id\":\"https:\/\/lefouduvoyage.fr\/blog\/#\/schema\/logo\/image\/\"}},{\"@type\":\"Person\",\"@id\":\"https:\/\/lefouduvoyage.fr\/blog\/#\/schema\/person\/3c864cdc320801e3db34b663e7e3f816\",\"name\":\"Camille Rouvray\",\"image\":{\"@type\":\"ImageObject\",\"inLanguage\":\"fr-FR\",\"@id\":\"https:\/\/lefouduvoyage.fr\/blog\/#\/schema\/person\/image\/\",\"url\":\"https:\/\/lefouduvoyage.fr\/blog\/wp-content\/uploads\/2026\/06\/persona_camille-r-96x96.jpg\",\"contentUrl\":\"https:\/\/lefouduvoyage.fr\/blog\/wp-content\/uploads\/2026\/06\/persona_camille-r-96x96.jpg\",\"caption\":\"Camille Rouvray\"},\"description\":\"Je voyage et j'\u00e9cris sur le voyage depuis une douzaine d'ann\u00e9es, d'abord en tant que routarde au long cours, puis comme r\u00e9dactrice sp\u00e9cialis\u00e9e. Mon terrain de pr\u00e9dilection, ce sont les circuits organis\u00e9s et l'art de bien pr\u00e9parer un itin\u00e9raire : choix de la saison, dur\u00e9e r\u00e9aliste des \u00e9tapes, budget jour par jour, logement et transport sur place. J'aime aussi raconter les p\u00e9pites urbaines, ces adresses qu'on ne trouve pas dans les guides classiques. Avant de publier un dossier destination, je croise toujours plusieurs sources, je v\u00e9rifie les tarifs et les formalit\u00e9s d'entr\u00e9e \u00e0 jour, et je teste moi-m\u00eame quand je le peux. Mon angle reste pratique avant tout : aider le lecteur \u00e0 partir l'esprit tranquille, sans mauvaise surprise une fois sur place. Je m'attache \u00e0 distinguer le coup de c\u0153ur sinc\u00e8re du simple argument marketing.\",\"sameAs\":[\"https:\/\/camillerouvray.fr\/\"],\"url\":\"https:\/\/lefouduvoyage.fr\/blog\/auteur\/noname\/\"}]}<\/script>\n<!-- \/ Yoast SEO Premium plugin. -->","yoast_head_json":{"title":"Quand partir \u00e0 Malte ? Le guide mois par mois id\u00e9al","description":"Quand partir \u00e0 Malte : notre guide complet avec les incontournables, les bons plans et nos astuces pour r\u00e9ussir votre s\u00e9jour.","robots":{"index":"index","follow":"follow","max-snippet":"max-snippet:-1","max-image-preview":"max-image-preview:large","max-video-preview":"max-video-preview:-1"},"canonical":"https:\/\/lefouduvoyage.fr\/blog\/a-la-une\/quand-partir-a-malte-le-guide-mois-par-mois-ideal\/","og_locale":"fr_FR","og_type":"article","og_title":"Quand partir \u00e0 Malte ? Le guide mois par mois id\u00e9al","og_description":"Quand partir \u00e0 Malte : notre guide complet avec les incontournables, les bons plans et nos astuces pour r\u00e9ussir votre s\u00e9jour.","og_url":"https:\/\/lefouduvoyage.fr\/blog\/a-la-une\/quand-partir-a-malte-le-guide-mois-par-mois-ideal\/","og_site_name":"lefouduvoyage","author":"Camille Rouvray","twitter_card":"summary_large_image","schema":{"@context":"https:\/\/schema.org","@graph":[{"@type":"NewsArticle","@id":"https:\/\/lefouduvoyage.fr\/blog\/a-la-une\/quand-partir-a-malte-le-guide-mois-par-mois-ideal\/#article","isPartOf":{"@id":"https:\/\/lefouduvoyage.fr\/blog\/a-la-une\/quand-partir-a-malte-le-guide-mois-par-mois-ideal\/"},"author":{"name":"Camille Rouvray","@id":"https:\/\/lefouduvoyage.fr\/blog\/#\/schema\/person\/3c864cdc320801e3db34b663e7e3f816"},"headline":"Quand partir \u00e0 Malte ? Le guide mois par mois id\u00e9al","datePublished":"2026-02-01T13:06:41+00:00","mainEntityOfPage":{"@id":"https:\/\/lefouduvoyage.fr\/blog\/a-la-une\/quand-partir-a-malte-le-guide-mois-par-mois-ideal\/"},"wordCount":932,"commentCount":0,"publisher":{"@id":"https:\/\/lefouduvoyage.fr\/blog\/#organization"},"image":{"@id":"https:\/\/lefouduvoyage.fr\/blog\/a-la-une\/quand-partir-a-malte-le-guide-mois-par-mois-ideal\/#primaryimage"},"thumbnailUrl":"https:\/\/lefouduvoyage.fr\/blog\/wp-content\/uploads\/2026\/02\/sdxl-8b7cf39c42e24892528c5293d6bde3c6-scaled.png","articleSection":["\u00c0 la une"],"inLanguage":"fr-FR","potentialAction":[{"@type":"CommentAction","name":"Comment","target":["https:\/\/lefouduvoyage.fr\/blog\/a-la-une\/quand-partir-a-malte-le-guide-mois-par-mois-ideal\/#respond"]}]},{"@type":"WebPage","@id":"https:\/\/lefouduvoyage.fr\/blog\/a-la-une\/quand-partir-a-malte-le-guide-mois-par-mois-ideal\/","url":"https:\/\/lefouduvoyage.fr\/blog\/a-la-une\/quand-partir-a-malte-le-guide-mois-par-mois-ideal\/","name":"Quand partir \u00e0 Malte ? Le guide mois par mois id\u00e9al","isPartOf":{"@id":"https:\/\/lefouduvoyage.fr\/blog\/#website"},"primaryImageOfPage":{"@id":"https:\/\/lefouduvoyage.fr\/blog\/a-la-une\/quand-partir-a-malte-le-guide-mois-par-mois-ideal\/#primaryimage"},"image":{"@id":"https:\/\/lefouduvoyage.fr\/blog\/a-la-une\/quand-partir-a-malte-le-guide-mois-par-mois-ideal\/#primaryimage"},"thumbnailUrl":"https:\/\/lefouduvoyage.fr\/blog\/wp-content\/uploads\/2026\/02\/sdxl-8b7cf39c42e24892528c5293d6bde3c6-scaled.png","datePublished":"2026-02-01T13:06:41+00:00","description":"Quand partir \u00e0 Malte : notre guide complet avec les incontournables, les bons plans et nos astuces pour r\u00e9ussir votre s\u00e9jour.","inLanguage":"fr-FR","potentialAction":[{"@type":"ReadAction","target":["https:\/\/lefouduvoyage.fr\/blog\/a-la-une\/quand-partir-a-malte-le-guide-mois-par-mois-ideal\/"]}]},{"@type":"ImageObject","inLanguage":"fr-FR","@id":"https:\/\/lefouduvoyage.fr\/blog\/a-la-une\/quand-partir-a-malte-le-guide-mois-par-mois-ideal\/#primaryimage","url":"https:\/\/lefouduvoyage.fr\/blog\/wp-content\/uploads\/2026\/02\/sdxl-8b7cf39c42e24892528c5293d6bde3c6-scaled.png","contentUrl":"https:\/\/lefouduvoyage.fr\/blog\/wp-content\/uploads\/2026\/02\/sdxl-8b7cf39c42e24892528c5293d6bde3c6-scaled.png","width":686,"height":1200},{"@type":"WebSite","@id":"https:\/\/lefouduvoyage.fr\/blog\/#website","url":"https:\/\/lefouduvoyage.fr\/blog\/","name":"Le Fou du Voyage","description":"Le Fou du Voyage, l&#039;aventure sans limites","publisher":{"@id":"https:\/\/lefouduvoyage.fr\/blog\/#organization"},"alternateName":"Le Fou du Voyage, l'aventure sans limites","potentialAction":[{"@type":"SearchAction","target":{"@type":"EntryPoint","urlTemplate":"https:\/\/lefouduvoyage.fr\/blog\/?s={search_term_string}"},"query-input":{"@type":"PropertyValueSpecification","valueRequired":true,"valueName":"search_term_string"}}],"inLanguage":"fr-FR"},{"@type":"Organization","@id":"https:\/\/lefouduvoyage.fr\/blog\/#organization","name":"Le Fou du Voyage","alternateName":"Le Fou du Voyage","url":"https:\/\/lefouduvoyage.fr\/blog\/","logo":{"@type":"ImageObject","inLanguage":"fr-FR","@id":"https:\/\/lefouduvoyage.fr\/blog\/#\/schema\/logo\/image\/","url":"https:\/\/lefouduvoyage.fr\/blog\/wp-content\/uploads\/2024\/12\/48.png","contentUrl":"https:\/\/lefouduvoyage.fr\/blog\/wp-content\/uploads\/2024\/12\/48.png","width":500,"height":500,"caption":"Le Fou du Voyage"},"image":{"@id":"https:\/\/lefouduvoyage.fr\/blog\/#\/schema\/logo\/image\/"}},{"@type":"Person","@id":"https:\/\/lefouduvoyage.fr\/blog\/#\/schema\/person\/3c864cdc320801e3db34b663e7e3f816","name":"Camille Rouvray","image":{"@type":"ImageObject","inLanguage":"fr-FR","@id":"https:\/\/lefouduvoyage.fr\/blog\/#\/schema\/person\/image\/","url":"https:\/\/lefouduvoyage.fr\/blog\/wp-content\/uploads\/2026\/06\/persona_camille-r-96x96.jpg","contentUrl":"https:\/\/lefouduvoyage.fr\/blog\/wp-content\/uploads\/2026\/06\/persona_camille-r-96x96.jpg","caption":"Camille Rouvray"},"description":"Je voyage et j'\u00e9cris sur le voyage depuis une douzaine d'ann\u00e9es, d'abord en tant que routarde au long cours, puis comme r\u00e9dactrice sp\u00e9cialis\u00e9e. Mon terrain de pr\u00e9dilection, ce sont les circuits organis\u00e9s et l'art de bien pr\u00e9parer un itin\u00e9raire : choix de la saison, dur\u00e9e r\u00e9aliste des \u00e9tapes, budget jour par jour, logement et transport sur place. J'aime aussi raconter les p\u00e9pites urbaines, ces adresses qu'on ne trouve pas dans les guides classiques. Avant de publier un dossier destination, je croise toujours plusieurs sources, je v\u00e9rifie les tarifs et les formalit\u00e9s d'entr\u00e9e \u00e0 jour, et je teste moi-m\u00eame quand je le peux. Mon angle reste pratique avant tout : aider le lecteur \u00e0 partir l'esprit tranquille, sans mauvaise surprise une fois sur place. Je m'attache \u00e0 distinguer le coup de c\u0153ur sinc\u00e8re du simple argument marketing.","sameAs":["https:\/\/camillerouvray.fr\/"],"url":"https:\/\/lefouduvoyage.fr\/blog\/auteur\/noname\/"}]}},"_links":{"self":[{"href":"https:\/\/lefouduvoyage.fr\/blog\/wp-json\/wp\/v2\/posts\/8305","targetHints":{"allow":["GET"]}}],"collection":[{"href":"https:\/\/lefouduvoyage.fr\/blog\/wp-json\/wp\/v2\/posts"}],"about":[{"href":"https:\/\/lefouduvoyage.fr\/blog\/wp-json\/wp\/v2\/types\/post"}],"author":[{"embeddable":true,"href":"https:\/\/lefouduvoyage.fr\/blog\/wp-json\/wp\/v2\/users\/34"}],"replies":[{"embeddable":true,"href":"https:\/\/lefouduvoyage.fr\/blog\/wp-json\/wp\/v2\/comments?post=8305"}],"version-history":[{"count":1,"href":"https:\/\/lefouduvoyage.fr\/blog\/wp-json\/wp\/v2\/posts\/8305\/revisions"}],"predecessor-version":[{"id":8306,"href":"https:\/\/lefouduvoyage.fr\/blog\/wp-json\/wp\/v2\/posts\/8305\/revisions\/8306"}],"wp:featuredmedia":[{"embeddable":true,"href":"https:\/\/lefouduvoyage.fr\/blog\/wp-json\/wp\/v2\/media\/8308"}],"wp:attachment":[{"href":"https:\/\/lefouduvoyage.fr\/blog\/wp-json\/wp\/v2\/media?parent=8305"}],"wp:term":[{"taxonomy":"category","embeddable":true,"href":"https:\/\/lefouduvoyage.fr\/blog\/wp-json\/wp\/v2\/categories?post=8305"},{"taxonomy":"post_tag","embeddable":true,"href":"https:\/\/lefouduvoyage.fr\/blog\/wp-json\/wp\/v2\/tags?post=8305"}],"curies":[{"name":"wp","href":"https:\/\/api.w.org\/{rel}","templated":true}]}}