{"id":8244,"date":"2026-02-16T09:15:00","date_gmt":"2026-02-16T08:15:00","guid":{"rendered":"https:\/\/lefouduvoyage.fr\/blog\/?p=8244"},"modified":"2026-02-16T09:15:00","modified_gmt":"2026-02-16T08:15:00","slug":"decouvrir-annecy-le-guide-pour-explorer-la-venise-des-alpes","status":"publish","type":"post","link":"https:\/\/lefouduvoyage.fr\/blog\/destinations\/decouvrir-annecy-le-guide-pour-explorer-la-venise-des-alpes\/","title":{"rendered":"D\u00e9couvrir Annecy : le guide pour explorer la Venise des Alpes"},"content":{"rendered":"<div style=\"background: linear-gradient(135deg, #f5f7fa 0%, #e9ecef 100%);border-left: 4px solid #0073aa;padding: 15px 20px;margin: 0 0 25px 0;border-radius: 0 8px 8px 0\">\n<p style=\"margin: 0;font-size: 14px;color: #0073aa;font-weight: 600;text-transform: uppercase;letter-spacing: 1px;margin-bottom: 10px\">\ud83d\udccb En bref<\/p>\n<ul style=\"margin: 0;padding-left: 20px;list-style-type: none\">\n<li style=\"margin: 5px 0;color: #333;font-size: 15px;line-height: 1.5;position: relative;padding-left: 15px\"><span style=\"position: absolute;left: 0;color: #0073aa\">\u25b8<\/span> Annecy, surnomm\u00e9e la Venise des Alpes, attire plus de 3 millions de touristes par an gr\u00e2ce \u00e0 son charme naturel et culturel.<\/li>\n<li style=\"margin: 5px 0;color: #333;font-size: 15px;line-height: 1.5;position: relative;padding-left: 15px\"><span style=\"position: absolute;left: 0;color: #0073aa\">\u25b8<\/span> La ville offre une vari\u00e9t\u00e9 d&#039;activit\u00e9s, des balades en ville aux randonn\u00e9es en montagne, adapt\u00e9es \u00e0 tous les types de visiteurs.<\/li>\n<li style=\"margin: 5px 0;color: #333;font-size: 15px;line-height: 1.5;position: relative;padding-left: 15px\"><span style=\"position: absolute;left: 0;color: #0073aa\">\u25b8<\/span> Les incontournables incluent le vieil Annecy, le Palais de l\u2019Isle et les march\u00e9s locaux, garantissant un s\u00e9jour m\u00e9morable.<\/li>\n<\/ul>\n<\/div>\n<h1>D\u00e9couvrez Annecy : Le Blog Ultime pour Visiter la Venise des Alpes<\/h1>\n<h2>Introduction : Bienvenue sur votre blog Annecy, guide complet de la Venise des Alpes<\/h2>\n<p>\n        Nous vous ouvrons les portes de notre <strong>blog Annecy<\/strong>, votre guide de r\u00e9f\u00e9rence pour <u>pr\u00e9parer un s\u00e9jour inoubliable<\/u> dans la <strong>Venise des Alpes<\/strong>. Imaginez-vous fl\u00e2ner le long d\u2019un <strong>lac<\/strong> aux eaux turquoise, entour\u00e9 de montagnes imposantes, au c\u0153ur d\u2019un <strong>centre historique<\/strong> aux ruelles pav\u00e9es et fa\u00e7ades color\u00e9es. <strong>Annecy<\/strong>, situ\u00e9e en <strong>Haute-Savoie<\/strong> \u00e0 <u>450 m\u00e8tres d\u2019altitude<\/u>, s\u00e9duit chaque ann\u00e9e <u>plus de 3 millions de touristes<\/u> gr\u00e2ce \u00e0 son charme unique[1][4].\n    <\/p>\n<p>\n        Que vous soyez voyageurs en qu\u00eate d\u2019aventure, familles cherchant des <strong>activit\u00e9s<\/strong> ludiques, couples romantiques ou amateurs de <strong>randonn\u00e9e<\/strong>, ce <strong>blog Annecy<\/strong> s\u2019adresse \u00e0 vous. Nous insistons sur l\u2019essentiel : <strong>d\u00e9couvrir Annecy<\/strong> pour en profiter pleinement, vivre ses ambiances saisonni\u00e8res. Dans cet article, nous explorons pourquoi <strong>visiter Annecy<\/strong>, les incontournables \u00e0 faire, les spots autour du <strong>lac<\/strong>, les <strong>montagnes<\/strong> environnantes, l\u2019histoire, la gastronomie, les h\u00e9bergements, les conseils pratiques et des itin\u00e9raires th\u00e9matiques.\n    <\/p>\n<ul>\n<li><strong>Blog Annecy<\/strong> pour des conseils pratiques et actuels.<\/li>\n<li>Id\u00e9es pour <strong>visiter la ville<\/strong> en 1 \u00e0 7 jours.<\/li>\n<li>Bonnes adresses test\u00e9es autour du <strong>lac d\u2019Annecy<\/strong>.<\/li>\n<\/ul>\n<h2>Pourquoi visiter Annecy ? Comprendre l\u2019attrait unique de la ville<\/h2>\n<p>\n        Nous choisissons <strong>Annecy<\/strong> pour son \u00e9quilibre parfait entre nature et culture, surnomm\u00e9e <strong>Venise des Alpes<\/strong> en raison de ses canaux bord\u00e9s de fleurs dans le <strong>vieil Annecy<\/strong>. Cette <strong>ville<\/strong> de <u>132 000 habitants dans l\u2019agglom\u00e9ration<\/u> offre un cadre o\u00f9 alterner balades urbaines et \u00e9chapp\u00e9es en <strong>montagnes<\/strong>[8]. Son <strong>lac<\/strong>, profond de <u>82 m\u00e8tres<\/u>, et les sommets comme le <strong>Semnoz<\/strong> \u00e0 <u>1 699 m\u00e8tres<\/u> promettent des vues \u00e9poustouflantes.\n    <\/p>\n<p>\n        L\u2019art de vivre savoyard transpara\u00eet dans ses march\u00e9s color\u00e9s, terrasses au bord de l\u2019<strong>eau<\/strong> et gastronomie fromag\u00e8re. Familles appr\u00e9cient les parcs, couples les couchers de soleil, sportifs les <strong>cols<\/strong> mythiques, tandis que les t\u00e9l\u00e9travailleurs nomades profitent de sa <u>qualit\u00e9 de vie class\u00e9e n?1 en France en 2023<\/u> par de nombreux classements[8]. Nous voyons en <strong>Annecy<\/strong> une destination polyvalente, id\u00e9ale pour <strong>d\u00e9couvrir Annecy<\/strong> sous tous les angles.\n    <\/p>\n<ul>\n<li><strong>Vieil Annecy<\/strong> : rues pav\u00e9es, fa\u00e7ades ocre du <strong>XVIe si\u00e8cle<\/strong>.<\/li>\n<li><strong>Lac et montagnes<\/strong> : baignade \u00e0 24?C en \u00e9t\u00e9, <strong>randonn\u00e9e<\/strong> sur 500 km de sentiers.<\/li>\n<li><u>Affluence touristique<\/u> : <u>1,2 million de nuit\u00e9es en 2024<\/u> en haute saison[4].<\/li>\n<\/ul>\n<h2>Les activit\u00e9s incontournables \u00e0 Annecy pour un s\u00e9jour r\u00e9ussi<\/h2>\n<p>\n        Pour un s\u00e9jour vibrant, nous priorisons le <strong>vieil Annecy<\/strong> avec ses ruelles, canaux et march\u00e9s le mardi, vendredi et dimanche. Visitez le <strong>Palais de l\u2019Isle<\/strong>, prison du <strong>XIIe si\u00e8cle<\/strong>, et fl\u00e2nez au <strong>P\u00e2quier<\/strong> ou aux <strong>Jardins de l\u2019Europe<\/strong> bordant le <strong>lac<\/strong>. Le <strong>pont des Amours<\/strong> offre des vues iconiques pour vos photos.\n    <\/p>\n<p>\n        Louez un <strong>v\u00e9lo<\/strong> chez <strong>Annecy Cycles<\/strong>, g\u00e9ant local du cyclisme, pour la <strong>voie verte<\/strong> de 42 km autour du <strong>lac<\/strong>, accessible aux d\u00e9butants. Sur l\u2019eau, optez pour paddle chez <strong>Annecy Nautic<\/strong> (15\u20ac\/heure) ou croisi\u00e8re comment\u00e9e avec <strong>Compagnie des Bateaux<\/strong> (20\u20ac\/adulte). En famille, le <strong>mini-golf Imp\u00e9rial<\/strong> ou la <strong>F\u00eate du Lac<\/strong> en ao\u00fbt ravissent tous[1][2][6].\n    <\/p>\n<ul>\n<li><strong>Activit\u00e9s nautiques<\/strong> : kayak 12\u20ac\/h, voile au <strong>Cercle Nautique d\u2019Annecy<\/strong>.<\/li>\n<li><strong>Culture<\/strong> : <strong>Festival International du Film d\u2019Animation<\/strong> en juin, march\u00e9s de No?l en d\u00e9cembre[7].<\/li>\n<li>Balades \u00e0 <strong>v\u00e9lo Annecy<\/strong> : niveau facile, 1h pour 10 km.<\/li>\n<\/ul>\n<h2>Les meilleurs endroits pour profiter du lac d\u2019Annecy<\/h2>\n<p>\n        Le <strong>lac d\u2019Annecy<\/strong>, <u>un des plus purs d\u2019Europe avec 90% de puret\u00e9 gr\u00e2ce \u00e0 son \u00e9puration naturelle<\/u>, culmine \u00e0 24?C en juillet et atteint <u>82 m\u00e8tres de profondeur<\/u>. Nous adorons ses plages : <strong>Albigny<\/strong> (herbe, gratuite), <strong>Marquisats<\/strong> (sable, 5\u20ac\/jour en \u00e9t\u00e9), <strong>Talloires-Montmin<\/strong> (galets, vue sur <strong>Duingt<\/strong>)[4].\n    <\/p>\n<p>\n        Pour des <strong>vues<\/strong> panoramiques, montez au <strong>Col de la Forclaz<\/strong> (3 km en voiture, 1150m alt.) ou au <strong>Semnoz<\/strong>. Embarquez pour une croisi\u00e8re de 1h avec <strong>CGN Bateaux<\/strong> (15\u20ac) ou louez un bateau \u00e9lectrique chez <strong>Locamarie<\/strong>. La p\u00eache est r\u00e9glement\u00e9e : carte annuelle 55\u20ac, zones libres au <strong>port d\u2019Annecy<\/strong>[1][2].\n    <\/p>\n<ul>\n<li><strong>Plages<\/strong> : <strong>Sevrier<\/strong> familiale, <strong>Saint-Jorioz<\/strong> sauvage.<\/li>\n<li><strong>Balades en bateau<\/strong> : r\u00e9servez en juillet-ao\u00fbt pour \u00e9viter 2h d\u2019attente.<\/li>\n<li><u>Propret\u00e9 de l\u2019eau<\/u> : label <strong>Swimclean<\/strong> depuis 2000.<\/li>\n<\/ul>\n<h2>D\u00e9couverte des montagnes et cols autour d\u2019Annecy<\/h2>\n<p>\n        Notre <strong>blog Annecy<\/strong> \u00e9tend l\u2019exploration aux massifs comme <strong>Semnoz<\/strong> (1700m), <strong>Parmelan<\/strong> (2232m), <strong>Tournette<\/strong> (2351m), <strong>Bauges<\/strong> et <strong>Aravis<\/strong>. Pour d\u00e9butants, la <strong>randonn\u00e9e<\/strong> du <strong>Mont Veyrier<\/strong> (1291m, 2h, 400m D+) offre vues sur le <strong>lac<\/strong>.\n    <\/p>\n<p>\n        Cyclistes, affrontez le <strong>Col de la Forclaz<\/strong> (8km, 700m D+), <strong>Col des Aravis<\/strong> (17km depuis La Clusaz). En hiver, <strong>La Clusaz<\/strong> (20min, 50 pistes) ou <strong>Le Grand-Bornand<\/strong> proposent ski alpin et nordique[2][5].\n    <\/p>\n<ul>\n<li><strong>Randonn\u00e9es faciles<\/strong> : <strong>Tournette<\/strong> boucle 12km, 800m D+.<\/li>\n<li><strong>Stations de ski<\/strong> : <strong>Semnoz<\/strong> \u00e0 20min, 10km de pistes.<\/li>\n<li><strong>Cols v\u00e9lo<\/strong> : <strong>Leschaux<\/strong>, 6km raides.<\/li>\n<\/ul>\n<h2>Histoire et culture d\u2019Annecy : du ch\u00e2teau au vieux centre<\/h2>\n<p>\n        Fond\u00e9e au <strong>Neolithique<\/strong>, <strong>Annecy<\/strong> prosp\u00e8re sous les <strong>ducs de Savoie<\/strong> d\u00e8s le <strong>XIIIe si\u00e8cle<\/strong>, devenant capitale en 1295. Le <strong>Ch\u00e2teau d\u2019Annecy<\/strong>, b\u00e2ti du <strong>XIIe au XVIe si\u00e8cle<\/strong>, abrite le <strong>Mus\u00e9e-Ch\u00e2teau<\/strong> avec collections sur les alpages (entr\u00e9e 6,50\u20ac, ouvert toute l\u2019ann\u00e9e)[2].\n    <\/p>\n<p>\n        Le <strong>Palais de l\u2019Isle<\/strong> (1325), ex-prison, accueille expositions (5,50\u20ac). Le <strong>centre historique<\/strong> inclut la <strong>Cath\u00e9drale Saint-Pierre<\/strong> et l\u2019\u00e9glise <strong>Saint-Fran\u00e7ois<\/strong>. \u00c9v\u00e9nements : <strong>Festival du Film d\u2019Animation<\/strong> (juin), <strong>F\u00eate du Lac<\/strong> (ao\u00fbt, feux d\u2019artifice)[1][4].\n    <\/p>\n<ul>\n<li><strong>Ch\u00e2teau d\u2019Annecy<\/strong> : vue lac, armures m\u00e9di\u00e9vales.<\/li>\n<li><strong>Palais de l\u2019Isle<\/strong> : embl\u00e8me photo depuis 1960.<\/li>\n<li>March\u00e9s de No?l : d\u00e9cembre, <u>100 chalets<\/u> en 2025[7].<\/li>\n<\/ul>\n<h2>Gastronomie \u00e0 Annecy : restaurants, sp\u00e9cialit\u00e9s et exp\u00e9riences \u00e0 ne pas manquer<\/h2>\n<p>\n        Go\u00fbtez les <strong>fondue savoyarde<\/strong> au <strong>reblochon<\/strong>, <strong>raclette<\/strong>, <strong>diots au vin blanc<\/strong> et vins <strong>Apremont<\/strong>. Chez <strong>Le Freti<\/strong>, brasserie vue <strong>lac<\/strong>, savourez une tartiflette (25\u20ac). Pour gastronomique, <strong>Le Clos des Sens<\/strong> (2* Michelin) propose menus \u00e0 150\u20ac.\n    <\/p>\n<p>\n        March\u00e9s du <strong>centre<\/strong> (mardi\/vendredi) regorgent de <strong>Abondance<\/strong> et <strong>Tomme<\/strong> pour pique-niques. Terrasses comme <strong>La Ciboulette<\/strong> offrent couchers de soleil magiques[1][3].\n    <\/p>\n<ul>\n<li><strong>Restaurants vue lac<\/strong> : r\u00e9servez <strong>Le Bistro<\/strong> en \u00e9t\u00e9.<\/li>\n<li>Options v\u00e9ganes : <strong>Green Deer<\/strong> au Vieil Annecy.<\/li>\n<li><u>Budget repas<\/u> : 20-40\u20ac\/pers. haute saison.<\/li>\n<\/ul>\n<h2>O\u00f9 dormir \u00e0 Annecy ? Quartiers, types d\u2019h\u00e9bergements et budgets<\/h2>\n<p>\n        Privil\u00e9giez le <strong>vieil Annecy<\/strong> pour l\u2019ambiance, bord de <strong>lac<\/strong> pour vues, ou <strong>Annecy-le-Vieux<\/strong> pour calme. \u00c0 <strong>Talloires<\/strong> ou <strong>Veyrier-du-Lac<\/strong>, d\u00e9couvrez villages charmants.\n    <\/p>\n<p>\n        H\u00f4tels comme <strong>Imp\u00e9rial Palace<\/strong> (200\u20ac\/nuit \u00e9t\u00e9), g\u00eetes ou Airbnb (100\u20ac). Campings \u00e0 <strong>Sevrier<\/strong> (30\u20ac\/nuit). <u>Budget<\/u> : 80-250\u20ac basse\/haute saison[4][8].\n    <\/p>\n<ul>\n<li>Familles : <strong>chambres d\u2019h\u00f4tes<\/strong> \u00e0 <strong>Saint-Jorioz<\/strong>.<\/li>\n<li>Couples : h\u00f4tels vue <strong>lac<\/strong> comme <strong>Fairy Lake<\/strong>.<\/li>\n<li>Long s\u00e9jour : locations \u00e0 <strong>Cran-Gevrier<\/strong>.<\/li>\n<\/ul>\n<h2>Conseils pratiques pour visiter Annecy (p\u00e9riode, transports, dur\u00e9e du s\u00e9jour)<\/h2>\n<p>\n        Pr\u00e9voyez 3 jours pour <strong>lac<\/strong>, ville, <strong>montagnes<\/strong> : jour 1 ville\/lac, 2 activit\u00e9s nautiques, 3 randonn\u00e9e. \u00c9t\u00e9 (juillet-ao\u00fbt) bond\u00e9 (28?C), automne doux (15?C), hiver f\u00e9\u00e9rique[10].\n    <\/p>\n<p>\n        En <strong>voiture<\/strong> via A41, parkings relais 5\u20ac\/jour. Train depuis <strong>Gen\u00e8ve<\/strong> (1h), bus SIBRA sur place. <u>Budget total 3j\/2p<\/u> : 300-500\u20ac[1][8].\n    <\/p>\n<ul>\n<li>\u00c9viter foule : matins au <strong>lac<\/strong>, villages comme <strong>Duingt<\/strong>.<\/li>\n<li><strong>V\u00e9lo\/bus<\/strong> : pass 1 jour 5\u20ac.<\/li>\n<li>Meilleure p\u00e9riode : mai\/juin, <u>moins 30% affluence<\/u>.<\/li>\n<\/ul>\n<h2>Itin\u00e9raires et id\u00e9es de s\u00e9jours th\u00e9matiques autour d\u2019Annecy<\/h2>\n<p>\n        Week-end romantique : jour 1 <strong>vieil Annecy<\/strong>\/d\u00eener <strong>vue lac<\/strong> au <strong>Beau-Site<\/strong>, jour 2 croisi\u00e8re\/<strong>Col de la Forclaz<\/strong>, h\u00f4tel <strong>Du Lac<\/strong>.\n    <\/p>\n<p>\n        Famille 3j : plage <strong>Marquisats<\/strong>, <strong>mini-golf<\/strong>, <strong>randonn\u00e9e Veyrier<\/strong>. Sportif : <strong>v\u00e9lo cols<\/strong>+kayak+<strong>Tournette<\/strong>. Nature : tour <strong>lac<\/strong> villages, march\u00e9s[2][3].\n    <\/p>\n<ul>\n<li><strong>S\u00e9jour slow<\/strong> : <strong>Talloires<\/strong>, pique-nique <strong>Menthon-Saint-Bernard<\/strong>.<\/li>\n<li>Horaires type : 9h balade, 12h repas, 15h activit\u00e9.<\/li>\n<\/ul>\n<h2>Ressources locales, bons plans et vie au quotidien \u00e0 Annecy<\/h2>\n<p>\n        Bons plans : vues gratuites <strong>Semnoz<\/strong>, balades <strong>voie verte<\/strong>. Suivez <strong>Office de Tourisme Lac d\u2019Annecy<\/strong> et comptes Instagram comme <strong>@annecy_tourisme<\/strong>.\n    <\/p>\n<p>\n        Vivre \u00e0 <strong>Annecy<\/strong> : co\u00fbt vie <u>+20% moyenne France<\/u>, acc\u00e8s nature, quartiers comme <strong>Seynod<\/strong>. Id\u00e9al pour s\u2019impr\u00e9gner au quotidien[8][9].\n    <\/p>\n<ul>\n<li>Gratuit : <strong>Jardins de l\u2019Europe<\/strong>, march\u00e9s.<\/li>\n<li>Locaux : <strong>blog Annecy<\/strong> pour sorties <strong>Cran-Gevrier<\/strong>.<\/li>\n<\/ul>\n<h2>Conclusion : Pr\u00e9parez votre prochain s\u00e9jour \u00e0 Annecy gr\u00e2ce \u00e0 ce blog<\/h2>\n<p>\n        <strong>Annecy<\/strong> unit <strong>lac<\/strong>, <strong>montagnes<\/strong>, <strong>centre historique<\/strong>, <strong>Ch\u00e2teau<\/strong>, gastronomie et <strong>activit\u00e9s<\/strong> pour exp\u00e9riences uniques. Nous vous promettons des souvenirs grav\u00e9s : brise sur l\u2019<strong>eau<\/strong>, vues sommets, terrasses anim\u00e9es.\n    <\/p>\n<p>\n        Partagez vos adresses favorites en commentaires, explorez nos guides d\u00e9taill\u00e9s sur <strong>randonn\u00e9es<\/strong> ou <strong>cols<\/strong>. Notre <strong>blog Annecy<\/strong> vous attend pour transformer votre envie en r\u00e9alit\u00e9 : <strong>d\u00e9couvrez Annecy<\/strong> d\u00e8s demain.\n    <\/p>\n<div style=\"background: #e8f4f8;border: 3px solid #0073aa;padding: 20px;margin: 20px 0;border-radius: 8px\">\n<h2 style=\"color: #0073aa;text-align: center;margin-bottom: 15px\">\ud83d\udd27 Ressources Pratiques et Outils<\/h2>\n<div style=\"background: white;padding: 15px;margin: 10px 0;border-left: 4px solid #28a745\">\n<h3 style=\"color: #28a745;margin-bottom: 10px\">\ud83d\udccd Ressources pour le Blog Annecy \u00e0 Nantes<\/h3>\n<p>Aucune ressource sp\u00e9cifique \u00e0 Nantes concernant le blog Annecy n&rsquo;a \u00e9t\u00e9 trouv\u00e9e. Pour des informations sur Annecy, veuillez consulter le <a href=\"https:\/\/www.annecy-tourisme.com\" rel=\"nofollow\" target=\"_blank\">site officiel de l&rsquo;Office de Tourisme d&rsquo;Annecy<\/a>.<\/p>\n<\/div>\n<div style=\"background: white;padding: 15px;margin: 10px 0;border-left: 4px solid #007bff\">\n<h3 style=\"color: #007bff;margin-bottom: 10px\">\ud83d\udee0\ufe0f Outils et Calculateurs<\/h3>\n<p>Aucun outil sp\u00e9cifique n&rsquo;a \u00e9t\u00e9 identifi\u00e9 pour le blog Annecy \u00e0 Nantes. Pour des conseils pratiques sur votre s\u00e9jour \u00e0 Annecy, visitez le <a href=\"https:\/\/www.annecy-tourisme.com\" rel=\"nofollow\" target=\"_blank\">site de l&rsquo;Office de Tourisme d&rsquo;Annecy<\/a>.<\/p>\n<\/div>\n<div style=\"background: white;padding: 15px;margin: 10px 0;border-left: 4px solid #6f42c1\">\n<h3 style=\"color: #6f42c1;margin-bottom: 10px\">\ud83d\udc65 Communaut\u00e9 et Experts<\/h3>\n<p>Aucune communaut\u00e9 ou expert sp\u00e9cifique \u00e0 Nantes pour le blog Annecy n&rsquo;a \u00e9t\u00e9 trouv\u00e9. Pour des informations et des conseils, suivez les comptes Instagram comme <strong>@annecy_tourisme<\/strong>.<\/p>\n<\/div>\n<div style=\"background: #fff3cd;padding: 15px;margin: 15px 0;border: 2px solid #ffc107;border-radius: 5px\">\n<strong style=\"color: #856404\">\ud83d\udca1 R\u00e9sum\u00e9 en 2 lignes :<\/strong><br \/>\n<span>Aucune donn\u00e9e pertinente n&rsquo;a \u00e9t\u00e9 trouv\u00e9e concernant le blog Annecy \u00e0 Nantes. Pour des informations fiables sur Annecy, consultez le site de l&rsquo;Office de Tourisme.<\/span>\n<\/div>\n<\/div>\n<hr \/>\n<div class=\"articles-lies\">\n<h3>\u00c0 lire aussi<\/h3>\n<ul>\n<li><a href=\"https:\/\/lefouduvoyage.fr\/blog\/destinations\/les-plages-protegees-de-guadeloupe-top-spots-pour-snorkeling-et-detente\/\">Les plages prot\u00e9g\u00e9es de Guadeloupe : top spots pour snorkeling et d\u00e9tente<\/a><\/li>\n<li><a href=\"https:\/\/lefouduvoyage.fr\/blog\/destinations\/decouvrir-amsterdam-quartiers-incontournables-pour-un-sejour-authentique\/\">D\u00e9couvrir Amsterdam : quartiers incontournables pour un s\u00e9jour authentique<\/a><\/li>\n<li><a href=\"https:\/\/lefouduvoyage.fr\/blog\/destinations\/seville-les-quartiers-incontournables-pour-explorer-la-ville-authentique\/\">S\u00e9ville : Les quartiers incontournables pour explorer la ville authentique<\/a><\/li>\n<li><a href=\"https:\/\/lefouduvoyage.fr\/blog\/destinations\/les-cirques-de-la-reunion-un-patrimoine-naturel-exceptionnel\/\">Les cirques de La R\u00e9union : un patrimoine naturel exceptionnel<\/a><\/li>\n<\/ul>\n<\/div>\n","protected":false},"excerpt":{"rendered":"","protected":false},"author":34,"featured_media":8246,"comment_status":"open","ping_status":"open","sticky":false,"template":"","format":"standard","meta":{"_acf_changed":false,"manual_indexmenow":false,"indexmenow_id_project":0,"footnotes":""},"categories":[4520],"tags":[5044,5046,5045],"class_list":["post-8244","post","type-post","status-publish","format-standard","has-post-thumbnail","hentry","category-destinations","tag-annecy","tag-lac-annecy","tag-venise-des-alpes","generate-columns","tablet-grid-50","mobile-grid-100","grid-parent","grid-25"],"acf":[],"yoast_head":"<!-- This site is optimized with the Yoast SEO Premium plugin v21.3 (Yoast SEO v26.5) - https:\/\/yoast.com\/wordpress\/plugins\/seo\/ -->\n<title>D\u00e9couvrir Annecy : le guide pour explorer la Venise des Alpes<\/title>\n<meta name=\"description\" content=\"D\u00e9couvrir Annecy : conseils, id\u00e9es d&#039;itin\u00e9raire et infos pratiques pour bien pr\u00e9parer votre voyage et en profiter pleinement.\" \/>\n<meta name=\"robots\" content=\"index, follow, max-snippet:-1, max-image-preview:large, max-video-preview:-1\" \/>\n<link rel=\"canonical\" href=\"https:\/\/lefouduvoyage.fr\/blog\/destinations\/decouvrir-annecy-le-guide-pour-explorer-la-venise-des-alpes\/\" \/>\n<meta property=\"og:locale\" content=\"fr_FR\" \/>\n<meta property=\"og:type\" content=\"article\" \/>\n<meta property=\"og:title\" content=\"D\u00e9couvrir Annecy : le guide pour explorer la Venise des Alpes\" \/>\n<meta property=\"og:description\" content=\"D\u00e9couvrir Annecy : conseils, id\u00e9es d&#039;itin\u00e9raire et infos pratiques pour bien pr\u00e9parer votre voyage et en profiter pleinement.\" \/>\n<meta property=\"og:url\" content=\"https:\/\/lefouduvoyage.fr\/blog\/destinations\/decouvrir-annecy-le-guide-pour-explorer-la-venise-des-alpes\/\" \/>\n<meta property=\"og:site_name\" content=\"lefouduvoyage\" \/>\n<meta property=\"og:image\" content=\"https:\/\/lefouduvoyage.fr\/blog\/wp-content\/uploads\/2025\/12\/pag-image-6940430e40429-scaled.png\" \/>\n\t<meta property=\"og:image:width\" content=\"1200\" \/>\n\t<meta property=\"og:image:height\" content=\"686\" \/>\n\t<meta property=\"og:image:type\" content=\"image\/png\" \/>\n<meta name=\"author\" content=\"Camille Rouvray\" \/>\n<meta name=\"twitter:card\" content=\"summary_large_image\" \/>\n<script type=\"application\/ld+json\" class=\"yoast-schema-graph\">{\"@context\":\"https:\/\/schema.org\",\"@graph\":[{\"@type\":\"NewsArticle\",\"@id\":\"https:\/\/lefouduvoyage.fr\/blog\/destinations\/decouvrir-annecy-le-guide-pour-explorer-la-venise-des-alpes\/#article\",\"isPartOf\":{\"@id\":\"https:\/\/lefouduvoyage.fr\/blog\/destinations\/decouvrir-annecy-le-guide-pour-explorer-la-venise-des-alpes\/\"},\"author\":{\"name\":\"Camille Rouvray\",\"@id\":\"https:\/\/lefouduvoyage.fr\/blog\/#\/schema\/person\/3c864cdc320801e3db34b663e7e3f816\"},\"headline\":\"D\u00e9couvrir Annecy : le guide pour explorer la Venise des Alpes\",\"datePublished\":\"2026-02-16T08:15:00+00:00\",\"mainEntityOfPage\":{\"@id\":\"https:\/\/lefouduvoyage.fr\/blog\/destinations\/decouvrir-annecy-le-guide-pour-explorer-la-venise-des-alpes\/\"},\"wordCount\":1646,\"commentCount\":0,\"publisher\":{\"@id\":\"https:\/\/lefouduvoyage.fr\/blog\/#organization\"},\"image\":{\"@id\":\"https:\/\/lefouduvoyage.fr\/blog\/destinations\/decouvrir-annecy-le-guide-pour-explorer-la-venise-des-alpes\/#primaryimage\"},\"thumbnailUrl\":\"https:\/\/lefouduvoyage.fr\/blog\/wp-content\/uploads\/2025\/12\/pag-image-6940430e40429-scaled.png\",\"keywords\":[\"annecy\",\"lac annecy\",\"venise des alpes\"],\"articleSection\":[\"Destinations\"],\"inLanguage\":\"fr-FR\",\"potentialAction\":[{\"@type\":\"CommentAction\",\"name\":\"Comment\",\"target\":[\"https:\/\/lefouduvoyage.fr\/blog\/destinations\/decouvrir-annecy-le-guide-pour-explorer-la-venise-des-alpes\/#respond\"]}]},{\"@type\":\"WebPage\",\"@id\":\"https:\/\/lefouduvoyage.fr\/blog\/destinations\/decouvrir-annecy-le-guide-pour-explorer-la-venise-des-alpes\/\",\"url\":\"https:\/\/lefouduvoyage.fr\/blog\/destinations\/decouvrir-annecy-le-guide-pour-explorer-la-venise-des-alpes\/\",\"name\":\"D\u00e9couvrir Annecy : le guide pour explorer la Venise des Alpes\",\"isPartOf\":{\"@id\":\"https:\/\/lefouduvoyage.fr\/blog\/#website\"},\"primaryImageOfPage\":{\"@id\":\"https:\/\/lefouduvoyage.fr\/blog\/destinations\/decouvrir-annecy-le-guide-pour-explorer-la-venise-des-alpes\/#primaryimage\"},\"image\":{\"@id\":\"https:\/\/lefouduvoyage.fr\/blog\/destinations\/decouvrir-annecy-le-guide-pour-explorer-la-venise-des-alpes\/#primaryimage\"},\"thumbnailUrl\":\"https:\/\/lefouduvoyage.fr\/blog\/wp-content\/uploads\/2025\/12\/pag-image-6940430e40429-scaled.png\",\"datePublished\":\"2026-02-16T08:15:00+00:00\",\"description\":\"D\u00e9couvrir Annecy : conseils, id\u00e9es d'itin\u00e9raire et infos pratiques pour bien pr\u00e9parer votre voyage et en profiter pleinement.\",\"inLanguage\":\"fr-FR\",\"potentialAction\":[{\"@type\":\"ReadAction\",\"target\":[\"https:\/\/lefouduvoyage.fr\/blog\/destinations\/decouvrir-annecy-le-guide-pour-explorer-la-venise-des-alpes\/\"]}]},{\"@type\":\"ImageObject\",\"inLanguage\":\"fr-FR\",\"@id\":\"https:\/\/lefouduvoyage.fr\/blog\/destinations\/decouvrir-annecy-le-guide-pour-explorer-la-venise-des-alpes\/#primaryimage\",\"url\":\"https:\/\/lefouduvoyage.fr\/blog\/wp-content\/uploads\/2025\/12\/pag-image-6940430e40429-scaled.png\",\"contentUrl\":\"https:\/\/lefouduvoyage.fr\/blog\/wp-content\/uploads\/2025\/12\/pag-image-6940430e40429-scaled.png\",\"width\":1200,\"height\":686,\"caption\":\"Image g\u00e9n\u00e9r\u00e9e par IA optimis\u00e9e pour Google Discover\"},{\"@type\":\"WebSite\",\"@id\":\"https:\/\/lefouduvoyage.fr\/blog\/#website\",\"url\":\"https:\/\/lefouduvoyage.fr\/blog\/\",\"name\":\"Le Fou du Voyage\",\"description\":\"Le Fou du Voyage, l&#039;aventure sans limites\",\"publisher\":{\"@id\":\"https:\/\/lefouduvoyage.fr\/blog\/#organization\"},\"alternateName\":\"Le Fou du Voyage, l'aventure sans limites\",\"potentialAction\":[{\"@type\":\"SearchAction\",\"target\":{\"@type\":\"EntryPoint\",\"urlTemplate\":\"https:\/\/lefouduvoyage.fr\/blog\/?s={search_term_string}\"},\"query-input\":{\"@type\":\"PropertyValueSpecification\",\"valueRequired\":true,\"valueName\":\"search_term_string\"}}],\"inLanguage\":\"fr-FR\"},{\"@type\":\"Organization\",\"@id\":\"https:\/\/lefouduvoyage.fr\/blog\/#organization\",\"name\":\"Le Fou du Voyage\",\"alternateName\":\"Le Fou du Voyage\",\"url\":\"https:\/\/lefouduvoyage.fr\/blog\/\",\"logo\":{\"@type\":\"ImageObject\",\"inLanguage\":\"fr-FR\",\"@id\":\"https:\/\/lefouduvoyage.fr\/blog\/#\/schema\/logo\/image\/\",\"url\":\"https:\/\/lefouduvoyage.fr\/blog\/wp-content\/uploads\/2024\/12\/48.png\",\"contentUrl\":\"https:\/\/lefouduvoyage.fr\/blog\/wp-content\/uploads\/2024\/12\/48.png\",\"width\":500,\"height\":500,\"caption\":\"Le Fou du Voyage\"},\"image\":{\"@id\":\"https:\/\/lefouduvoyage.fr\/blog\/#\/schema\/logo\/image\/\"}},{\"@type\":\"Person\",\"@id\":\"https:\/\/lefouduvoyage.fr\/blog\/#\/schema\/person\/3c864cdc320801e3db34b663e7e3f816\",\"name\":\"Camille Rouvray\",\"image\":{\"@type\":\"ImageObject\",\"inLanguage\":\"fr-FR\",\"@id\":\"https:\/\/lefouduvoyage.fr\/blog\/#\/schema\/person\/image\/\",\"url\":\"https:\/\/lefouduvoyage.fr\/blog\/wp-content\/uploads\/2026\/06\/persona_camille-r-96x96.jpg\",\"contentUrl\":\"https:\/\/lefouduvoyage.fr\/blog\/wp-content\/uploads\/2026\/06\/persona_camille-r-96x96.jpg\",\"caption\":\"Camille Rouvray\"},\"description\":\"Je voyage et j'\u00e9cris sur le voyage depuis une douzaine d'ann\u00e9es, d'abord en tant que routarde au long cours, puis comme r\u00e9dactrice sp\u00e9cialis\u00e9e. Mon terrain de pr\u00e9dilection, ce sont les circuits organis\u00e9s et l'art de bien pr\u00e9parer un itin\u00e9raire : choix de la saison, dur\u00e9e r\u00e9aliste des \u00e9tapes, budget jour par jour, logement et transport sur place. J'aime aussi raconter les p\u00e9pites urbaines, ces adresses qu'on ne trouve pas dans les guides classiques. Avant de publier un dossier destination, je croise toujours plusieurs sources, je v\u00e9rifie les tarifs et les formalit\u00e9s d'entr\u00e9e \u00e0 jour, et je teste moi-m\u00eame quand je le peux. Mon angle reste pratique avant tout : aider le lecteur \u00e0 partir l'esprit tranquille, sans mauvaise surprise une fois sur place. Je m'attache \u00e0 distinguer le coup de c\u0153ur sinc\u00e8re du simple argument marketing.\",\"sameAs\":[\"https:\/\/camillerouvray.fr\/\"],\"url\":\"https:\/\/lefouduvoyage.fr\/blog\/auteur\/noname\/\"}]}<\/script>\n<!-- \/ Yoast SEO Premium plugin. -->","yoast_head_json":{"title":"D\u00e9couvrir Annecy : le guide pour explorer la Venise des Alpes","description":"D\u00e9couvrir Annecy : conseils, id\u00e9es d'itin\u00e9raire et infos pratiques pour bien pr\u00e9parer votre voyage et en profiter pleinement.","robots":{"index":"index","follow":"follow","max-snippet":"max-snippet:-1","max-image-preview":"max-image-preview:large","max-video-preview":"max-video-preview:-1"},"canonical":"https:\/\/lefouduvoyage.fr\/blog\/destinations\/decouvrir-annecy-le-guide-pour-explorer-la-venise-des-alpes\/","og_locale":"fr_FR","og_type":"article","og_title":"D\u00e9couvrir Annecy : le guide pour explorer la Venise des Alpes","og_description":"D\u00e9couvrir Annecy : conseils, id\u00e9es d'itin\u00e9raire et infos pratiques pour bien pr\u00e9parer votre voyage et en profiter pleinement.","og_url":"https:\/\/lefouduvoyage.fr\/blog\/destinations\/decouvrir-annecy-le-guide-pour-explorer-la-venise-des-alpes\/","og_site_name":"lefouduvoyage","og_image":[{"width":1200,"height":686,"url":"https:\/\/lefouduvoyage.fr\/blog\/wp-content\/uploads\/2025\/12\/pag-image-6940430e40429-scaled.png","type":"image\/png"}],"author":"Camille Rouvray","twitter_card":"summary_large_image","schema":{"@context":"https:\/\/schema.org","@graph":[{"@type":"NewsArticle","@id":"https:\/\/lefouduvoyage.fr\/blog\/destinations\/decouvrir-annecy-le-guide-pour-explorer-la-venise-des-alpes\/#article","isPartOf":{"@id":"https:\/\/lefouduvoyage.fr\/blog\/destinations\/decouvrir-annecy-le-guide-pour-explorer-la-venise-des-alpes\/"},"author":{"name":"Camille Rouvray","@id":"https:\/\/lefouduvoyage.fr\/blog\/#\/schema\/person\/3c864cdc320801e3db34b663e7e3f816"},"headline":"D\u00e9couvrir Annecy : le guide pour explorer la Venise des Alpes","datePublished":"2026-02-16T08:15:00+00:00","mainEntityOfPage":{"@id":"https:\/\/lefouduvoyage.fr\/blog\/destinations\/decouvrir-annecy-le-guide-pour-explorer-la-venise-des-alpes\/"},"wordCount":1646,"commentCount":0,"publisher":{"@id":"https:\/\/lefouduvoyage.fr\/blog\/#organization"},"image":{"@id":"https:\/\/lefouduvoyage.fr\/blog\/destinations\/decouvrir-annecy-le-guide-pour-explorer-la-venise-des-alpes\/#primaryimage"},"thumbnailUrl":"https:\/\/lefouduvoyage.fr\/blog\/wp-content\/uploads\/2025\/12\/pag-image-6940430e40429-scaled.png","keywords":["annecy","lac annecy","venise des alpes"],"articleSection":["Destinations"],"inLanguage":"fr-FR","potentialAction":[{"@type":"CommentAction","name":"Comment","target":["https:\/\/lefouduvoyage.fr\/blog\/destinations\/decouvrir-annecy-le-guide-pour-explorer-la-venise-des-alpes\/#respond"]}]},{"@type":"WebPage","@id":"https:\/\/lefouduvoyage.fr\/blog\/destinations\/decouvrir-annecy-le-guide-pour-explorer-la-venise-des-alpes\/","url":"https:\/\/lefouduvoyage.fr\/blog\/destinations\/decouvrir-annecy-le-guide-pour-explorer-la-venise-des-alpes\/","name":"D\u00e9couvrir Annecy : le guide pour explorer la Venise des Alpes","isPartOf":{"@id":"https:\/\/lefouduvoyage.fr\/blog\/#website"},"primaryImageOfPage":{"@id":"https:\/\/lefouduvoyage.fr\/blog\/destinations\/decouvrir-annecy-le-guide-pour-explorer-la-venise-des-alpes\/#primaryimage"},"image":{"@id":"https:\/\/lefouduvoyage.fr\/blog\/destinations\/decouvrir-annecy-le-guide-pour-explorer-la-venise-des-alpes\/#primaryimage"},"thumbnailUrl":"https:\/\/lefouduvoyage.fr\/blog\/wp-content\/uploads\/2025\/12\/pag-image-6940430e40429-scaled.png","datePublished":"2026-02-16T08:15:00+00:00","description":"D\u00e9couvrir Annecy : conseils, id\u00e9es d'itin\u00e9raire et infos pratiques pour bien pr\u00e9parer votre voyage et en profiter pleinement.","inLanguage":"fr-FR","potentialAction":[{"@type":"ReadAction","target":["https:\/\/lefouduvoyage.fr\/blog\/destinations\/decouvrir-annecy-le-guide-pour-explorer-la-venise-des-alpes\/"]}]},{"@type":"ImageObject","inLanguage":"fr-FR","@id":"https:\/\/lefouduvoyage.fr\/blog\/destinations\/decouvrir-annecy-le-guide-pour-explorer-la-venise-des-alpes\/#primaryimage","url":"https:\/\/lefouduvoyage.fr\/blog\/wp-content\/uploads\/2025\/12\/pag-image-6940430e40429-scaled.png","contentUrl":"https:\/\/lefouduvoyage.fr\/blog\/wp-content\/uploads\/2025\/12\/pag-image-6940430e40429-scaled.png","width":1200,"height":686,"caption":"Image g\u00e9n\u00e9r\u00e9e par IA optimis\u00e9e pour Google Discover"},{"@type":"WebSite","@id":"https:\/\/lefouduvoyage.fr\/blog\/#website","url":"https:\/\/lefouduvoyage.fr\/blog\/","name":"Le Fou du Voyage","description":"Le Fou du Voyage, l&#039;aventure sans limites","publisher":{"@id":"https:\/\/lefouduvoyage.fr\/blog\/#organization"},"alternateName":"Le Fou du Voyage, l'aventure sans limites","potentialAction":[{"@type":"SearchAction","target":{"@type":"EntryPoint","urlTemplate":"https:\/\/lefouduvoyage.fr\/blog\/?s={search_term_string}"},"query-input":{"@type":"PropertyValueSpecification","valueRequired":true,"valueName":"search_term_string"}}],"inLanguage":"fr-FR"},{"@type":"Organization","@id":"https:\/\/lefouduvoyage.fr\/blog\/#organization","name":"Le Fou du Voyage","alternateName":"Le Fou du Voyage","url":"https:\/\/lefouduvoyage.fr\/blog\/","logo":{"@type":"ImageObject","inLanguage":"fr-FR","@id":"https:\/\/lefouduvoyage.fr\/blog\/#\/schema\/logo\/image\/","url":"https:\/\/lefouduvoyage.fr\/blog\/wp-content\/uploads\/2024\/12\/48.png","contentUrl":"https:\/\/lefouduvoyage.fr\/blog\/wp-content\/uploads\/2024\/12\/48.png","width":500,"height":500,"caption":"Le Fou du Voyage"},"image":{"@id":"https:\/\/lefouduvoyage.fr\/blog\/#\/schema\/logo\/image\/"}},{"@type":"Person","@id":"https:\/\/lefouduvoyage.fr\/blog\/#\/schema\/person\/3c864cdc320801e3db34b663e7e3f816","name":"Camille Rouvray","image":{"@type":"ImageObject","inLanguage":"fr-FR","@id":"https:\/\/lefouduvoyage.fr\/blog\/#\/schema\/person\/image\/","url":"https:\/\/lefouduvoyage.fr\/blog\/wp-content\/uploads\/2026\/06\/persona_camille-r-96x96.jpg","contentUrl":"https:\/\/lefouduvoyage.fr\/blog\/wp-content\/uploads\/2026\/06\/persona_camille-r-96x96.jpg","caption":"Camille Rouvray"},"description":"Je voyage et j'\u00e9cris sur le voyage depuis une douzaine d'ann\u00e9es, d'abord en tant que routarde au long cours, puis comme r\u00e9dactrice sp\u00e9cialis\u00e9e. Mon terrain de pr\u00e9dilection, ce sont les circuits organis\u00e9s et l'art de bien pr\u00e9parer un itin\u00e9raire : choix de la saison, dur\u00e9e r\u00e9aliste des \u00e9tapes, budget jour par jour, logement et transport sur place. J'aime aussi raconter les p\u00e9pites urbaines, ces adresses qu'on ne trouve pas dans les guides classiques. Avant de publier un dossier destination, je croise toujours plusieurs sources, je v\u00e9rifie les tarifs et les formalit\u00e9s d'entr\u00e9e \u00e0 jour, et je teste moi-m\u00eame quand je le peux. Mon angle reste pratique avant tout : aider le lecteur \u00e0 partir l'esprit tranquille, sans mauvaise surprise une fois sur place. Je m'attache \u00e0 distinguer le coup de c\u0153ur sinc\u00e8re du simple argument marketing.","sameAs":["https:\/\/camillerouvray.fr\/"],"url":"https:\/\/lefouduvoyage.fr\/blog\/auteur\/noname\/"}]}},"_links":{"self":[{"href":"https:\/\/lefouduvoyage.fr\/blog\/wp-json\/wp\/v2\/posts\/8244","targetHints":{"allow":["GET"]}}],"collection":[{"href":"https:\/\/lefouduvoyage.fr\/blog\/wp-json\/wp\/v2\/posts"}],"about":[{"href":"https:\/\/lefouduvoyage.fr\/blog\/wp-json\/wp\/v2\/types\/post"}],"author":[{"embeddable":true,"href":"https:\/\/lefouduvoyage.fr\/blog\/wp-json\/wp\/v2\/users\/34"}],"replies":[{"embeddable":true,"href":"https:\/\/lefouduvoyage.fr\/blog\/wp-json\/wp\/v2\/comments?post=8244"}],"version-history":[{"count":1,"href":"https:\/\/lefouduvoyage.fr\/blog\/wp-json\/wp\/v2\/posts\/8244\/revisions"}],"predecessor-version":[{"id":8313,"href":"https:\/\/lefouduvoyage.fr\/blog\/wp-json\/wp\/v2\/posts\/8244\/revisions\/8313"}],"wp:featuredmedia":[{"embeddable":true,"href":"https:\/\/lefouduvoyage.fr\/blog\/wp-json\/wp\/v2\/media\/8246"}],"wp:attachment":[{"href":"https:\/\/lefouduvoyage.fr\/blog\/wp-json\/wp\/v2\/media?parent=8244"}],"wp:term":[{"taxonomy":"category","embeddable":true,"href":"https:\/\/lefouduvoyage.fr\/blog\/wp-json\/wp\/v2\/categories?post=8244"},{"taxonomy":"post_tag","embeddable":true,"href":"https:\/\/lefouduvoyage.fr\/blog\/wp-json\/wp\/v2\/tags?post=8244"}],"curies":[{"name":"wp","href":"https:\/\/api.w.org\/{rel}","templated":true}]}}