{"id":8106,"date":"2025-12-08T09:20:00","date_gmt":"2025-12-08T08:20:00","guid":{"rendered":"https:\/\/lefouduvoyage.fr\/blog\/?p=8106"},"modified":"2025-12-08T09:20:00","modified_gmt":"2025-12-08T08:20:00","slug":"les-7-capitales-europeennes-abordables-que-personne-ne-vous-a-encore-revelees-pour-voyager-malin-et-economiser-gros","status":"publish","type":"post","link":"https:\/\/lefouduvoyage.fr\/blog\/a-la-une\/les-7-capitales-europeennes-abordables-que-personne-ne-vous-a-encore-revelees-pour-voyager-malin-et-economiser-gros\/","title":{"rendered":"Les 7 capitales europ\u00e9ennes abordables que personne ne vous a encore r\u00e9v\u00e9l\u00e9es pour voyager malin et \u00e9conomiser gros"},"content":{"rendered":"<h1>Voyager malin en Europe : Les capitales \u00e9conomiques \u00e0 ne pas manquer<\/h1>\n<h2>Explorer Sarajevo : immersion culturelle \u00e0 prix doux<\/h2>\n<p>\n        En <strong>Bosnie-Herz\u00e9govine<\/strong>, <strong>Sarajevo<\/strong> se r\u00e9v\u00e8le comme l\u2019une des rares grandes villes europ\u00e9ennes \u00e0 n\u2019avoir subi que tr\u00e8s peu l\u2019influence du tourisme de masse. Au carrefour de l\u2019Orient et de l\u2019Occident, son <u>h\u00e9ritage multiculturel<\/u> se traduit dans son architecture, ses mus\u00e9es, sa gastronomie et sa vie locale. Avec une <strong>tasse de caf\u00e9 turc<\/strong> d\u00e9gust\u00e9e dans le vieux bazar <strong>Ba\u0161\u010dar\u0161ija<\/strong>, on profite de tarifs d\u00e9risoires compar\u00e9s \u00e0 l\u2019Europe de l\u2019Ouest (un d\u00eener traditionnel complet pour moins de <u>8 euros<\/u>).\n    <\/p>\n<ul>\n<li><strong>Mus\u00e9e historique de Sarajevo<\/strong>\u202f: L\u2019entr\u00e9e \u00e0 ce mus\u00e9e majeur d\u00e9di\u00e9 \u00e0 l\u2019histoire de la ville ne co\u00fbte qu\u2019autour de <u>3 euros<\/u>.<\/li>\n<li><strong>Transports publics (GRAS Sarajevo)<\/strong>\u202f: Un ticket de tram co\u00fbte environ <u>1 euro<\/u>, facilitant la d\u00e9couverte des diff\u00e9rents quartiers.<\/li>\n<li><strong>Montagne Trebevi\u0107<\/strong>\u202f: Accessible en t\u00e9l\u00e9ph\u00e9rique pour moins de <u>7 euros aller-retour<\/u>, ce point de vue impressionne par ses <strong>panoramas sur la vall\u00e9e<\/strong>.<\/li>\n<\/ul>\n<p>\n        Les <strong>\u00e9v\u00e9nements culturels gratuits<\/strong>, les march\u00e9s locaux et la vari\u00e9t\u00e9 de logements bon march\u00e9 (nuit\u00e9e en auberge de jeunesse d\u00e8s <u>15 euros<\/u>) positionnent Sarajevo comme une <u>alternative imbattable<\/u> pour les curieux soucieux de leurs d\u00e9penses. Cette ville, que l\u2019on surnomme la <strong>\u00ab\u202fJ\u00e9rusalem de l\u2019Europe\u202f\u00bb<\/strong>, propose une exp\u00e9rience authentique sans compromis \u2013 \u00e0 l\u2019image du <strong>Festival du Film de Sarajevo<\/strong> (ao\u00fbt), v\u00e9ritable institution du cin\u00e9ma d\u2019auteur dans les Balkans[1].\n    <\/p>\n<h2>Ath\u00e8nes : grandiose, authentique et accessible<\/h2>\n<p>\n        <strong>Ath\u00e8nes<\/strong>, riche en <strong>monuments embl\u00e9matiques<\/strong>, propose un \u00e9quilibre rare\u202f: acc\u00e9der \u00e0 l\u2019h\u00e9ritage de la <strong>civilisation hell\u00e9nique<\/strong> tout en profitant d\u2019une <strong>vie urbaine anim\u00e9e<\/strong>, pour un co\u00fbt contenu. L\u2019<strong>Acropole<\/strong>, la <strong>Place Monastiraki<\/strong> ou le <strong>quartier de Plaka<\/strong> s\u2019explorent ais\u00e9ment \u00e0 pied\u202f; la plupart des mus\u00e9es offrent des <strong>jours d\u2019entr\u00e9e gratuite<\/strong> plusieurs fois par an (1er dimanche du mois entre novembre et mars).\n    <\/p>\n<ul>\n<li>Un repas copieux de <strong>souvlaki<\/strong> dans une taverne familiale revient g\u00e9n\u00e9ralement entre <u>3 et 5 euros<\/u>.<\/li>\n<li>L\u2019acc\u00e8s au m\u00e9tro (g\u00e9r\u00e9 par <strong>STASY<\/strong>) co\u00fbte <u>1,20 \u20ac l\u2019aller simple<\/u>, id\u00e9al pour relier tous les quartiers majeurs.<\/li>\n<li>L\u2019offre d\u2019h\u00e9bergements alternatifs \u2013 <strong>Auberges de jeunesse, Airbnb<\/strong> \u2013 d\u00e9marre d\u00e8s <u>20 \u20ac par nuit<\/u> en basse saison.<\/li>\n<\/ul>\n<p>\n        La <strong>sc\u00e8ne culinaire de rue<\/strong> y est particuli\u00e8rement d\u00e9velopp\u00e9e\u202f: on peut savourer un <strong>gyros<\/strong> dans une \u00e9choppe pour moins de <u>2,50 \u20ac<\/u>, ou profiter d\u2019un <strong>ap\u00e9ritif sur une terrasse<\/strong> avec vue sur l\u2019Acropole, pour le prix d\u2019un espresso parisien. Lors de la basse saison touristique (<u>novembre \u00e0 mars<\/u>), les h\u00f4tels proposent fr\u00e9quemment des r\u00e9ductions de <u>30 \u00e0 40 %<\/u> sur les tarifs standards[1].\n    <\/p>\n<h2>Zagreb : urbanit\u00e9 cr\u00e9ative au c\u0153ur des Balkans<\/h2>\n<p>\n        <strong>Zagreb<\/strong>, capitale croate, s\u00e9duit par son <strong>ambiance d\u00e9tendue<\/strong> et son d\u00e9veloppement culturel. Le <u>centre-ville compact<\/u> offre aux voyageurs de parcourir quartiers historiques, mus\u00e9es et march\u00e9s locaux \u00e0 pied, limitant ainsi les d\u00e9penses en transport.\n    <\/p>\n<ul>\n<li><strong>MARCH\u00c9 Dolac<\/strong>\u202f: v\u00e9ritable poumon alimentaire de la ville, c\u2019est l\u2019endroit privil\u00e9gi\u00e9 pour go\u00fbter aux produits locaux \u00e0 prix raisonnables.<\/li>\n<li><strong>MUS\u00c9E des Relations rompues<\/strong>\u202f: entr\u00e9e autour de <u>5 \u20ac<\/u>, une exp\u00e9rience insolite unique au monde.<\/li>\n<li><strong>Festival INMusic<\/strong> (fin juin)\u202f: Pass 3 jours pour <u>90 \u20ac<\/u> environ, bien en-de\u00e7\u00e0 des festivals musicaux d\u2019Europe occidentale.<\/li>\n<\/ul>\n<p>\n        Les h\u00e9bergements \u00e0 Zagreb restent accessibles\u202f: comptez entre <u>22 et 40 \u20ac<\/u> pour une chambre double en guesthouse. Autre atout, de <strong>nombreux \u00e9v\u00e9nements culturels gratuits<\/strong> sont propos\u00e9s chaque mois\u202f: concerts de rue, expositions ou projections en plein air. Les <strong>caf\u00e9s bordant la rue Tkal\u010di\u0107eva<\/strong> incarnent une facette chaleureuse de la capitale croate, o\u00f9 un espresso co\u00fbte rarement plus de <u>1,50 \u20ac<\/u>[1].\n    <\/p>\n<h2>Prague : perle d\u2019Europe centrale \u00e0 tarif imbattable<\/h2>\n<p>\n        Souvent appel\u00e9e la <strong>\u00ab\u202fVille aux cent clochers\u202f\u00bb<\/strong>, <strong>Prague<\/strong> poss\u00e8de une <strong>offre touristique compl\u00e8te<\/strong> \u00e0 co\u00fbt ma\u00eetris\u00e9. Les quartiers p\u00e9riph\u00e9riques \u2013 comme <strong>\u017di\u017ekov<\/strong>, <strong>Sm\u00edchov<\/strong> \u2013 proposent des h\u00e9bergements \u00e0 partir de <u>15 \u00e0 25 \u20ac la nuit<\/u>.\n    <\/p>\n<ul>\n<li><strong>Bi\u00e8re tch\u00e8que<\/strong> (<strong>Pilsner Urquell<\/strong>, <strong>Staropramen<\/strong>) servie \u00e0 moins de <u>2 euros la pinte<\/u> dans les \u00e9tablissements traditionnels.<\/li>\n<li><strong>Transport en commun (PID Prague)<\/strong>\u202f: Ticket journalier \u00e0 <u>4,60 \u20ac<\/u>, illimit\u00e9 sur bus, tram et m\u00e9tro.<\/li>\n<li><strong>Spectacles de marionnettes<\/strong> typiques, billets d\u00e8s <u>9 \u20ac<\/u>.<\/li>\n<\/ul>\n<p>\n        Hors des circuits touristiques classiques, <strong>galeries alternatives<\/strong> et <strong>mus\u00e9es insolites<\/strong> (Mus\u00e9e de la Torture, Mus\u00e9e Mucha) jalonnent la ville \u00e0 moindres frais. Prague demeure l\u2019un des meilleurs rapports qualit\u00e9\/prix du continent pour un week-end prolong\u00e9 : selon une \u00e9tude publi\u00e9e en <strong>janvier 2025<\/strong> par <strong>Ulysse<\/strong>, on peut s\u2019offrir une escapade \u201call inclusive\u201d pour moins de <u>200 \u20ac<\/u> (h\u00e9bergement 2 nuits + repas + transports + visites pour 2 personnes)[1].\n    <\/p>\n<h2>Vilnius : charme balte et d\u00e9penses r\u00e9duites<\/h2>\n<p>\n        <strong>Vilnius<\/strong>, c\u0153ur battant de la <strong>Lituanie<\/strong>, s\u00e9duit par son patrimoine architectural class\u00e9 \u00e0 l\u2019<strong>UNESCO<\/strong> et son atmosph\u00e8re paisible. La vieille ville s\u2019explore gratuitement \u00e0 pied, et la majorit\u00e9 des attractions majeures restent accessibles \u00e0 moindre co\u00fbt.\n    <\/p>\n<ul>\n<li><strong>Tour de la cath\u00e9drale de Vilnius<\/strong>\u202f: acc\u00e8s pour <u>5 euros<\/u>, avec vue sur toute la capitale.<\/li>\n<li><strong>March\u00e9s artisanaux<\/strong> : id\u00e9al pour ramener souvenirs originaux et produits locaux \u00e0 bas prix.<\/li>\n<li><strong>Transports publics (Vilniaus Vie\u0161asis Transportas, VVT)<\/strong>\u202f: ticket unique \u00e0 <u>0,65 \u20ac<\/u><\/li>\n<li>Vaste choix de <strong>hostels<\/strong> et <strong>Airbnb<\/strong> d\u00e8s <u>18 \u20ac la nuit<\/u>.<\/li>\n<\/ul>\n<p>\n        La <strong>vie nocturne<\/strong> s\u2019anime autour de la rue <strong>Vilniaus gatv\u0117<\/strong>, o\u00f9 bars, clubs et petites sc\u00e8nes rivalisent de cr\u00e9ativit\u00e9 : entr\u00e9e g\u00e9n\u00e9ralement gratuite avant 22h. Vilnius est aussi r\u00e9put\u00e9e pour ses festivals : le <strong>Vilnius International Film Festival<\/strong> (mars) attire un public international \u00e0 moindre co\u00fbt. Selon la f\u00e9d\u00e9ration locale du tourisme, <u>2024 a vu une hausse de 17% du nombre de visiteurs<\/u>, preuve du rapport qualit\u00e9-prix qui s\u00e9duit les voyageurs \u00e9conomiques[1].\n    <\/p>\n<h2>Strat\u00e9gies pour un s\u00e9jour urbain \u00e9conomique en Europe<\/h2>\n<p>\n        Maximiser son budget repose sur une planification astucieuse et la flexibilit\u00e9. Nous privil\u00e9gions des m\u00e9thodes \u00e9prouv\u00e9es, centr\u00e9es sur la recherche de <strong>bons plans locaux<\/strong> et l\u2019optimisation des d\u00e9penses au fil du s\u00e9jour.\n    <\/p>\n<ul>\n<li><u>R\u00e9server en basse saison<\/u> (novembre \u00e0 mars pour la plupart des villes) lors d\u2019\u00e9v\u00e9nements \u00e0 moindre affluence, permettant de r\u00e9aliser des \u00e9conomies jusqu\u2019\u00e0 <strong>50 %<\/strong> sur l\u2019h\u00e9bergement.<\/li>\n<li>Favoriser les <strong>h\u00e9bergements alternatifs<\/strong> (<strong>auberges de jeunesse, appartements, chambres chez l\u2019habitant<\/strong>) r\u00e9f\u00e9renc\u00e9s sur <strong>Booking.com<\/strong> ou <strong>Airbnb<\/strong>.<\/li>\n<li>Utiliser syst\u00e9matiquement les <strong>transports publics<\/strong> (cartes de 24\/72h) : le co\u00fbt moyen d\u2019un laissez-passer urbain oscille entre <u>3 et 7 \u20ac<\/u> par jour selon la capitale.<\/li>\n<li>Consulter les <strong>jours d\u2019acc\u00e8s gratuit aux mus\u00e9es<\/strong> ou expositions permanentes.<\/li>\n<li>Privil\u00e9gier la <strong>restauration locale<\/strong>\u202f: march\u00e9s couverts, petites \u00e9choppes ou food courts, en consultant les avis sur <strong>Google Maps<\/strong> ou <strong>Tripadvisor<\/strong>.<\/li>\n<\/ul>\n<p>\n        Se documenter en amont sur les <strong>calendriers culturels<\/strong> permet d\u2019acc\u00e9der \u00e0 des concerts, festivals et projections gratuite, comme :\n    <\/p>\n<ul>\n<li><strong>Soir\u00e9es de la Nuit des Mus\u00e9es<\/strong> (<u>mai<\/u>, dans de nombreuses villes europ\u00e9ennes)<\/li>\n<li><strong>Journ\u00e9es du patrimoine<\/strong> (mi-septembre, acc\u00e8s libre \u00e0 plusieurs sites historiques)<\/li>\n<\/ul>\n<p>\n        Les infrastructures modernis\u00e9es de paiement (<strong>Apple Pay, Google Pay, Revolut<\/strong>) optimisent la ma\u00eetrise des d\u00e9penses et \u00e9vitent les frais de change injustifi\u00e9s. Miser sur la <strong>mobilit\u00e9 douce<\/strong> (v\u00e9los en libre-service, bus \u00e9lectriques) dynamise les d\u00e9placements tout en r\u00e9duisant les co\u00fbts.\n    <\/p>\n<h2>Que privil\u00e9gier pour voyager loin sans d\u00e9penser trop\u202f?<\/h2>\n<p>\n        Au-del\u00e0 des capitales d\u00e9j\u00e0 \u00e9voqu\u00e9es, plusieurs m\u00e9tropoles \u00e0 l\u2019est et au sud du continent affichent un <strong>co\u00fbt de la vie remarquablement bas<\/strong> tout en offrant une exp\u00e9rience cosmopolite riche. Opter pour l\u2019une de ces destinations, c\u2019est profiter de tarifs imbattables, d\u2019une sc\u00e8ne culturelle dynamique et d\u2019\u00e9quipements adapt\u00e9s aux petits budgets.\n    <\/p>\n<ul>\n<li><strong>Sofia, Bulgarie<\/strong> : Aux portes de l\u2019Europe orientale, Sofia affiche des prix record (<u>0,80 \u20ac le ticket de m\u00e9tro<\/u>, h\u00e9bergement d\u00e8s <u>12 \u20ac<\/u>). Essor des bars alternatifs dans le quartier <strong>Lavov Most<\/strong>.<\/li>\n<li><strong>Bucarest, Roumanie<\/strong> : Surnomm\u00e9e <u>\u00ab\u202fPetit Paris\u202f\u00bb<\/u>, la capitale r\u00e9invente son patrimoine tout en restant la <strong>m\u00e9tropole la moins ch\u00e8re d\u2019Europe centrale<\/strong> (<u>moins de 450 \u20ac<\/u> de loyer mensuel moyen pour un T2 en 2025[2]). Sc\u00e8ne nocturne foisonnante dans le quartier <strong>Lipscani<\/strong>.<\/li>\n<li><strong>Wroclaw, Pologne<\/strong> : Ville universitaire reconnue, Wroclaw se distingue par sa <strong>vie nocturne<\/strong> abordable et ses festivit\u00e9s subventionn\u00e9es (<strong>Jazz sur l\u2019Oder<\/strong>, <strong>Festival de la lumi\u00e8re<\/strong>).<\/li>\n<li><strong>Riga, Lettonie<\/strong> : Class\u00e9e <u>UNESCO<\/u> et leader en termes de <strong>rentabilit\u00e9 immobili\u00e8re<\/strong> en 2025 (<u>8,47 % de rendement locatif<\/u> selon <strong>Euronews<\/strong>)[3]. Vieille ville m\u00e9di\u00e9vale et co\u00fbt du quotidien avantageux.<\/li>\n<li><strong>Lisbona, Portugal<\/strong> : Reconnue pour sa douceur de vivre, Lisbonne offre \u00e0 la fois <strong>ensoleillement<\/strong>, <strong>saveurs atlantiques<\/strong> et <u>co\u00fbt mod\u00e9r\u00e9<\/u> par rapport \u00e0 d&rsquo;autres capitales d&rsquo;Europe occidentale[4].<\/li>\n<\/ul>\n<p>\n        D\u00e9couvrir ces villes, c\u2019est b\u00e9n\u00e9ficier d\u2019un <strong>rapport qualit\u00e9\/prix optimal<\/strong> et multiplier les exp\u00e9riences sans compter. Il devient possible d\u2019organiser un <strong>city break<\/strong> de quatre nuits (vol + h\u00f4tel + repas + activit\u00e9s) pour un budget total compris entre <u>220 et 350 \u20ac par personne<\/u> dans la grande majorit\u00e9 de ces destinations urbaines. Pr\u00e9voir \u00e0 l\u2019avance et \u00e9viter les p\u00e9riodes de pointe figurent parmi les strat\u00e9gies gagnantes pour prolonger son s\u00e9jour et approfondir sa d\u00e9couverte.\n    <\/p>\n<hr \/>\n<div class=\"articles-lies\">\n<h3>\u00c0 lire aussi<\/h3>\n<ul>\n<li><a href=\"https:\/\/lefouduvoyage.fr\/blog\/a-la-une\/comprendre-en-profondeur-la-categorie-club-4-en-concours-equestre\/\">Comprendre en profondeur la cat\u00e9gorie Club 4 en concours \u00e9questre<\/a><\/li>\n<li><a href=\"https:\/\/lefouduvoyage.fr\/blog\/a-la-une\/comparatif-2025-meilleures-assurances-sante-pour-expats\/\">Comparatif 2025 : meilleures assurances sant\u00e9 pour expats<\/a><\/li>\n<li><a href=\"https:\/\/lefouduvoyage.fr\/blog\/a-la-une\/assurance-rapatriement-visa-obligations-et-meilleurs-prix\/\">Assurance Rapatriement Visa : Obligations et Meilleurs Prix<\/a><\/li>\n<li><a href=\"https:\/\/lefouduvoyage.fr\/blog\/a-la-une\/comprendre-les-couts-dun-visa-pour-la-france-depuis-la-cote-divoire\/\">Comprendre les co\u00fbts d\u2019un visa pour la France depuis la C\u00f4te d\u2019Ivoire ?<\/a><\/li>\n<\/ul>\n<\/div>\n","protected":false},"excerpt":{"rendered":"","protected":false},"author":34,"featured_media":8108,"comment_status":"open","ping_status":"open","sticky":false,"template":"","format":"standard","meta":{"_acf_changed":false,"manual_indexmenow":false,"indexmenow_id_project":0,"footnotes":""},"categories":[1],"tags":[4998,4997,4996],"class_list":["post-8106","post","type-post","status-publish","format-standard","has-post-thumbnail","hentry","category-a-la-une","tag-astuces-economiser","tag-capitales-abordables","tag-voyage-europe","generate-columns","tablet-grid-50","mobile-grid-100","grid-parent","grid-25"],"acf":[],"yoast_head":"<!-- This site is optimized with the Yoast SEO Premium plugin v21.3 (Yoast SEO v26.5) - https:\/\/yoast.com\/wordpress\/plugins\/seo\/ -->\n<title>Les 7 capitales europ\u00e9ennes abordables que personne ne vous a encore r\u00e9v\u00e9l\u00e9es pour voyager malin et \u00e9conomiser gros<\/title>\n<meta name=\"description\" content=\"Les 7 capitales europ\u00e9ennes abordables que personne ne vous a encore r\u00e9v\u00e9l\u00e9es pour voyager malin et \u00e9conomiser gros : retrouvez nos conseils, id\u00e9es et i\u2026\" \/>\n<meta name=\"robots\" content=\"index, follow, max-snippet:-1, max-image-preview:large, max-video-preview:-1\" \/>\n<link rel=\"canonical\" href=\"https:\/\/lefouduvoyage.fr\/blog\/a-la-une\/les-7-capitales-europeennes-abordables-que-personne-ne-vous-a-encore-revelees-pour-voyager-malin-et-economiser-gros\/\" \/>\n<meta property=\"og:locale\" content=\"fr_FR\" \/>\n<meta property=\"og:type\" content=\"article\" \/>\n<meta property=\"og:title\" content=\"Les 7 capitales europ\u00e9ennes abordables que personne ne vous a encore r\u00e9v\u00e9l\u00e9es pour voyager malin et \u00e9conomiser gros\" \/>\n<meta property=\"og:description\" content=\"Les 7 capitales europ\u00e9ennes abordables que personne ne vous a encore r\u00e9v\u00e9l\u00e9es pour voyager malin et \u00e9conomiser gros : retrouvez nos conseils, id\u00e9es et i\u2026\" \/>\n<meta property=\"og:url\" content=\"https:\/\/lefouduvoyage.fr\/blog\/a-la-une\/les-7-capitales-europeennes-abordables-que-personne-ne-vous-a-encore-revelees-pour-voyager-malin-et-economiser-gros\/\" \/>\n<meta property=\"og:site_name\" content=\"lefouduvoyage\" \/>\n<meta property=\"og:image\" content=\"https:\/\/lefouduvoyage.fr\/blog\/wp-content\/uploads\/2025\/07\/pag-image-68780295c7ec1-scaled.png\" \/>\n\t<meta property=\"og:image:width\" content=\"1200\" \/>\n\t<meta property=\"og:image:height\" content=\"686\" \/>\n\t<meta property=\"og:image:type\" content=\"image\/png\" \/>\n<meta name=\"author\" content=\"Camille Rouvray\" \/>\n<meta name=\"twitter:card\" content=\"summary_large_image\" \/>\n<script type=\"application\/ld+json\" class=\"yoast-schema-graph\">{\"@context\":\"https:\/\/schema.org\",\"@graph\":[{\"@type\":\"NewsArticle\",\"@id\":\"https:\/\/lefouduvoyage.fr\/blog\/a-la-une\/les-7-capitales-europeennes-abordables-que-personne-ne-vous-a-encore-revelees-pour-voyager-malin-et-economiser-gros\/#article\",\"isPartOf\":{\"@id\":\"https:\/\/lefouduvoyage.fr\/blog\/a-la-une\/les-7-capitales-europeennes-abordables-que-personne-ne-vous-a-encore-revelees-pour-voyager-malin-et-economiser-gros\/\"},\"author\":{\"name\":\"Camille Rouvray\",\"@id\":\"https:\/\/lefouduvoyage.fr\/blog\/#\/schema\/person\/3c864cdc320801e3db34b663e7e3f816\"},\"headline\":\"Les 7 capitales europ\u00e9ennes abordables que personne ne vous a encore r\u00e9v\u00e9l\u00e9es pour voyager malin et \u00e9conomiser gros\",\"datePublished\":\"2025-12-08T08:20:00+00:00\",\"mainEntityOfPage\":{\"@id\":\"https:\/\/lefouduvoyage.fr\/blog\/a-la-une\/les-7-capitales-europeennes-abordables-que-personne-ne-vous-a-encore-revelees-pour-voyager-malin-et-economiser-gros\/\"},\"wordCount\":1588,\"commentCount\":0,\"publisher\":{\"@id\":\"https:\/\/lefouduvoyage.fr\/blog\/#organization\"},\"image\":{\"@id\":\"https:\/\/lefouduvoyage.fr\/blog\/a-la-une\/les-7-capitales-europeennes-abordables-que-personne-ne-vous-a-encore-revelees-pour-voyager-malin-et-economiser-gros\/#primaryimage\"},\"thumbnailUrl\":\"https:\/\/lefouduvoyage.fr\/blog\/wp-content\/uploads\/2025\/07\/pag-image-68780295c7ec1-scaled.png\",\"keywords\":[\"astuces economiser\",\"capitales abordables\",\"voyage europe\"],\"articleSection\":[\"\u00c0 la une\"],\"inLanguage\":\"fr-FR\",\"potentialAction\":[{\"@type\":\"CommentAction\",\"name\":\"Comment\",\"target\":[\"https:\/\/lefouduvoyage.fr\/blog\/a-la-une\/les-7-capitales-europeennes-abordables-que-personne-ne-vous-a-encore-revelees-pour-voyager-malin-et-economiser-gros\/#respond\"]}]},{\"@type\":\"WebPage\",\"@id\":\"https:\/\/lefouduvoyage.fr\/blog\/a-la-une\/les-7-capitales-europeennes-abordables-que-personne-ne-vous-a-encore-revelees-pour-voyager-malin-et-economiser-gros\/\",\"url\":\"https:\/\/lefouduvoyage.fr\/blog\/a-la-une\/les-7-capitales-europeennes-abordables-que-personne-ne-vous-a-encore-revelees-pour-voyager-malin-et-economiser-gros\/\",\"name\":\"Les 7 capitales europ\u00e9ennes abordables que personne ne vous a encore r\u00e9v\u00e9l\u00e9es pour voyager malin et \u00e9conomiser gros\",\"isPartOf\":{\"@id\":\"https:\/\/lefouduvoyage.fr\/blog\/#website\"},\"primaryImageOfPage\":{\"@id\":\"https:\/\/lefouduvoyage.fr\/blog\/a-la-une\/les-7-capitales-europeennes-abordables-que-personne-ne-vous-a-encore-revelees-pour-voyager-malin-et-economiser-gros\/#primaryimage\"},\"image\":{\"@id\":\"https:\/\/lefouduvoyage.fr\/blog\/a-la-une\/les-7-capitales-europeennes-abordables-que-personne-ne-vous-a-encore-revelees-pour-voyager-malin-et-economiser-gros\/#primaryimage\"},\"thumbnailUrl\":\"https:\/\/lefouduvoyage.fr\/blog\/wp-content\/uploads\/2025\/07\/pag-image-68780295c7ec1-scaled.png\",\"datePublished\":\"2025-12-08T08:20:00+00:00\",\"description\":\"Les 7 capitales europ\u00e9ennes abordables que personne ne vous a encore r\u00e9v\u00e9l\u00e9es pour voyager malin et \u00e9conomiser gros : retrouvez nos conseils, id\u00e9es et i\u2026\",\"inLanguage\":\"fr-FR\",\"potentialAction\":[{\"@type\":\"ReadAction\",\"target\":[\"https:\/\/lefouduvoyage.fr\/blog\/a-la-une\/les-7-capitales-europeennes-abordables-que-personne-ne-vous-a-encore-revelees-pour-voyager-malin-et-economiser-gros\/\"]}]},{\"@type\":\"ImageObject\",\"inLanguage\":\"fr-FR\",\"@id\":\"https:\/\/lefouduvoyage.fr\/blog\/a-la-une\/les-7-capitales-europeennes-abordables-que-personne-ne-vous-a-encore-revelees-pour-voyager-malin-et-economiser-gros\/#primaryimage\",\"url\":\"https:\/\/lefouduvoyage.fr\/blog\/wp-content\/uploads\/2025\/07\/pag-image-68780295c7ec1-scaled.png\",\"contentUrl\":\"https:\/\/lefouduvoyage.fr\/blog\/wp-content\/uploads\/2025\/07\/pag-image-68780295c7ec1-scaled.png\",\"width\":1200,\"height\":686,\"caption\":\"Image g\u00e9n\u00e9r\u00e9e par IA optimis\u00e9e pour Google Discover\"},{\"@type\":\"WebSite\",\"@id\":\"https:\/\/lefouduvoyage.fr\/blog\/#website\",\"url\":\"https:\/\/lefouduvoyage.fr\/blog\/\",\"name\":\"Le Fou du Voyage\",\"description\":\"Le Fou du Voyage, l&#039;aventure sans limites\",\"publisher\":{\"@id\":\"https:\/\/lefouduvoyage.fr\/blog\/#organization\"},\"alternateName\":\"Le Fou du Voyage, l'aventure sans limites\",\"potentialAction\":[{\"@type\":\"SearchAction\",\"target\":{\"@type\":\"EntryPoint\",\"urlTemplate\":\"https:\/\/lefouduvoyage.fr\/blog\/?s={search_term_string}\"},\"query-input\":{\"@type\":\"PropertyValueSpecification\",\"valueRequired\":true,\"valueName\":\"search_term_string\"}}],\"inLanguage\":\"fr-FR\"},{\"@type\":\"Organization\",\"@id\":\"https:\/\/lefouduvoyage.fr\/blog\/#organization\",\"name\":\"Le Fou du Voyage\",\"alternateName\":\"Le Fou du Voyage\",\"url\":\"https:\/\/lefouduvoyage.fr\/blog\/\",\"logo\":{\"@type\":\"ImageObject\",\"inLanguage\":\"fr-FR\",\"@id\":\"https:\/\/lefouduvoyage.fr\/blog\/#\/schema\/logo\/image\/\",\"url\":\"https:\/\/lefouduvoyage.fr\/blog\/wp-content\/uploads\/2024\/12\/48.png\",\"contentUrl\":\"https:\/\/lefouduvoyage.fr\/blog\/wp-content\/uploads\/2024\/12\/48.png\",\"width\":500,\"height\":500,\"caption\":\"Le Fou du Voyage\"},\"image\":{\"@id\":\"https:\/\/lefouduvoyage.fr\/blog\/#\/schema\/logo\/image\/\"}},{\"@type\":\"Person\",\"@id\":\"https:\/\/lefouduvoyage.fr\/blog\/#\/schema\/person\/3c864cdc320801e3db34b663e7e3f816\",\"name\":\"Camille Rouvray\",\"image\":{\"@type\":\"ImageObject\",\"inLanguage\":\"fr-FR\",\"@id\":\"https:\/\/lefouduvoyage.fr\/blog\/#\/schema\/person\/image\/\",\"url\":\"https:\/\/lefouduvoyage.fr\/blog\/wp-content\/uploads\/2026\/06\/persona_camille-r-96x96.jpg\",\"contentUrl\":\"https:\/\/lefouduvoyage.fr\/blog\/wp-content\/uploads\/2026\/06\/persona_camille-r-96x96.jpg\",\"caption\":\"Camille Rouvray\"},\"description\":\"Je voyage et j'\u00e9cris sur le voyage depuis une douzaine d'ann\u00e9es, d'abord en tant que routarde au long cours, puis comme r\u00e9dactrice sp\u00e9cialis\u00e9e. Mon terrain de pr\u00e9dilection, ce sont les circuits organis\u00e9s et l'art de bien pr\u00e9parer un itin\u00e9raire : choix de la saison, dur\u00e9e r\u00e9aliste des \u00e9tapes, budget jour par jour, logement et transport sur place. J'aime aussi raconter les p\u00e9pites urbaines, ces adresses qu'on ne trouve pas dans les guides classiques. Avant de publier un dossier destination, je croise toujours plusieurs sources, je v\u00e9rifie les tarifs et les formalit\u00e9s d'entr\u00e9e \u00e0 jour, et je teste moi-m\u00eame quand je le peux. Mon angle reste pratique avant tout : aider le lecteur \u00e0 partir l'esprit tranquille, sans mauvaise surprise une fois sur place. Je m'attache \u00e0 distinguer le coup de c\u0153ur sinc\u00e8re du simple argument marketing.\",\"sameAs\":[\"https:\/\/camillerouvray.fr\/\"],\"url\":\"https:\/\/lefouduvoyage.fr\/blog\/auteur\/noname\/\"}]}<\/script>\n<!-- \/ Yoast SEO Premium plugin. -->","yoast_head_json":{"title":"Les 7 capitales europ\u00e9ennes abordables que personne ne vous a encore r\u00e9v\u00e9l\u00e9es pour voyager malin et \u00e9conomiser gros","description":"Les 7 capitales europ\u00e9ennes abordables que personne ne vous a encore r\u00e9v\u00e9l\u00e9es pour voyager malin et \u00e9conomiser gros : retrouvez nos conseils, id\u00e9es et i\u2026","robots":{"index":"index","follow":"follow","max-snippet":"max-snippet:-1","max-image-preview":"max-image-preview:large","max-video-preview":"max-video-preview:-1"},"canonical":"https:\/\/lefouduvoyage.fr\/blog\/a-la-une\/les-7-capitales-europeennes-abordables-que-personne-ne-vous-a-encore-revelees-pour-voyager-malin-et-economiser-gros\/","og_locale":"fr_FR","og_type":"article","og_title":"Les 7 capitales europ\u00e9ennes abordables que personne ne vous a encore r\u00e9v\u00e9l\u00e9es pour voyager malin et \u00e9conomiser gros","og_description":"Les 7 capitales europ\u00e9ennes abordables que personne ne vous a encore r\u00e9v\u00e9l\u00e9es pour voyager malin et \u00e9conomiser gros : retrouvez nos conseils, id\u00e9es et i\u2026","og_url":"https:\/\/lefouduvoyage.fr\/blog\/a-la-une\/les-7-capitales-europeennes-abordables-que-personne-ne-vous-a-encore-revelees-pour-voyager-malin-et-economiser-gros\/","og_site_name":"lefouduvoyage","og_image":[{"width":1200,"height":686,"url":"https:\/\/lefouduvoyage.fr\/blog\/wp-content\/uploads\/2025\/07\/pag-image-68780295c7ec1-scaled.png","type":"image\/png"}],"author":"Camille Rouvray","twitter_card":"summary_large_image","schema":{"@context":"https:\/\/schema.org","@graph":[{"@type":"NewsArticle","@id":"https:\/\/lefouduvoyage.fr\/blog\/a-la-une\/les-7-capitales-europeennes-abordables-que-personne-ne-vous-a-encore-revelees-pour-voyager-malin-et-economiser-gros\/#article","isPartOf":{"@id":"https:\/\/lefouduvoyage.fr\/blog\/a-la-une\/les-7-capitales-europeennes-abordables-que-personne-ne-vous-a-encore-revelees-pour-voyager-malin-et-economiser-gros\/"},"author":{"name":"Camille Rouvray","@id":"https:\/\/lefouduvoyage.fr\/blog\/#\/schema\/person\/3c864cdc320801e3db34b663e7e3f816"},"headline":"Les 7 capitales europ\u00e9ennes abordables que personne ne vous a encore r\u00e9v\u00e9l\u00e9es pour voyager malin et \u00e9conomiser gros","datePublished":"2025-12-08T08:20:00+00:00","mainEntityOfPage":{"@id":"https:\/\/lefouduvoyage.fr\/blog\/a-la-une\/les-7-capitales-europeennes-abordables-que-personne-ne-vous-a-encore-revelees-pour-voyager-malin-et-economiser-gros\/"},"wordCount":1588,"commentCount":0,"publisher":{"@id":"https:\/\/lefouduvoyage.fr\/blog\/#organization"},"image":{"@id":"https:\/\/lefouduvoyage.fr\/blog\/a-la-une\/les-7-capitales-europeennes-abordables-que-personne-ne-vous-a-encore-revelees-pour-voyager-malin-et-economiser-gros\/#primaryimage"},"thumbnailUrl":"https:\/\/lefouduvoyage.fr\/blog\/wp-content\/uploads\/2025\/07\/pag-image-68780295c7ec1-scaled.png","keywords":["astuces economiser","capitales abordables","voyage europe"],"articleSection":["\u00c0 la une"],"inLanguage":"fr-FR","potentialAction":[{"@type":"CommentAction","name":"Comment","target":["https:\/\/lefouduvoyage.fr\/blog\/a-la-une\/les-7-capitales-europeennes-abordables-que-personne-ne-vous-a-encore-revelees-pour-voyager-malin-et-economiser-gros\/#respond"]}]},{"@type":"WebPage","@id":"https:\/\/lefouduvoyage.fr\/blog\/a-la-une\/les-7-capitales-europeennes-abordables-que-personne-ne-vous-a-encore-revelees-pour-voyager-malin-et-economiser-gros\/","url":"https:\/\/lefouduvoyage.fr\/blog\/a-la-une\/les-7-capitales-europeennes-abordables-que-personne-ne-vous-a-encore-revelees-pour-voyager-malin-et-economiser-gros\/","name":"Les 7 capitales europ\u00e9ennes abordables que personne ne vous a encore r\u00e9v\u00e9l\u00e9es pour voyager malin et \u00e9conomiser gros","isPartOf":{"@id":"https:\/\/lefouduvoyage.fr\/blog\/#website"},"primaryImageOfPage":{"@id":"https:\/\/lefouduvoyage.fr\/blog\/a-la-une\/les-7-capitales-europeennes-abordables-que-personne-ne-vous-a-encore-revelees-pour-voyager-malin-et-economiser-gros\/#primaryimage"},"image":{"@id":"https:\/\/lefouduvoyage.fr\/blog\/a-la-une\/les-7-capitales-europeennes-abordables-que-personne-ne-vous-a-encore-revelees-pour-voyager-malin-et-economiser-gros\/#primaryimage"},"thumbnailUrl":"https:\/\/lefouduvoyage.fr\/blog\/wp-content\/uploads\/2025\/07\/pag-image-68780295c7ec1-scaled.png","datePublished":"2025-12-08T08:20:00+00:00","description":"Les 7 capitales europ\u00e9ennes abordables que personne ne vous a encore r\u00e9v\u00e9l\u00e9es pour voyager malin et \u00e9conomiser gros : retrouvez nos conseils, id\u00e9es et i\u2026","inLanguage":"fr-FR","potentialAction":[{"@type":"ReadAction","target":["https:\/\/lefouduvoyage.fr\/blog\/a-la-une\/les-7-capitales-europeennes-abordables-que-personne-ne-vous-a-encore-revelees-pour-voyager-malin-et-economiser-gros\/"]}]},{"@type":"ImageObject","inLanguage":"fr-FR","@id":"https:\/\/lefouduvoyage.fr\/blog\/a-la-une\/les-7-capitales-europeennes-abordables-que-personne-ne-vous-a-encore-revelees-pour-voyager-malin-et-economiser-gros\/#primaryimage","url":"https:\/\/lefouduvoyage.fr\/blog\/wp-content\/uploads\/2025\/07\/pag-image-68780295c7ec1-scaled.png","contentUrl":"https:\/\/lefouduvoyage.fr\/blog\/wp-content\/uploads\/2025\/07\/pag-image-68780295c7ec1-scaled.png","width":1200,"height":686,"caption":"Image g\u00e9n\u00e9r\u00e9e par IA optimis\u00e9e pour Google Discover"},{"@type":"WebSite","@id":"https:\/\/lefouduvoyage.fr\/blog\/#website","url":"https:\/\/lefouduvoyage.fr\/blog\/","name":"Le Fou du Voyage","description":"Le Fou du Voyage, l&#039;aventure sans limites","publisher":{"@id":"https:\/\/lefouduvoyage.fr\/blog\/#organization"},"alternateName":"Le Fou du Voyage, l'aventure sans limites","potentialAction":[{"@type":"SearchAction","target":{"@type":"EntryPoint","urlTemplate":"https:\/\/lefouduvoyage.fr\/blog\/?s={search_term_string}"},"query-input":{"@type":"PropertyValueSpecification","valueRequired":true,"valueName":"search_term_string"}}],"inLanguage":"fr-FR"},{"@type":"Organization","@id":"https:\/\/lefouduvoyage.fr\/blog\/#organization","name":"Le Fou du Voyage","alternateName":"Le Fou du Voyage","url":"https:\/\/lefouduvoyage.fr\/blog\/","logo":{"@type":"ImageObject","inLanguage":"fr-FR","@id":"https:\/\/lefouduvoyage.fr\/blog\/#\/schema\/logo\/image\/","url":"https:\/\/lefouduvoyage.fr\/blog\/wp-content\/uploads\/2024\/12\/48.png","contentUrl":"https:\/\/lefouduvoyage.fr\/blog\/wp-content\/uploads\/2024\/12\/48.png","width":500,"height":500,"caption":"Le Fou du Voyage"},"image":{"@id":"https:\/\/lefouduvoyage.fr\/blog\/#\/schema\/logo\/image\/"}},{"@type":"Person","@id":"https:\/\/lefouduvoyage.fr\/blog\/#\/schema\/person\/3c864cdc320801e3db34b663e7e3f816","name":"Camille Rouvray","image":{"@type":"ImageObject","inLanguage":"fr-FR","@id":"https:\/\/lefouduvoyage.fr\/blog\/#\/schema\/person\/image\/","url":"https:\/\/lefouduvoyage.fr\/blog\/wp-content\/uploads\/2026\/06\/persona_camille-r-96x96.jpg","contentUrl":"https:\/\/lefouduvoyage.fr\/blog\/wp-content\/uploads\/2026\/06\/persona_camille-r-96x96.jpg","caption":"Camille Rouvray"},"description":"Je voyage et j'\u00e9cris sur le voyage depuis une douzaine d'ann\u00e9es, d'abord en tant que routarde au long cours, puis comme r\u00e9dactrice sp\u00e9cialis\u00e9e. Mon terrain de pr\u00e9dilection, ce sont les circuits organis\u00e9s et l'art de bien pr\u00e9parer un itin\u00e9raire : choix de la saison, dur\u00e9e r\u00e9aliste des \u00e9tapes, budget jour par jour, logement et transport sur place. J'aime aussi raconter les p\u00e9pites urbaines, ces adresses qu'on ne trouve pas dans les guides classiques. Avant de publier un dossier destination, je croise toujours plusieurs sources, je v\u00e9rifie les tarifs et les formalit\u00e9s d'entr\u00e9e \u00e0 jour, et je teste moi-m\u00eame quand je le peux. Mon angle reste pratique avant tout : aider le lecteur \u00e0 partir l'esprit tranquille, sans mauvaise surprise une fois sur place. Je m'attache \u00e0 distinguer le coup de c\u0153ur sinc\u00e8re du simple argument marketing.","sameAs":["https:\/\/camillerouvray.fr\/"],"url":"https:\/\/lefouduvoyage.fr\/blog\/auteur\/noname\/"}]}},"_links":{"self":[{"href":"https:\/\/lefouduvoyage.fr\/blog\/wp-json\/wp\/v2\/posts\/8106","targetHints":{"allow":["GET"]}}],"collection":[{"href":"https:\/\/lefouduvoyage.fr\/blog\/wp-json\/wp\/v2\/posts"}],"about":[{"href":"https:\/\/lefouduvoyage.fr\/blog\/wp-json\/wp\/v2\/types\/post"}],"author":[{"embeddable":true,"href":"https:\/\/lefouduvoyage.fr\/blog\/wp-json\/wp\/v2\/users\/34"}],"replies":[{"embeddable":true,"href":"https:\/\/lefouduvoyage.fr\/blog\/wp-json\/wp\/v2\/comments?post=8106"}],"version-history":[{"count":1,"href":"https:\/\/lefouduvoyage.fr\/blog\/wp-json\/wp\/v2\/posts\/8106\/revisions"}],"predecessor-version":[{"id":8216,"href":"https:\/\/lefouduvoyage.fr\/blog\/wp-json\/wp\/v2\/posts\/8106\/revisions\/8216"}],"wp:featuredmedia":[{"embeddable":true,"href":"https:\/\/lefouduvoyage.fr\/blog\/wp-json\/wp\/v2\/media\/8108"}],"wp:attachment":[{"href":"https:\/\/lefouduvoyage.fr\/blog\/wp-json\/wp\/v2\/media?parent=8106"}],"wp:term":[{"taxonomy":"category","embeddable":true,"href":"https:\/\/lefouduvoyage.fr\/blog\/wp-json\/wp\/v2\/categories?post=8106"},{"taxonomy":"post_tag","embeddable":true,"href":"https:\/\/lefouduvoyage.fr\/blog\/wp-json\/wp\/v2\/tags?post=8106"}],"curies":[{"name":"wp","href":"https:\/\/api.w.org\/{rel}","templated":true}]}}