{"id":8055,"date":"2026-05-19T18:05:17","date_gmt":"2026-05-19T16:05:17","guid":{"rendered":"https:\/\/lefouduvoyage.fr\/blog\/?p=8055"},"modified":"2026-05-19T18:05:17","modified_gmt":"2026-05-19T16:05:17","slug":"les-secrets-meconnus-des-gites-detape-et-refuges-comment-ces-hebergements-economiques-transforment-votre-randonnee-et-soutiennent-les-territoires","status":"publish","type":"post","link":"https:\/\/lefouduvoyage.fr\/blog\/voyage-responsable\/les-secrets-meconnus-des-gites-detape-et-refuges-comment-ces-hebergements-economiques-transforment-votre-randonnee-et-soutiennent-les-territoires\/","title":{"rendered":"Les secrets m\u00e9connus des g\u00eetes d\u2019\u00e9tape et refuges : comment ces h\u00e9bergements \u00e9conomiques transforment votre randonn\u00e9e et soutiennent les territoires"},"content":{"rendered":"<h1>G\u00eetes d\u2019\u00c9tape et Refuges : Solutions d\u2019H\u00e9bergement Abordables pour les Passionn\u00e9s de Randonn\u00e9e<\/h1>\n<div style=\"background:linear-gradient(135deg,#f4f8f5 0%,#e8f0ea 100%);border-left:5px solid #2a5f3f;padding:26px 30px;margin:28px 0;border-radius:0 12px 12px 0;box-shadow:0 2px 12px rgba(42,95,63,.08);\">\n<div style=\"font-size:.78em;text-transform:uppercase;letter-spacing:2.4px;color:#2a5f3f;font-weight:700;margin-bottom:10px;\">En une halte<\/div>\n<div style=\"font-size:1.06em;line-height:1.7;color:#1c2b22;\">Sur les <strong>sentiers de Grande Randonn\u00e9e<\/strong>, g\u00eetes d\u2019\u00e9tape et refuges constituent le maillage discret qui rend possibles les longues itin\u00e9rances. Entre <strong>15 et 28 \u20ac la nuit\u00e9e<\/strong>, une cuisine partag\u00e9e, une salle commune o\u00f9 l\u2019on raconte le col pass\u00e9 en fin d\u2019apr\u00e8s-midi : ce mod\u00e8le d\u2019h\u00e9bergement, soutenu par la <strong>FFRandonn\u00e9e<\/strong> et les <strong>G\u00eetes de France<\/strong>, soutient autant les marcheurs que les vall\u00e9es qui les accueillent.<\/div>\n<\/div>\n<h2>Caract\u00e9ristiques Distinctives des G\u00eetes d\u2019\u00c9tape et Refuges<\/h2>\n<p>Les <strong>g\u00eetes d\u2019\u00e9tape<\/strong> se d\u00e9finissent comme des <u>h\u00e9bergements collectifs<\/u> autorisant un accueil \u00e0 la nuit\u00e9e pour des voyageurs principalement itin\u00e9rants. Ils s\u2019adressent avant tout aux <strong>randonneurs p\u00e9destres<\/strong>, mais aussi aux <strong>cyclotouristes<\/strong> ou <strong>cavaliers<\/strong> engag\u00e9s sur des itin\u00e9raires balis\u00e9s et reconnus, \u00e0 l\u2019exemple du <strong>GR65<\/strong> ou du <strong>Tour du Mont-Blanc<\/strong>. On les retrouve empil\u00e9s tout au long de ces trac\u00e9s, inscrits dans la g\u00e9ographie de r\u00e9gions telles que la <strong>Haute-Savoie<\/strong>, le <strong>Vercors<\/strong> et les <strong>Pyr\u00e9n\u00e9es-Atlantiques<\/strong>.<\/p>\n<p>Au-del\u00e0 d\u2019un toit pour la nuit, ces \u00e9tablissements constituent une v\u00e9ritable infrastructure du voyage \u00e0 pied. L\u00e0 o\u00f9 la chambre d\u2019h\u00f4tes propose l\u2019intimit\u00e9 et l\u2019h\u00f4tel le service, le g\u00eete d\u2019\u00e9tape inscrit le s\u00e9jour dans une logique d\u2019itin\u00e9rance : on y arrive le sac sur le dos, on y croise des marcheurs venus du col pr\u00e9c\u00e9dent, on partage la table avec eux et on repart le lendemain pour la prochaine \u00e9tape. Cette continuit\u00e9 fait du g\u00eete d\u2019\u00e9tape un maillon irrempla\u00e7able de l\u2019\u00e9cosyst\u00e8me de la randonn\u00e9e longue, qu\u2019il s\u2019agisse d\u2019un parcours de quinze jours sur le <strong>Tour du Mont-Blanc<\/strong> ou d\u2019une travers\u00e9e int\u00e9grale du <strong>GR65<\/strong> entre Le Puy-en-Velay et Saint-Jean-Pied-de-Port.<\/p>\n<p>La distinction entre les diff\u00e9rentes formes d\u2019accueil se base sur plusieurs crit\u00e8res r\u00e9glementaires et pratiques :<\/p>\n<div style=\"display:grid;grid-template-columns:repeat(auto-fit,minmax(260px,1fr));gap:16px;margin:24px 0;\">\n<div style=\"background:#fff;border:1px solid #d9e4dc;border-top:4px solid #2a5f3f;border-radius:10px;padding:20px;box-shadow:0 2px 8px rgba(0,0,0,.04);\">\n<div style=\"font-size:.72em;text-transform:uppercase;letter-spacing:1.6px;color:#2a5f3f;font-weight:700;margin-bottom:8px;\">Type 1<\/div>\n<div style=\"font-size:1.1em;font-weight:700;color:#1c2b22;margin-bottom:8px;\">G\u00eete d\u2019\u00e9tape<\/div>\n<div style=\"font-size:.95em;line-height:1.6;color:#3a4a40;\">Accueil collectif, paiement \u00e0 la nuit\u00e9e, souvent en gestion partag\u00e9e, cuisines ou repas propos\u00e9s, capacit\u00e9 variable de <strong>8 \u00e0 50 personnes<\/strong>, \u00e0 proximit\u00e9 directe d\u2019un sentier balis\u00e9.<\/div>\n<\/div>\n<div style=\"background:#fff;border:1px solid #d9e4dc;border-top:4px solid #2a5f3f;border-radius:10px;padding:20px;box-shadow:0 2px 8px rgba(0,0,0,.04);\">\n<div style=\"font-size:.72em;text-transform:uppercase;letter-spacing:1.6px;color:#2a5f3f;font-weight:700;margin-bottom:8px;\">Type 2<\/div>\n<div style=\"font-size:1.1em;font-weight:700;color:#1c2b22;margin-bottom:8px;\">Refuge de montagne<\/div>\n<div style=\"font-size:.95em;line-height:1.6;color:#3a4a40;\">H\u00e9bergement prioritairement pour <strong>alpinistes et randonneurs<\/strong>, situ\u00e9 en altitude parfois extr\u00eame, souvent ouvert partiellement voire gard\u00e9 uniquement sur certaines p\u00e9riodes, dot\u00e9s d\u2019une structure d\u2019accueil d\u2019urgence.<\/div>\n<\/div>\n<div style=\"background:#fff;border:1px solid #d9e4dc;border-top:4px solid #2a5f3f;border-radius:10px;padding:20px;box-shadow:0 2px 8px rgba(0,0,0,.04);\">\n<div style=\"font-size:.72em;text-transform:uppercase;letter-spacing:1.6px;color:#2a5f3f;font-weight:700;margin-bottom:8px;\">Type 3<\/div>\n<div style=\"font-size:1.1em;font-weight:700;color:#1c2b22;margin-bottom:8px;\">Auberge de p\u00e8lerins<\/div>\n<div style=\"font-size:.95em;line-height:1.6;color:#3a4a40;\">Implant\u00e9es le long des itin\u00e9raires spirituels tels que le <strong>Chemin de Saint-Jacques<\/strong>, caract\u00e9ris\u00e9es par l\u2019accueil en dortoir et un esprit d\u2019entraide ax\u00e9 sur le partage entre marcheurs et p\u00e8lerins.<\/div>\n<\/div>\n<div style=\"background:#fff;border:1px solid #d9e4dc;border-top:4px solid #2a5f3f;border-radius:10px;padding:20px;box-shadow:0 2px 8px rgba(0,0,0,.04);\">\n<div style=\"font-size:.72em;text-transform:uppercase;letter-spacing:1.6px;color:#2a5f3f;font-weight:700;margin-bottom:8px;\">Type 4<\/div>\n<div style=\"font-size:1.1em;font-weight:700;color:#1c2b22;margin-bottom:8px;\">G\u00eete de groupe<\/div>\n<div style=\"font-size:.95em;line-height:1.6;color:#3a4a40;\">H\u00e9bergement de <strong>grande capacit\u00e9<\/strong> r\u00e9serv\u00e9 \u00e0 des groupes constitu\u00e9s, souvent pour des s\u00e9jours plus longs, familiale ou associative.<\/div>\n<\/div>\n<\/div>\n<p>Un <u>point fondamental \u00e0 retenir<\/u> : ces \u00e9tablissements poss\u00e8dent un <strong>ancrage territorial fort<\/strong>. Ils sont positionn\u00e9s \u00e0 moins de deux kilom\u00e8tres des trac\u00e9s officiels (<strong>GR, GTJ, GRR<\/strong>) afin de constituer des haltes naturelles, parfois en hameaux perch\u00e9s (<strong>Saint-V\u00e9ran, Alpes du Sud<\/strong>), et toujours dans des secteurs o\u00f9 l\u2019h\u00f4tellerie traditionnelle est rare voire absente.<\/p>\n<div style=\"background:#2a5f3f;color:#fff;padding:30px 32px;margin:32px 0;border-radius:14px;display:grid;grid-template-columns:repeat(auto-fit,minmax(180px,1fr));gap:22px;\">\n<div style=\"text-align:center;\">\n<div style=\"font-size:2.4em;font-weight:800;letter-spacing:-1px;line-height:1;\">15-28 \u20ac<\/div>\n<div style=\"font-size:.78em;text-transform:uppercase;letter-spacing:1.6px;opacity:.85;margin-top:8px;\">Nuit\u00e9e dortoir<\/div>\n<\/div>\n<div style=\"text-align:center;border-left:1px solid rgba(255,255,255,.2);padding-left:22px;\">\n<div style=\"font-size:2.4em;font-weight:800;letter-spacing:-1px;line-height:1;\">+23 %<\/div>\n<div style=\"font-size:.78em;text-transform:uppercase;letter-spacing:1.6px;opacity:.85;margin-top:8px;\">Nuit\u00e9es montagne 3 ans<\/div>\n<\/div>\n<div style=\"text-align:center;border-left:1px solid rgba(255,255,255,.2);padding-left:22px;\">\n<div style=\"font-size:2.4em;font-weight:800;letter-spacing:-1px;line-height:1;\">&lt; 2 km<\/div>\n<div style=\"font-size:.78em;text-transform:uppercase;letter-spacing:1.6px;opacity:.85;margin-top:8px;\">Distance du GR<\/div>\n<\/div>\n<div style=\"text-align:center;border-left:1px solid rgba(255,255,255,.2);padding-left:22px;\">\n<div style=\"font-size:2.4em;font-weight:800;letter-spacing:-1px;line-height:1;\">90 %+<\/div>\n<div style=\"font-size:.78em;text-transform:uppercase;letter-spacing:1.6px;opacity:.85;margin-top:8px;\">Remplissage \u00e9t\u00e9<\/div>\n<\/div>\n<\/div>\n<h2>Une Solution \u00c9conomique et Flexible pour les Randonneurs Itin\u00e9rants<\/h2>\n<p>Les <strong>g\u00eetes d\u2019\u00e9tape<\/strong> et <strong>refuges<\/strong> s\u00e9duisent par leur mod\u00e8le tarifaire accessible : comptez de <u>15 \u00e0 28 euros la nuit\u00e9e en dortoir collectif<\/u>, auxquels peut s\u2019ajouter un forfait pour le petit-d\u00e9jeuner ou la demi-pension \u2013 comme observ\u00e9 dans les structures partenaires de la <strong>F\u00e9d\u00e9ration Fran\u00e7aise de Randonn\u00e9e P\u00e9destre (FFRandonn\u00e9e)<\/strong>. Cet avantage tarifaire, compar\u00e9 \u00e0 l\u2019h\u00f4tellerie classique qui affiche un prix m\u00e9dian d\u00e9passant <u>80 euros la nuit\u00e9e (source INSEE 2023)<\/u>, permet aux marcheurs solitaires, couples ou familles d\u2019organiser plusieurs semaines sur les sentiers sans compromettre leur budget.<\/p>\n<p>Concr\u00e8tement, sur une itin\u00e9rance d\u2019une semaine, l\u2019\u00e9cart se chiffre vite : six nuit\u00e9es en g\u00eete d\u2019\u00e9tape \u00e0 22 \u20ac reviennent \u00e0 132 \u20ac quand le m\u00eame s\u00e9jour en h\u00f4tel deux-\u00e9toiles approche les 480 \u20ac. Cette diff\u00e9rence, soit pr\u00e8s de 350 \u20ac, finance souvent \u00e0 elle seule l\u2019\u00e9quipement compl\u00e9mentaire \u2014 chaussures de marche, sac \u00e0 dos technique, topo-guide \u2014 sans lequel l\u2019itin\u00e9rance prolong\u00e9e resterait th\u00e9orique. Le mod\u00e8le g\u00eete rend ainsi le voyage \u00e0 pied accessible \u00e0 des budgets qui, autrement, seraient contraints \u00e0 la randonn\u00e9e \u00e0 la journ\u00e9e.<\/p>\n<div style=\"background:#fff;border:2px solid #2a5f3f;border-radius:12px;overflow:hidden;margin:28px 0;\">\n<div style=\"background:#2a5f3f;color:#fff;padding:14px 22px;font-size:.82em;text-transform:uppercase;letter-spacing:2px;font-weight:700;\">Comparatif tarifaire \u2014 nuit\u00e9e individuelle<\/div>\n<div style=\"padding:0;\">\n<div style=\"display:grid;grid-template-columns:1.4fr 1fr 1fr;padding:14px 22px;background:#f4f8f5;font-size:.82em;text-transform:uppercase;letter-spacing:1.2px;font-weight:700;color:#2a5f3f;\">\n<div>H\u00e9bergement<\/div>\n<div>Prix m\u00e9dian<\/div>\n<div>Profil cible<\/div>\n<\/div>\n<div style=\"display:grid;grid-template-columns:1.4fr 1fr 1fr;padding:16px 22px;border-bottom:1px solid #e6ede8;font-size:.95em;color:#1c2b22;\">\n<div><strong>G\u00eete d\u2019\u00e9tape dortoir<\/strong><\/div>\n<div>15-28 \u20ac<\/div>\n<div>Randonneur itin\u00e9rant<\/div>\n<\/div>\n<div style=\"display:grid;grid-template-columns:1.4fr 1fr 1fr;padding:16px 22px;border-bottom:1px solid #e6ede8;font-size:.95em;color:#1c2b22;background:#fafbfa;\">\n<div><strong>Refuge gard\u00e9 d\u2019altitude<\/strong><\/div>\n<div>22-42 \u20ac<\/div>\n<div>Alpiniste, haute route<\/div>\n<\/div>\n<div style=\"display:grid;grid-template-columns:1.4fr 1fr 1fr;padding:16px 22px;border-bottom:1px solid #e6ede8;font-size:.95em;color:#1c2b22;\">\n<div><strong>Auberge de p\u00e8lerins<\/strong><\/div>\n<div>10-20 \u20ac<\/div>\n<div>P\u00e8lerin Saint-Jacques<\/div>\n<\/div>\n<div style=\"display:grid;grid-template-columns:1.4fr 1fr 1fr;padding:16px 22px;font-size:.95em;color:#1c2b22;background:#fafbfa;\">\n<div><strong>H\u00f4tel classique 2*<\/strong><\/div>\n<div>80 \u20ac+ (INSEE 2023)<\/div>\n<div>Voyageur statique<\/div>\n<\/div>\n<\/div>\n<\/div>\n<p>L\u2019autre atout cl\u00e9 repose sur la <strong>souplesse des modalit\u00e9s de r\u00e9servation<\/strong> :<\/p>\n<div style=\"display:grid;grid-template-columns:repeat(auto-fit,minmax(240px,1fr));gap:14px;margin:22px 0;\">\n<div style=\"background:#f4f8f5;padding:18px 20px;border-radius:10px;border-left:3px solid #2a5f3f;\">\n<div style=\"font-size:.74em;text-transform:uppercase;letter-spacing:1.4px;color:#2a5f3f;font-weight:700;margin-bottom:6px;\">R\u00e9servation<\/div>\n<div style=\"font-size:.93em;line-height:1.55;\">Possibilit\u00e9 de r\u00e9server \u00e0 la nuit\u00e9e, jusqu\u2019\u00e0 la veille pour les \u00e9tablissements affich\u00e9s sur la plateforme <strong>Refuges.info<\/strong> ou via <strong>Booking.com<\/strong> pour les g\u00eetes affili\u00e9s au <strong>Parc national des Pyr\u00e9n\u00e9es<\/strong>.<\/div>\n<\/div>\n<div style=\"background:#f4f8f5;padding:18px 20px;border-radius:10px;border-left:3px solid #2a5f3f;\">\n<div style=\"font-size:.74em;text-transform:uppercase;letter-spacing:1.4px;color:#2a5f3f;font-weight:700;margin-bottom:6px;\">Annulation<\/div>\n<div style=\"font-size:.93em;line-height:1.55;\">Flexibilit\u00e9 sur les annulations gr\u00e2ce \u00e0 des mod\u00e8les adapt\u00e9s \u00e0 l\u2019incertitude li\u00e9e \u00e0 la m\u00e9t\u00e9o ou \u00e0 l\u2019\u00e9tat de sant\u00e9 des randonneurs.<\/div>\n<\/div>\n<div style=\"background:#f4f8f5;padding:18px 20px;border-radius:10px;border-left:3px solid #2a5f3f;\">\n<div style=\"font-size:.74em;text-transform:uppercase;letter-spacing:1.4px;color:#2a5f3f;font-weight:700;margin-bottom:6px;\">Isolement<\/div>\n<div style=\"font-size:.93em;line-height:1.55;\">Accueil dans des lieux isol\u00e9s, en pleine nature, souvent <strong>d\u00e9pourvus de r\u00e9seau t\u00e9l\u00e9phonique<\/strong>, garantissant la tranquillit\u00e9 et un d\u00e9paysement total.<\/div>\n<\/div>\n<\/div>\n<p>Nombreux sont les g\u00eetes positionn\u00e9s strat\u00e9giquement sur des \u00e9tapes incontournables : citons le <strong>G\u00eete d\u2019Ossoue<\/strong> \u00e0 Gavarnie, pr\u00e8s du c\u00e9l\u00e8bre <strong>cirque de Gavarnie<\/strong>, ou le <strong>Refuge du Go\u00fbter<\/strong> (massif du Mont-Blanc) qui illustre la capacit\u00e9 \u00e0 joindre accueil \u00e9conomique et site d\u2019exception.<\/p>\n<h2>Implantation et R\u00f4le dans la Valorisation des Territoires<\/h2>\n<p>L\u2019implantation g\u00e9ographique des <strong>g\u00eetes d\u2019\u00e9tape<\/strong> et <strong>refuges<\/strong> correspond \u00e0 une v\u00e9ritable strat\u00e9gie de <u>maillage territorial<\/u> en soutien au tourisme durable. Leur capacit\u00e9 \u00e0 s\u2019inscrire au plus pr\u00e8s des <strong>sentiers de Grande Randonn\u00e9e (GR)<\/strong>, \u00e0 proximit\u00e9 de villages montagnards (ex : <strong>Chamonix, Saint-Jean-Pied-de-Port<\/strong>), ou \u00e0 l\u2019or\u00e9e de parcs naturels (cas du <strong>Refuge de Prariond<\/strong> dans la <strong>Vanoise<\/strong>), participe directement \u00e0 l\u2019attractivit\u00e9 de ces territoires.<\/p>\n<p>Cette strat\u00e9gie d\u2019implantation n\u2019est pas le fruit du hasard : elle r\u00e9sulte d\u2019un long compagnonnage entre f\u00e9d\u00e9rations sportives, parcs nationaux et communes rurales. Lorsqu\u2019une commune de moyenne montagne d\u00e9cide de r\u00e9habiliter une ancienne \u00e9cole ou un presbyt\u00e8re d\u00e9saffect\u00e9 en g\u00eete d\u2019\u00e9tape, c\u2019est tout un \u00e9cosyst\u00e8me local qui se r\u00e9active : l\u2019\u00e9picerie voit son chiffre d\u2019affaires estival cro\u00eetre, le restaurant du village retrouve une client\u00e8le de marcheurs affam\u00e9s en fin d\u2019\u00e9tape, et les artisans locaux \u2014 fromager, apiculteur, vannier \u2014 disposent d\u2019une vitrine permanente. Le g\u00eete n\u2019est alors pas qu\u2019un commerce isol\u00e9, mais le pivot d\u2019une \u00e9conomie de la travers\u00e9e.<\/p>\n<div style=\"background:#fff;border-left:4px solid #2a5f3f;padding:22px 26px;margin:26px 0;font-style:italic;font-size:1.08em;line-height:1.7;color:#1c2b22;box-shadow:0 2px 10px rgba(0,0,0,.05);border-radius:0 10px 10px 0;\">\n<div style=\"font-size:2.4em;color:#2a5f3f;line-height:.2;height:18px;font-style:normal;\">\u00ab<\/div>\n<p>Sans g\u00eetes d\u2019\u00e9tape, des centaines de villages de moyenne montagne perdraient le dernier filet \u00e9conomique qui les relie \u00e0 un flux touristique r\u00e9gulier \u2014 celui des marcheurs qui passent, dorment et consomment, mais ne s\u2019installent pas.<\/p>\n<div style=\"font-style:normal;font-size:.78em;text-transform:uppercase;letter-spacing:1.6px;color:#2a5f3f;font-weight:700;margin-top:14px;\">\u2014 Lecture d\u2019\u00e9conomie rurale<\/div>\n<\/div>\n<p>Nous notons la contribution \u00e9conomique majeure de ces h\u00e9bergements au maintien d\u2019une <strong>vie locale<\/strong> active :<\/p>\n<div style=\"display:grid;grid-template-columns:repeat(auto-fit,minmax(230px,1fr));gap:14px;margin:22px 0;\">\n<div style=\"background:#fff;border:1px solid #d9e4dc;border-radius:10px;padding:18px 20px;\">\n<div style=\"width:38px;height:38px;border-radius:50%;background:#2a5f3f;color:#fff;display:flex;align-items:center;justify-content:center;font-weight:800;font-size:.95em;margin-bottom:10px;\">01<\/div>\n<div style=\"font-size:.95em;line-height:1.55;color:#1c2b22;\">Soutien aux commerces de proximit\u00e9 (<strong>\u00e9piceries, caf\u00e9s, artisans<\/strong>).<\/div>\n<\/div>\n<div style=\"background:#fff;border:1px solid #d9e4dc;border-radius:10px;padding:18px 20px;\">\n<div style=\"width:38px;height:38px;border-radius:50%;background:#2a5f3f;color:#fff;display:flex;align-items:center;justify-content:center;font-weight:800;font-size:.95em;margin-bottom:10px;\">02<\/div>\n<div style=\"font-size:.95em;line-height:1.55;color:#1c2b22;\">Maintien de l\u2019activit\u00e9 dans des zones de montagne o\u00f9 la densit\u00e9 d\u00e9mographique est faible.<\/div>\n<\/div>\n<div style=\"background:#fff;border:1px solid #d9e4dc;border-radius:10px;padding:18px 20px;\">\n<div style=\"width:38px;height:38px;border-radius:50%;background:#2a5f3f;color:#fff;display:flex;align-items:center;justify-content:center;font-weight:800;font-size:.95em;margin-bottom:10px;\">03<\/div>\n<div style=\"font-size:.95em;line-height:1.55;color:#1c2b22;\">Valorisation du <u>patrimoine naturel et b\u00e2ti<\/u> par la r\u00e9novation de vieilles bergeries ou maisons typiques (cf. <strong>G\u00eete communal de Saint-Cirgues-en-Montagne, Ard\u00e8che<\/strong>).<\/div>\n<\/div>\n<div style=\"background:#fff;border:1px solid #d9e4dc;border-radius:10px;padding:18px 20px;\">\n<div style=\"width:38px;height:38px;border-radius:50%;background:#2a5f3f;color:#fff;display:flex;align-items:center;justify-content:center;font-weight:800;font-size:.95em;margin-bottom:10px;\">04<\/div>\n<div style=\"font-size:.95em;line-height:1.55;color:#1c2b22;\">Participation \u00e0 la pr\u00e9servation du <strong>tissu social rural<\/strong> gr\u00e2ce \u00e0 la diffusion d\u2019un tourisme responsable et multi-saisonnier.<\/div>\n<\/div>\n<\/div>\n<p>Selon le rapport publi\u00e9 en <strong>mars 2024<\/strong> par <strong>Atout France<\/strong>, le secteur des h\u00e9bergements alternatifs, y compris les g\u00eetes d\u2019\u00e9tape, repr\u00e9sente une croissance de <u>23% des nuit\u00e9es en zones de montagne<\/u> sur les trois derni\u00e8res ann\u00e9es, un chiffre r\u00e9v\u00e9lateur de leur vitalit\u00e9 et de leur impact sur l\u2019\u00e9conomie rurale.<\/p>\n<h2>Convivialit\u00e9, Partage et Services Adapt\u00e9s aux Besoins des Marcheurs<\/h2>\n<p>L\u2019atmosph\u00e8re au sein d\u2019un <strong>g\u00eete d\u2019\u00e9tape<\/strong> se distingue par la mise en avant de <strong>valeurs de partage<\/strong> et l\u2019humanit\u00e9 de l\u2019accueil collectif. La rencontre y est \u00e9rig\u00e9e en principe, favorisant les \u00e9changes entre randonneurs de diff\u00e9rents horizons, souvent autour d\u2019un <u>repas partag\u00e9<\/u> ou dans une salle commune anim\u00e9e en soir\u00e9e. Nous estimons que l&rsquo;exp\u00e9rience humaine et la solidarit\u00e9, essentielles \u00e0 la culture des g\u00eetes, servent de socle \u00e0 des souvenirs inoubliables pour les voyageurs.<\/p>\n<p>Ce rituel du repas du soir m\u00e9rite qu\u2019on s\u2019y attarde : autour d\u2019une tabl\u00e9e, le silence du marcheur fatigu\u00e9 c\u00e8de peu \u00e0 peu la place aux r\u00e9cits du jour \u2014 l\u2019orage \u00e9vit\u00e9 de justesse, la rencontre fortuite avec un troupeau, la beaut\u00e9 d\u2019un lever de brume sur la vall\u00e9e. Pour beaucoup d\u2019itin\u00e9rants, ces conversations valent autant que les kilom\u00e8tres parcourus, et expliquent pourquoi le g\u00eete d\u2019\u00e9tape demeure, malgr\u00e9 la concurrence de plateformes h\u00f4teli\u00e8res standardis\u00e9es, le lieu de pr\u00e9dilection des randonneurs au long cours.<\/p>\n<p>Afin de r\u00e9pondre aux besoins sp\u00e9cifiques des marcheurs, nombre d\u2019\u00e9tablissements proposent des \u00e9quipements d\u00e9di\u00e9s :<\/p>\n<div style=\"display:grid;grid-template-columns:repeat(auto-fit,minmax(220px,1fr));gap:14px;margin:22px 0;\">\n<div style=\"background:linear-gradient(135deg,#f4f8f5 0%,#e8f0ea 100%);padding:18px 20px;border-radius:10px;\">\n<div style=\"font-size:.74em;text-transform:uppercase;letter-spacing:1.4px;color:#2a5f3f;font-weight:700;margin-bottom:6px;\">Cartographie<\/div>\n<div style=\"font-size:.94em;line-height:1.55;\">Pr\u00eat ou location de <strong>cartes IGN<\/strong> et guides topographiques.<\/div>\n<\/div>\n<div style=\"background:linear-gradient(135deg,#f4f8f5 0%,#e8f0ea 100%);padding:18px 20px;border-radius:10px;\">\n<div style=\"font-size:.74em;text-transform:uppercase;letter-spacing:1.4px;color:#2a5f3f;font-weight:700;margin-bottom:6px;\">Restauration<\/div>\n<div style=\"font-size:.94em;line-height:1.55;\">Proposition de <strong>paniers repas<\/strong> \u00e0 emporter (cas du <strong>Refuge du Rulhe, Ari\u00e8ge<\/strong>).<\/div>\n<\/div>\n<div style=\"background:linear-gradient(135deg,#f4f8f5 0%,#e8f0ea 100%);padding:18px 20px;border-radius:10px;\">\n<div style=\"font-size:.74em;text-transform:uppercase;letter-spacing:1.4px;color:#2a5f3f;font-weight:700;margin-bottom:6px;\">\u00c9quipement<\/div>\n<div style=\"font-size:.94em;line-height:1.55;\">Mise \u00e0 disposition de <strong>local v\u00e9lo<\/strong>, de sanitaires collectifs, de s\u00e9choirs pour v\u00eatements techniques.<\/div>\n<\/div>\n<div style=\"background:linear-gradient(135deg,#f4f8f5 0%,#e8f0ea 100%);padding:18px 20px;border-radius:10px;\">\n<div style=\"font-size:.74em;text-transform:uppercase;letter-spacing:1.4px;color:#2a5f3f;font-weight:700;margin-bottom:6px;\">Accompagnement<\/div>\n<div style=\"font-size:.94em;line-height:1.55;\">Conseils sur les variantes d\u2019itin\u00e9raires et mise en relation avec des accompagnateurs dipl\u00f4m\u00e9s (<strong>AMM<\/strong>).<\/div>\n<\/div>\n<\/div>\n<p>Nous soulignons que ces prestations, bien qu\u2019essentielles, restent propos\u00e9es \u00e0 des tarifs \u00e9tudi\u00e9s pour pr\u00e9server l\u2019accessibilit\u00e9 du s\u00e9jour \u00e0 tous. L\u2019exp\u00e9rience d\u2019un <strong>coucher de soleil au g\u00eete d\u2019Andorre, sur la HRP (Haute Route Pyr\u00e9n\u00e9enne)<\/strong> ou d\u2019une discussion sur le sentier du <strong>GR70 (Chemin de Stevenson)<\/strong> t\u00e9moigne du caract\u00e8re authentique de ces lieux.<\/p>\n<h2>Comment Choisir et R\u00e9server son G\u00eete d\u2019\u00c9tape ou Refuge ?<\/h2>\n<p>S\u00e9lectionner l\u2019h\u00e9bergement adapt\u00e9 \u00e0 son parcours requiert une attention particuli\u00e8re \u00e0 certains crit\u00e8res cl\u00e9s. Ces crit\u00e8res diff\u00e8rent selon la nature du terrain, la p\u00e9riode (basse ou haute saison) et le niveau de confort attendu. Le <strong>r\u00e9seau FFRandonn\u00e9e<\/strong> et la plateforme <strong>G\u00eetes de France<\/strong> recensent de nombreux \u00e9tablissements labellis\u00e9s et v\u00e9rifi\u00e9s, apportant un gage de s\u00e9rieux.<\/p>\n<p>Pour accompagner les randonneurs dans leur d\u00e9marche :<\/p>\n<div style=\"background:#fff;border:1px solid #d9e4dc;border-radius:12px;overflow:hidden;margin:22px 0;\">\n<div style=\"display:flex;gap:18px;padding:18px 22px;border-bottom:1px solid #e6ede8;align-items:flex-start;\">\n<div style=\"background:#2a5f3f;color:#fff;min-width:48px;height:48px;border-radius:10px;display:flex;align-items:center;justify-content:center;font-weight:800;font-size:1.05em;\">1<\/div>\n<div>\n<div style=\"font-weight:700;font-size:1em;color:#1c2b22;margin-bottom:4px;\">Capacit\u00e9 de l\u2019\u00e9tablissement<\/div>\n<div style=\"font-size:.93em;line-height:1.55;color:#3a4a40;\">\u00c9valuer la <strong>capacit\u00e9<\/strong> : petit refuge alpin (12 \u00e0 20 places) ou g\u00eete d\u2019\u00e9tape villageois (jusqu\u2019\u00e0 50 lits).<\/div>\n<\/div>\n<\/div>\n<div style=\"display:flex;gap:18px;padding:18px 22px;border-bottom:1px solid #e6ede8;align-items:flex-start;background:#fafbfa;\">\n<div style=\"background:#2a5f3f;color:#fff;min-width:48px;height:48px;border-radius:10px;display:flex;align-items:center;justify-content:center;font-weight:800;font-size:1.05em;\">2<\/div>\n<div>\n<div style=\"font-weight:700;font-size:1em;color:#1c2b22;margin-bottom:4px;\">Pr\u00e9sence d\u2019un gardien<\/div>\n<div style=\"font-size:.93em;line-height:1.55;color:#3a4a40;\">V\u00e9rifier la <strong>pr\u00e9sence d\u2019un gardien<\/strong>, en particulier pour les refuges de haute montagne (service de restauration, s\u00e9curit\u00e9, gestion des r\u00e9servations).<\/div>\n<\/div>\n<\/div>\n<div style=\"display:flex;gap:18px;padding:18px 22px;border-bottom:1px solid #e6ede8;align-items:flex-start;\">\n<div style=\"background:#2a5f3f;color:#fff;min-width:48px;height:48px;border-radius:10px;display:flex;align-items:center;justify-content:center;font-weight:800;font-size:1.05em;\">3<\/div>\n<div>\n<div style=\"font-weight:700;font-size:1em;color:#1c2b22;margin-bottom:4px;\">Accessibilit\u00e9<\/div>\n<div style=\"font-size:.93em;line-height:1.55;color:#3a4a40;\">Analyser l\u2019<strong>accessibilit\u00e9<\/strong> (proximit\u00e9 du sentier, acc\u00e8s routier ou en navette, possibilit\u00e9 de stationnement).<\/div>\n<\/div>\n<\/div>\n<div style=\"display:flex;gap:18px;padding:18px 22px;border-bottom:1px solid #e6ede8;align-items:flex-start;background:#fafbfa;\">\n<div style=\"background:#2a5f3f;color:#fff;min-width:48px;height:48px;border-radius:10px;display:flex;align-items:center;justify-content:center;font-weight:800;font-size:1.05em;\">4<\/div>\n<div>\n<div style=\"font-weight:700;font-size:1em;color:#1c2b22;margin-bottom:4px;\">Prestations fournies<\/div>\n<div style=\"font-size:.93em;line-height:1.55;color:#3a4a40;\">Consulter les <strong>prestations<\/strong> : cuisine \u00e9quip\u00e9e, draps fournis, sanitaires privatifs ou collectifs, ambiance familiale.<\/div>\n<\/div>\n<\/div>\n<div style=\"display:flex;gap:18px;padding:18px 22px;align-items:flex-start;\">\n<div style=\"background:#2a5f3f;color:#fff;min-width:48px;height:48px;border-radius:10px;display:flex;align-items:center;justify-content:center;font-weight:800;font-size:1.05em;\">5<\/div>\n<div>\n<div style=\"font-weight:700;font-size:1em;color:#1c2b22;margin-bottom:4px;\">R\u00e9servation anticip\u00e9e<\/div>\n<div style=\"font-size:.93em;line-height:1.55;color:#3a4a40;\">R\u00e9server suffisamment t\u00f4t pour les \u00e9tapes tr\u00e8s fr\u00e9quent\u00e9es, certaines structures affichant un taux de remplissage de <u>plus de 90% entre juin et septembre<\/u> (cas du <strong>Refuge du Pin d\u2019\u00c9pices en Is\u00e8re<\/strong>).<\/div>\n<\/div>\n<\/div>\n<\/div>\n<p>Nous recommandons l\u2019utilisation des plateformes sp\u00e9cialis\u00e9es telles que <strong>Refuges.info<\/strong>, <strong>Huttopia<\/strong> (pour les g\u00eetes nature en France et Europe), ou encore les sites officiels des <strong>Parcs naturels r\u00e9gionaux<\/strong> et <strong>offices de tourisme<\/strong> locaux qui mettent \u00e0 jour en temps r\u00e9el les disponibilit\u00e9s et permettent une planification sans mauvaise surprise.<\/p>\n<p>Une remarque pratique m\u00e9rite d\u2019\u00eatre formul\u00e9e concernant les <strong>refuges de haute montagne g\u00e9r\u00e9s par le Club Alpin Fran\u00e7ais (CAF)<\/strong> et ses homologues europ\u00e9ens (Club Alpin Italien, Club Alpin Suisse) : la r\u00e9servation par t\u00e9l\u00e9phone reste souvent la voie la plus fiable, le gardien ayant une connaissance fine de l\u2019\u00e9tat du sentier d\u2019acc\u00e8s, des conditions m\u00e9t\u00e9orologiques attendues et de la disponibilit\u00e9 r\u00e9elle des couchettes. Cet \u00e9change direct, devenu rare dans l\u2019h\u00f4tellerie classique, fait partie int\u00e9grante de la culture du refuge et permet aussi au gardien d\u2019adapter l\u2019accueil \u2014 repas chaud pr\u00e9vu, briefing s\u00e9curit\u00e9, surveillance bienveillante des cord\u00e9es attendues \u2014 \u00e0 la configuration exacte de l\u2019\u00e9tape.<\/p>\n<p>Les itin\u00e9rants au long cours auront \u00e9galement int\u00e9r\u00eat \u00e0 <strong>croiser plusieurs sources de r\u00e9servation<\/strong> : un g\u00eete peut tr\u00e8s bien afficher complet sur une plateforme commerciale tout en disposant de places via le contact direct du gardien, ou inversement. Sur des sentiers tr\u00e8s fr\u00e9quent\u00e9s comme le <strong>Tour du Mont-Blanc<\/strong>, le <strong>GR20 corse<\/strong> ou la travers\u00e9e des Pyr\u00e9n\u00e9es par la <strong>HRP<\/strong>, cette pr\u00e9caution \u00e9vite les mauvaises surprises et garantit l\u2019encha\u00eenement des \u00e9tapes, condition indispensable \u00e0 la r\u00e9ussite d\u2019une itin\u00e9rance de plusieurs semaines o\u00f9 chaque nuit d\u00e9pend de la pr\u00e9c\u00e9dente.<\/p>\n<p>Enfin, il convient de calibrer ses exigences de confort : <u>dortoirs mixtes, salles d\u2019eau partag\u00e9es, ambiance rustique ou prestations haut de gamme selon les gammes<\/u>. Le <strong>Refuge de la Croix du Bonhomme (parc national de la Vanoise)<\/strong>, par exemple, articule h\u00e9bergement d\u2019altitude, demi-pension gastronomique et vue panoramique exceptionnelle, alors que le <strong>G\u00eete du Chemin Vert, dans le Cantal<\/strong>, propose, \u00e0 moindre co\u00fbt, une hospitalit\u00e9 tout aussi sinc\u00e8re, mais \u00e0 la rusticit\u00e9 assum\u00e9e.<\/p>\n<p>Le choix final d\u00e9pendra moins du standing affich\u00e9 que de la coh\u00e9rence entre l\u2019\u00e9tablissement et le type d\u2019itin\u00e9rance projet\u00e9e : un marcheur qui encha\u00eene sept \u00e9tapes cons\u00e9cutives sur le <strong>GR65<\/strong> ne recherchera pas la m\u00eame densit\u00e9 de confort qu\u2019un randonneur en boucle hebdomadaire dans le <strong>Vercors<\/strong>. Le premier privil\u00e9giera la r\u00e9gularit\u00e9 des prestations \u2014 s\u00e9choir, repas chaud garanti, d\u00e9part matinal possible \u2014 quand le second pourra s\u2019autoriser le luxe d\u2019une chambre privative ou d\u2019une demi-pension plus soign\u00e9e. Cette adaptation fine, o\u00f9 chaque g\u00eete trouve son public, constitue pr\u00e9cis\u00e9ment la force du mod\u00e8le : entre le refuge spartiate du <strong>cirque de Gavarnie<\/strong> et la table d\u2019h\u00f4tes raffin\u00e9e d\u2019un g\u00eete villageois ard\u00e9chois, le r\u00e9seau fran\u00e7ais couvre l\u2019int\u00e9gralit\u00e9 du spectre, sans jamais sacrifier l\u2019esprit d\u2019accueil qui d\u00e9finit cette tradition montagnarde.<\/p>\n<div style=\"background:linear-gradient(135deg,#2a5f3f 0%,#1d4530 100%);color:#fff;padding:30px 34px;margin:32px 0;border-radius:14px;\">\n<div style=\"font-size:.78em;text-transform:uppercase;letter-spacing:2.4px;opacity:.85;margin-bottom:14px;font-weight:700;\">\u00c0 retenir avant de partir<\/div>\n<div style=\"display:grid;grid-template-columns:repeat(auto-fit,minmax(220px,1fr));gap:18px;\">\n<div>\n<div style=\"font-size:1.08em;font-weight:700;margin-bottom:6px;\">R\u00e9server t\u00f4t l\u2019\u00e9t\u00e9<\/div>\n<div style=\"font-size:.92em;line-height:1.55;opacity:.92;\">Juin-septembre, certaines \u00e9tapes affichent +90% de taux d\u2019occupation.<\/div>\n<\/div>\n<div>\n<div style=\"font-size:1.08em;font-weight:700;margin-bottom:6px;\">Privil\u00e9gier les labels<\/div>\n<div style=\"font-size:.92em;line-height:1.55;opacity:.92;\">FFRandonn\u00e9e, G\u00eetes de France et Refuges.info garantissent un s\u00e9rieux v\u00e9rifi\u00e9.<\/div>\n<\/div>\n<div>\n<div style=\"font-size:1.08em;font-weight:700;margin-bottom:6px;\">Pr\u00e9voir l\u2019isolement<\/div>\n<div style=\"font-size:.92em;line-height:1.55;opacity:.92;\">Beaucoup de sites n\u2019ont aucun r\u00e9seau : t\u00e9l\u00e9charger cartes IGN et topo-guides en amont.<\/div>\n<\/div>\n<div>\n<div style=\"font-size:1.08em;font-weight:700;margin-bottom:6px;\">Adapter au profil<\/div>\n<div style=\"font-size:.92em;line-height:1.55;opacity:.92;\">Du refuge alpin gard\u00e9 au g\u00eete villageois confortable, le choix d\u00e9pend du parcours.<\/div>\n<\/div>\n<\/div>\n<\/div>\n<h2>Questions fr\u00e9quentes<\/h2>\n<div style=\"margin:22px 0;\">\n<div style=\"background:#fff;border:1px solid #d9e4dc;border-radius:10px;padding:18px 22px;margin-bottom:10px;\">\n<div style=\"font-weight:700;color:#2a5f3f;font-size:1.02em;margin-bottom:8px;\">Quelle diff\u00e9rence entre un g\u00eete d\u2019\u00e9tape et un refuge de montagne ?<\/div>\n<div style=\"font-size:.95em;line-height:1.6;color:#1c2b22;\">Le g\u00eete d\u2019\u00e9tape se situe en vall\u00e9e ou en village, sur le trac\u00e9 d\u2019un GR, et accueille 8 \u00e0 50 personnes en gestion souvent partag\u00e9e. Le refuge est implant\u00e9 en altitude, gard\u00e9 seulement une partie de l\u2019ann\u00e9e, et conserve une vocation d\u2019accueil d\u2019urgence pour les alpinistes et randonneurs en haute montagne.<\/div>\n<\/div>\n<div style=\"background:#fff;border:1px solid #d9e4dc;border-radius:10px;padding:18px 22px;margin-bottom:10px;\">\n<div style=\"font-weight:700;color:#2a5f3f;font-size:1.02em;margin-bottom:8px;\">Faut-il \u00eatre adh\u00e9rent \u00e0 la FFRandonn\u00e9e pour r\u00e9server ?<\/div>\n<div style=\"font-size:.95em;line-height:1.6;color:#1c2b22;\">Non. La <strong>FFRandonn\u00e9e<\/strong> r\u00e9f\u00e9rence et labellise des \u00e9tablissements mais l\u2019accueil est ouvert \u00e0 tout marcheur. L\u2019adh\u00e9sion peut toutefois ouvrir droit \u00e0 des r\u00e9ductions ponctuelles dans certains g\u00eetes partenaires.<\/div>\n<\/div>\n<div style=\"background:#fff;border:1px solid #d9e4dc;border-radius:10px;padding:18px 22px;margin-bottom:10px;\">\n<div style=\"font-weight:700;color:#2a5f3f;font-size:1.02em;margin-bottom:8px;\">Peut-on dormir en refuge hors p\u00e9riode gard\u00e9e ?<\/div>\n<div style=\"font-size:.95em;line-height:1.6;color:#1c2b22;\">Oui. La plupart des refuges de montagne disposent d\u2019une partie \u00ab hiver \u00bb ou d\u2019un local d\u2019accueil d\u2019urgence ouvert hors saison, avec couchage spartiate, parfois une caisse pour r\u00e8glement libre. S\u00e9curit\u00e9 et m\u00e9t\u00e9o doivent \u00eatre anticip\u00e9es rigoureusement.<\/div>\n<\/div>\n<div style=\"background:#fff;border:1px solid #d9e4dc;border-radius:10px;padding:18px 22px;\">\n<div style=\"font-weight:700;color:#2a5f3f;font-size:1.02em;margin-bottom:8px;\">Comment r\u00e9server sans r\u00e9seau t\u00e9l\u00e9phonique ?<\/div>\n<div style=\"font-size:.95em;line-height:1.6;color:#1c2b22;\">Anticiper depuis la vall\u00e9e : <strong>Refuges.info<\/strong> centralise les disponibilit\u00e9s en temps r\u00e9el, et la plupart des offices de tourisme locaux servent de relais de r\u00e9servation pour les \u00e9tapes suivantes. Les gardiens acceptent aussi tr\u00e8s souvent la prise de contact en direct la veille.<\/div>\n<\/div>\n<\/div>\n<hr \/>\n<div class=\"articles-lies\">\n<h3>\u00c0 lire aussi<\/h3>\n<ul>\n<li><a href=\"https:\/\/lefouduvoyage.fr\/blog\/voyage-responsable\/la-revolution-secrete-du-tourisme-local-comment-les-staycations-transforment-vos-vacances-et-votre-esprit\/\">La r\u00e9volution secr\u00e8te du tourisme local : comment les staycations transforment vos vacances et votre esprit<\/a><\/li>\n<li><a href=\"https:\/\/lefouduvoyage.fr\/blog\/voyage-responsable\/la-verite-meconnue-sur-workaway-comment-voyager-gratuitement-tout-en-developpant-vos-competences-et-en-decouvrant-le-monde-autrement\/\">La v\u00e9rit\u00e9 m\u00e9connue sur Workaway : comment voyager gratuitement tout en d\u00e9veloppant vos comp\u00e9tences et en d\u00e9couvrant le monde autrement<\/a><\/li>\n<li><a href=\"https:\/\/lefouduvoyage.fr\/blog\/a-la-une\/explorer-autrement-les-meilleurs-sites-pour-louer-velos-et-scooters-en-france\/\">Explorer autrement : les meilleurs sites pour louer v\u00e9los et scooters en France<\/a><\/li>\n<\/ul>\n<\/div>\n","protected":false},"excerpt":{"rendered":"","protected":false},"author":34,"featured_media":8057,"comment_status":"open","ping_status":"open","sticky":false,"template":"","format":"standard","meta":{"_acf_changed":false,"manual_indexmenow":false,"indexmenow_id_project":0,"footnotes":""},"categories":[4523],"tags":[4964,4965,4852],"class_list":["post-8055","post","type-post","status-publish","format-standard","has-post-thumbnail","hentry","category-voyage-responsable","tag-gite-detape","tag-hebergement-economique","tag-randonnee","generate-columns","tablet-grid-50","mobile-grid-100","grid-parent","grid-25"],"acf":[],"yoast_head":"<!-- This site is optimized with the Yoast SEO Premium plugin v21.3 (Yoast SEO v26.5) - https:\/\/yoast.com\/wordpress\/plugins\/seo\/ -->\n<title>Les secrets m\u00e9connus des g\u00eetes d\u2019\u00e9tape et refuges : comment ces h\u00e9bergements \u00e9conomiques transforment votre randonn\u00e9e et soutiennent les territoires<\/title>\n<meta name=\"description\" content=\"Les secrets m\u00e9connus des g\u00eetes d\u2019\u00e9tape et refuges : tout savoir avant de partir, conseils, incontournables et bons plans r\u00e9unis dans notre guide voyage.\" \/>\n<meta name=\"robots\" content=\"index, follow, max-snippet:-1, max-image-preview:large, max-video-preview:-1\" \/>\n<link rel=\"canonical\" href=\"https:\/\/lefouduvoyage.fr\/blog\/voyage-responsable\/les-secrets-meconnus-des-gites-detape-et-refuges-comment-ces-hebergements-economiques-transforment-votre-randonnee-et-soutiennent-les-territoires\/\" \/>\n<meta property=\"og:locale\" content=\"fr_FR\" \/>\n<meta property=\"og:type\" content=\"article\" \/>\n<meta property=\"og:title\" content=\"Les secrets m\u00e9connus des g\u00eetes d\u2019\u00e9tape et refuges : comment ces h\u00e9bergements \u00e9conomiques transforment votre randonn\u00e9e et soutiennent les territoires\" \/>\n<meta property=\"og:description\" content=\"Les secrets m\u00e9connus des g\u00eetes d\u2019\u00e9tape et refuges : tout savoir avant de partir, conseils, incontournables et bons plans r\u00e9unis dans notre guide voyage.\" \/>\n<meta property=\"og:url\" content=\"https:\/\/lefouduvoyage.fr\/blog\/voyage-responsable\/les-secrets-meconnus-des-gites-detape-et-refuges-comment-ces-hebergements-economiques-transforment-votre-randonnee-et-soutiennent-les-territoires\/\" \/>\n<meta property=\"og:site_name\" content=\"lefouduvoyage\" \/>\n<meta property=\"og:image\" content=\"https:\/\/lefouduvoyage.fr\/blog\/wp-content\/uploads\/2025\/07\/pag-image-6877ff744966b-scaled.png\" \/>\n\t<meta property=\"og:image:width\" content=\"1200\" \/>\n\t<meta property=\"og:image:height\" content=\"686\" \/>\n\t<meta property=\"og:image:type\" content=\"image\/png\" \/>\n<meta name=\"author\" content=\"Camille Rouvray\" \/>\n<meta name=\"twitter:card\" content=\"summary_large_image\" \/>\n<script type=\"application\/ld+json\" class=\"yoast-schema-graph\">{\"@context\":\"https:\/\/schema.org\",\"@graph\":[{\"@type\":\"NewsArticle\",\"@id\":\"https:\/\/lefouduvoyage.fr\/blog\/voyage-responsable\/les-secrets-meconnus-des-gites-detape-et-refuges-comment-ces-hebergements-economiques-transforment-votre-randonnee-et-soutiennent-les-territoires\/#article\",\"isPartOf\":{\"@id\":\"https:\/\/lefouduvoyage.fr\/blog\/voyage-responsable\/les-secrets-meconnus-des-gites-detape-et-refuges-comment-ces-hebergements-economiques-transforment-votre-randonnee-et-soutiennent-les-territoires\/\"},\"author\":{\"name\":\"Camille Rouvray\",\"@id\":\"https:\/\/lefouduvoyage.fr\/blog\/#\/schema\/person\/3c864cdc320801e3db34b663e7e3f816\"},\"headline\":\"Les secrets m\u00e9connus des g\u00eetes d\u2019\u00e9tape et refuges : comment ces h\u00e9bergements \u00e9conomiques transforment votre randonn\u00e9e et soutiennent les territoires\",\"datePublished\":\"2026-05-19T16:05:17+00:00\",\"mainEntityOfPage\":{\"@id\":\"https:\/\/lefouduvoyage.fr\/blog\/voyage-responsable\/les-secrets-meconnus-des-gites-detape-et-refuges-comment-ces-hebergements-economiques-transforment-votre-randonnee-et-soutiennent-les-territoires\/\"},\"wordCount\":2795,\"commentCount\":0,\"publisher\":{\"@id\":\"https:\/\/lefouduvoyage.fr\/blog\/#organization\"},\"image\":{\"@id\":\"https:\/\/lefouduvoyage.fr\/blog\/voyage-responsable\/les-secrets-meconnus-des-gites-detape-et-refuges-comment-ces-hebergements-economiques-transforment-votre-randonnee-et-soutiennent-les-territoires\/#primaryimage\"},\"thumbnailUrl\":\"https:\/\/lefouduvoyage.fr\/blog\/wp-content\/uploads\/2025\/07\/pag-image-6877ff744966b-scaled.png\",\"keywords\":[\"gite detape\",\"hebergement economique\",\"randonnee\"],\"articleSection\":[\"Voyage Responsable\"],\"inLanguage\":\"fr-FR\",\"potentialAction\":[{\"@type\":\"CommentAction\",\"name\":\"Comment\",\"target\":[\"https:\/\/lefouduvoyage.fr\/blog\/voyage-responsable\/les-secrets-meconnus-des-gites-detape-et-refuges-comment-ces-hebergements-economiques-transforment-votre-randonnee-et-soutiennent-les-territoires\/#respond\"]}]},{\"@type\":\"WebPage\",\"@id\":\"https:\/\/lefouduvoyage.fr\/blog\/voyage-responsable\/les-secrets-meconnus-des-gites-detape-et-refuges-comment-ces-hebergements-economiques-transforment-votre-randonnee-et-soutiennent-les-territoires\/\",\"url\":\"https:\/\/lefouduvoyage.fr\/blog\/voyage-responsable\/les-secrets-meconnus-des-gites-detape-et-refuges-comment-ces-hebergements-economiques-transforment-votre-randonnee-et-soutiennent-les-territoires\/\",\"name\":\"Les secrets m\u00e9connus des g\u00eetes d\u2019\u00e9tape et refuges : comment ces h\u00e9bergements \u00e9conomiques transforment votre randonn\u00e9e et soutiennent les territoires\",\"isPartOf\":{\"@id\":\"https:\/\/lefouduvoyage.fr\/blog\/#website\"},\"primaryImageOfPage\":{\"@id\":\"https:\/\/lefouduvoyage.fr\/blog\/voyage-responsable\/les-secrets-meconnus-des-gites-detape-et-refuges-comment-ces-hebergements-economiques-transforment-votre-randonnee-et-soutiennent-les-territoires\/#primaryimage\"},\"image\":{\"@id\":\"https:\/\/lefouduvoyage.fr\/blog\/voyage-responsable\/les-secrets-meconnus-des-gites-detape-et-refuges-comment-ces-hebergements-economiques-transforment-votre-randonnee-et-soutiennent-les-territoires\/#primaryimage\"},\"thumbnailUrl\":\"https:\/\/lefouduvoyage.fr\/blog\/wp-content\/uploads\/2025\/07\/pag-image-6877ff744966b-scaled.png\",\"datePublished\":\"2026-05-19T16:05:17+00:00\",\"description\":\"Les secrets m\u00e9connus des g\u00eetes d\u2019\u00e9tape et refuges : tout savoir avant de partir, conseils, incontournables et bons plans r\u00e9unis dans notre guide voyage.\",\"inLanguage\":\"fr-FR\",\"potentialAction\":[{\"@type\":\"ReadAction\",\"target\":[\"https:\/\/lefouduvoyage.fr\/blog\/voyage-responsable\/les-secrets-meconnus-des-gites-detape-et-refuges-comment-ces-hebergements-economiques-transforment-votre-randonnee-et-soutiennent-les-territoires\/\"]}]},{\"@type\":\"ImageObject\",\"inLanguage\":\"fr-FR\",\"@id\":\"https:\/\/lefouduvoyage.fr\/blog\/voyage-responsable\/les-secrets-meconnus-des-gites-detape-et-refuges-comment-ces-hebergements-economiques-transforment-votre-randonnee-et-soutiennent-les-territoires\/#primaryimage\",\"url\":\"https:\/\/lefouduvoyage.fr\/blog\/wp-content\/uploads\/2025\/07\/pag-image-6877ff744966b-scaled.png\",\"contentUrl\":\"https:\/\/lefouduvoyage.fr\/blog\/wp-content\/uploads\/2025\/07\/pag-image-6877ff744966b-scaled.png\",\"width\":1200,\"height\":686,\"caption\":\"Image g\u00e9n\u00e9r\u00e9e par IA optimis\u00e9e pour Google Discover\"},{\"@type\":\"WebSite\",\"@id\":\"https:\/\/lefouduvoyage.fr\/blog\/#website\",\"url\":\"https:\/\/lefouduvoyage.fr\/blog\/\",\"name\":\"Le Fou du Voyage\",\"description\":\"Le Fou du Voyage, l&#039;aventure sans limites\",\"publisher\":{\"@id\":\"https:\/\/lefouduvoyage.fr\/blog\/#organization\"},\"alternateName\":\"Le Fou du Voyage, l'aventure sans limites\",\"potentialAction\":[{\"@type\":\"SearchAction\",\"target\":{\"@type\":\"EntryPoint\",\"urlTemplate\":\"https:\/\/lefouduvoyage.fr\/blog\/?s={search_term_string}\"},\"query-input\":{\"@type\":\"PropertyValueSpecification\",\"valueRequired\":true,\"valueName\":\"search_term_string\"}}],\"inLanguage\":\"fr-FR\"},{\"@type\":\"Organization\",\"@id\":\"https:\/\/lefouduvoyage.fr\/blog\/#organization\",\"name\":\"Le Fou du Voyage\",\"alternateName\":\"Le Fou du Voyage\",\"url\":\"https:\/\/lefouduvoyage.fr\/blog\/\",\"logo\":{\"@type\":\"ImageObject\",\"inLanguage\":\"fr-FR\",\"@id\":\"https:\/\/lefouduvoyage.fr\/blog\/#\/schema\/logo\/image\/\",\"url\":\"https:\/\/lefouduvoyage.fr\/blog\/wp-content\/uploads\/2024\/12\/48.png\",\"contentUrl\":\"https:\/\/lefouduvoyage.fr\/blog\/wp-content\/uploads\/2024\/12\/48.png\",\"width\":500,\"height\":500,\"caption\":\"Le Fou du Voyage\"},\"image\":{\"@id\":\"https:\/\/lefouduvoyage.fr\/blog\/#\/schema\/logo\/image\/\"}},{\"@type\":\"Person\",\"@id\":\"https:\/\/lefouduvoyage.fr\/blog\/#\/schema\/person\/3c864cdc320801e3db34b663e7e3f816\",\"name\":\"Camille Rouvray\",\"image\":{\"@type\":\"ImageObject\",\"inLanguage\":\"fr-FR\",\"@id\":\"https:\/\/lefouduvoyage.fr\/blog\/#\/schema\/person\/image\/\",\"url\":\"https:\/\/lefouduvoyage.fr\/blog\/wp-content\/uploads\/2026\/06\/persona_camille-r-96x96.jpg\",\"contentUrl\":\"https:\/\/lefouduvoyage.fr\/blog\/wp-content\/uploads\/2026\/06\/persona_camille-r-96x96.jpg\",\"caption\":\"Camille Rouvray\"},\"description\":\"Je voyage et j'\u00e9cris sur le voyage depuis une douzaine d'ann\u00e9es, d'abord en tant que routarde au long cours, puis comme r\u00e9dactrice sp\u00e9cialis\u00e9e. Mon terrain de pr\u00e9dilection, ce sont les circuits organis\u00e9s et l'art de bien pr\u00e9parer un itin\u00e9raire : choix de la saison, dur\u00e9e r\u00e9aliste des \u00e9tapes, budget jour par jour, logement et transport sur place. J'aime aussi raconter les p\u00e9pites urbaines, ces adresses qu'on ne trouve pas dans les guides classiques. Avant de publier un dossier destination, je croise toujours plusieurs sources, je v\u00e9rifie les tarifs et les formalit\u00e9s d'entr\u00e9e \u00e0 jour, et je teste moi-m\u00eame quand je le peux. Mon angle reste pratique avant tout : aider le lecteur \u00e0 partir l'esprit tranquille, sans mauvaise surprise une fois sur place. Je m'attache \u00e0 distinguer le coup de c\u0153ur sinc\u00e8re du simple argument marketing.\",\"sameAs\":[\"https:\/\/camillerouvray.fr\/\"],\"url\":\"https:\/\/lefouduvoyage.fr\/blog\/auteur\/noname\/\"}]}<\/script>\n<!-- \/ Yoast SEO Premium plugin. -->","yoast_head_json":{"title":"Les secrets m\u00e9connus des g\u00eetes d\u2019\u00e9tape et refuges : comment ces h\u00e9bergements \u00e9conomiques transforment votre randonn\u00e9e et soutiennent les territoires","description":"Les secrets m\u00e9connus des g\u00eetes d\u2019\u00e9tape et refuges : tout savoir avant de partir, conseils, incontournables et bons plans r\u00e9unis dans notre guide voyage.","robots":{"index":"index","follow":"follow","max-snippet":"max-snippet:-1","max-image-preview":"max-image-preview:large","max-video-preview":"max-video-preview:-1"},"canonical":"https:\/\/lefouduvoyage.fr\/blog\/voyage-responsable\/les-secrets-meconnus-des-gites-detape-et-refuges-comment-ces-hebergements-economiques-transforment-votre-randonnee-et-soutiennent-les-territoires\/","og_locale":"fr_FR","og_type":"article","og_title":"Les secrets m\u00e9connus des g\u00eetes d\u2019\u00e9tape et refuges : comment ces h\u00e9bergements \u00e9conomiques transforment votre randonn\u00e9e et soutiennent les territoires","og_description":"Les secrets m\u00e9connus des g\u00eetes d\u2019\u00e9tape et refuges : tout savoir avant de partir, conseils, incontournables et bons plans r\u00e9unis dans notre guide voyage.","og_url":"https:\/\/lefouduvoyage.fr\/blog\/voyage-responsable\/les-secrets-meconnus-des-gites-detape-et-refuges-comment-ces-hebergements-economiques-transforment-votre-randonnee-et-soutiennent-les-territoires\/","og_site_name":"lefouduvoyage","og_image":[{"width":1200,"height":686,"url":"https:\/\/lefouduvoyage.fr\/blog\/wp-content\/uploads\/2025\/07\/pag-image-6877ff744966b-scaled.png","type":"image\/png"}],"author":"Camille Rouvray","twitter_card":"summary_large_image","schema":{"@context":"https:\/\/schema.org","@graph":[{"@type":"NewsArticle","@id":"https:\/\/lefouduvoyage.fr\/blog\/voyage-responsable\/les-secrets-meconnus-des-gites-detape-et-refuges-comment-ces-hebergements-economiques-transforment-votre-randonnee-et-soutiennent-les-territoires\/#article","isPartOf":{"@id":"https:\/\/lefouduvoyage.fr\/blog\/voyage-responsable\/les-secrets-meconnus-des-gites-detape-et-refuges-comment-ces-hebergements-economiques-transforment-votre-randonnee-et-soutiennent-les-territoires\/"},"author":{"name":"Camille Rouvray","@id":"https:\/\/lefouduvoyage.fr\/blog\/#\/schema\/person\/3c864cdc320801e3db34b663e7e3f816"},"headline":"Les secrets m\u00e9connus des g\u00eetes d\u2019\u00e9tape et refuges : comment ces h\u00e9bergements \u00e9conomiques transforment votre randonn\u00e9e et soutiennent les territoires","datePublished":"2026-05-19T16:05:17+00:00","mainEntityOfPage":{"@id":"https:\/\/lefouduvoyage.fr\/blog\/voyage-responsable\/les-secrets-meconnus-des-gites-detape-et-refuges-comment-ces-hebergements-economiques-transforment-votre-randonnee-et-soutiennent-les-territoires\/"},"wordCount":2795,"commentCount":0,"publisher":{"@id":"https:\/\/lefouduvoyage.fr\/blog\/#organization"},"image":{"@id":"https:\/\/lefouduvoyage.fr\/blog\/voyage-responsable\/les-secrets-meconnus-des-gites-detape-et-refuges-comment-ces-hebergements-economiques-transforment-votre-randonnee-et-soutiennent-les-territoires\/#primaryimage"},"thumbnailUrl":"https:\/\/lefouduvoyage.fr\/blog\/wp-content\/uploads\/2025\/07\/pag-image-6877ff744966b-scaled.png","keywords":["gite detape","hebergement economique","randonnee"],"articleSection":["Voyage Responsable"],"inLanguage":"fr-FR","potentialAction":[{"@type":"CommentAction","name":"Comment","target":["https:\/\/lefouduvoyage.fr\/blog\/voyage-responsable\/les-secrets-meconnus-des-gites-detape-et-refuges-comment-ces-hebergements-economiques-transforment-votre-randonnee-et-soutiennent-les-territoires\/#respond"]}]},{"@type":"WebPage","@id":"https:\/\/lefouduvoyage.fr\/blog\/voyage-responsable\/les-secrets-meconnus-des-gites-detape-et-refuges-comment-ces-hebergements-economiques-transforment-votre-randonnee-et-soutiennent-les-territoires\/","url":"https:\/\/lefouduvoyage.fr\/blog\/voyage-responsable\/les-secrets-meconnus-des-gites-detape-et-refuges-comment-ces-hebergements-economiques-transforment-votre-randonnee-et-soutiennent-les-territoires\/","name":"Les secrets m\u00e9connus des g\u00eetes d\u2019\u00e9tape et refuges : comment ces h\u00e9bergements \u00e9conomiques transforment votre randonn\u00e9e et soutiennent les territoires","isPartOf":{"@id":"https:\/\/lefouduvoyage.fr\/blog\/#website"},"primaryImageOfPage":{"@id":"https:\/\/lefouduvoyage.fr\/blog\/voyage-responsable\/les-secrets-meconnus-des-gites-detape-et-refuges-comment-ces-hebergements-economiques-transforment-votre-randonnee-et-soutiennent-les-territoires\/#primaryimage"},"image":{"@id":"https:\/\/lefouduvoyage.fr\/blog\/voyage-responsable\/les-secrets-meconnus-des-gites-detape-et-refuges-comment-ces-hebergements-economiques-transforment-votre-randonnee-et-soutiennent-les-territoires\/#primaryimage"},"thumbnailUrl":"https:\/\/lefouduvoyage.fr\/blog\/wp-content\/uploads\/2025\/07\/pag-image-6877ff744966b-scaled.png","datePublished":"2026-05-19T16:05:17+00:00","description":"Les secrets m\u00e9connus des g\u00eetes d\u2019\u00e9tape et refuges : tout savoir avant de partir, conseils, incontournables et bons plans r\u00e9unis dans notre guide voyage.","inLanguage":"fr-FR","potentialAction":[{"@type":"ReadAction","target":["https:\/\/lefouduvoyage.fr\/blog\/voyage-responsable\/les-secrets-meconnus-des-gites-detape-et-refuges-comment-ces-hebergements-economiques-transforment-votre-randonnee-et-soutiennent-les-territoires\/"]}]},{"@type":"ImageObject","inLanguage":"fr-FR","@id":"https:\/\/lefouduvoyage.fr\/blog\/voyage-responsable\/les-secrets-meconnus-des-gites-detape-et-refuges-comment-ces-hebergements-economiques-transforment-votre-randonnee-et-soutiennent-les-territoires\/#primaryimage","url":"https:\/\/lefouduvoyage.fr\/blog\/wp-content\/uploads\/2025\/07\/pag-image-6877ff744966b-scaled.png","contentUrl":"https:\/\/lefouduvoyage.fr\/blog\/wp-content\/uploads\/2025\/07\/pag-image-6877ff744966b-scaled.png","width":1200,"height":686,"caption":"Image g\u00e9n\u00e9r\u00e9e par IA optimis\u00e9e pour Google Discover"},{"@type":"WebSite","@id":"https:\/\/lefouduvoyage.fr\/blog\/#website","url":"https:\/\/lefouduvoyage.fr\/blog\/","name":"Le Fou du Voyage","description":"Le Fou du Voyage, l&#039;aventure sans limites","publisher":{"@id":"https:\/\/lefouduvoyage.fr\/blog\/#organization"},"alternateName":"Le Fou du Voyage, l'aventure sans limites","potentialAction":[{"@type":"SearchAction","target":{"@type":"EntryPoint","urlTemplate":"https:\/\/lefouduvoyage.fr\/blog\/?s={search_term_string}"},"query-input":{"@type":"PropertyValueSpecification","valueRequired":true,"valueName":"search_term_string"}}],"inLanguage":"fr-FR"},{"@type":"Organization","@id":"https:\/\/lefouduvoyage.fr\/blog\/#organization","name":"Le Fou du Voyage","alternateName":"Le Fou du Voyage","url":"https:\/\/lefouduvoyage.fr\/blog\/","logo":{"@type":"ImageObject","inLanguage":"fr-FR","@id":"https:\/\/lefouduvoyage.fr\/blog\/#\/schema\/logo\/image\/","url":"https:\/\/lefouduvoyage.fr\/blog\/wp-content\/uploads\/2024\/12\/48.png","contentUrl":"https:\/\/lefouduvoyage.fr\/blog\/wp-content\/uploads\/2024\/12\/48.png","width":500,"height":500,"caption":"Le Fou du Voyage"},"image":{"@id":"https:\/\/lefouduvoyage.fr\/blog\/#\/schema\/logo\/image\/"}},{"@type":"Person","@id":"https:\/\/lefouduvoyage.fr\/blog\/#\/schema\/person\/3c864cdc320801e3db34b663e7e3f816","name":"Camille Rouvray","image":{"@type":"ImageObject","inLanguage":"fr-FR","@id":"https:\/\/lefouduvoyage.fr\/blog\/#\/schema\/person\/image\/","url":"https:\/\/lefouduvoyage.fr\/blog\/wp-content\/uploads\/2026\/06\/persona_camille-r-96x96.jpg","contentUrl":"https:\/\/lefouduvoyage.fr\/blog\/wp-content\/uploads\/2026\/06\/persona_camille-r-96x96.jpg","caption":"Camille Rouvray"},"description":"Je voyage et j'\u00e9cris sur le voyage depuis une douzaine d'ann\u00e9es, d'abord en tant que routarde au long cours, puis comme r\u00e9dactrice sp\u00e9cialis\u00e9e. Mon terrain de pr\u00e9dilection, ce sont les circuits organis\u00e9s et l'art de bien pr\u00e9parer un itin\u00e9raire : choix de la saison, dur\u00e9e r\u00e9aliste des \u00e9tapes, budget jour par jour, logement et transport sur place. J'aime aussi raconter les p\u00e9pites urbaines, ces adresses qu'on ne trouve pas dans les guides classiques. Avant de publier un dossier destination, je croise toujours plusieurs sources, je v\u00e9rifie les tarifs et les formalit\u00e9s d'entr\u00e9e \u00e0 jour, et je teste moi-m\u00eame quand je le peux. Mon angle reste pratique avant tout : aider le lecteur \u00e0 partir l'esprit tranquille, sans mauvaise surprise une fois sur place. Je m'attache \u00e0 distinguer le coup de c\u0153ur sinc\u00e8re du simple argument marketing.","sameAs":["https:\/\/camillerouvray.fr\/"],"url":"https:\/\/lefouduvoyage.fr\/blog\/auteur\/noname\/"}]}},"_links":{"self":[{"href":"https:\/\/lefouduvoyage.fr\/blog\/wp-json\/wp\/v2\/posts\/8055","targetHints":{"allow":["GET"]}}],"collection":[{"href":"https:\/\/lefouduvoyage.fr\/blog\/wp-json\/wp\/v2\/posts"}],"about":[{"href":"https:\/\/lefouduvoyage.fr\/blog\/wp-json\/wp\/v2\/types\/post"}],"author":[{"embeddable":true,"href":"https:\/\/lefouduvoyage.fr\/blog\/wp-json\/wp\/v2\/users\/34"}],"replies":[{"embeddable":true,"href":"https:\/\/lefouduvoyage.fr\/blog\/wp-json\/wp\/v2\/comments?post=8055"}],"version-history":[{"count":2,"href":"https:\/\/lefouduvoyage.fr\/blog\/wp-json\/wp\/v2\/posts\/8055\/revisions"}],"predecessor-version":[{"id":8476,"href":"https:\/\/lefouduvoyage.fr\/blog\/wp-json\/wp\/v2\/posts\/8055\/revisions\/8476"}],"wp:featuredmedia":[{"embeddable":true,"href":"https:\/\/lefouduvoyage.fr\/blog\/wp-json\/wp\/v2\/media\/8057"}],"wp:attachment":[{"href":"https:\/\/lefouduvoyage.fr\/blog\/wp-json\/wp\/v2\/media?parent=8055"}],"wp:term":[{"taxonomy":"category","embeddable":true,"href":"https:\/\/lefouduvoyage.fr\/blog\/wp-json\/wp\/v2\/categories?post=8055"},{"taxonomy":"post_tag","embeddable":true,"href":"https:\/\/lefouduvoyage.fr\/blog\/wp-json\/wp\/v2\/tags?post=8055"}],"curies":[{"name":"wp","href":"https:\/\/api.w.org\/{rel}","templated":true}]}}