{"id":7881,"date":"2025-08-14T09:25:00","date_gmt":"2025-08-14T07:25:00","guid":{"rendered":"https:\/\/lefouduvoyage.fr\/blog\/?p=7881"},"modified":"2025-07-16T21:17:06","modified_gmt":"2025-07-16T19:17:06","slug":"bilan-voyages-2025-mes-plus-beaux-souvenirs","status":"publish","type":"post","link":"https:\/\/lefouduvoyage.fr\/blog\/a-la-une\/bilan-voyages-2025-mes-plus-beaux-souvenirs\/","title":{"rendered":"Bilan voyages 2025 : mes plus beaux souvenirs"},"content":{"rendered":"<h1>Bilan voyages 2025 : mes plus beaux souvenirs \u00e0 travers le monde<\/h1>\n<h2>Immersion dans les paysages d\u2019exception red\u00e9couverts en 2025<\/h2>\n<p>L\u2019ann\u00e9e 2025 a confirm\u00e9 un <strong>engouement massif pour les s\u00e9jours nature<\/strong>, particuli\u00e8rement lors des p\u00e9riodes hivernales et estivales. Selon les donn\u00e9es compil\u00e9es par <strong>ADN Tourisme<\/strong> et <strong>Atout France<\/strong>, la <strong>montagne<\/strong>, du <u>Massif des Alpes<\/u> \u00e0 la <u>Vanoise<\/u>, a accueilli une client\u00e8le internationale en hausse, notamment issue d\u2019Asie, tandis que les <strong>r\u00e9servations en location saisonni\u00e8re<\/strong> ont bondi de <u>+20% par rapport \u00e0 2024<\/u>. Cette dynamique s\u2019accompagne d\u2019une <strong>recherche de s\u00e9jours loin de la foule<\/strong>\u00a0: 81% des Fran\u00e7ais pr\u00e9f\u00e8rent s\u2019orienter vers des coins retir\u00e9s, selon une \u00e9tude GreenGo, tout en privil\u00e9giant les h\u00e9bergements \u00e0 taille humaine.<\/p>\n<ul>\n<li><strong>La r\u00e9gion Provence-Alpes-C\u00f4te d\u2019Azur<\/strong> a s\u00e9duit 30% des voyageurs estivaux, tout particuli\u00e8rement le parc national du Mercantour et les gorges du Verdon, avec une fr\u00e9quentation record sur les sentiers de randonn\u00e9e et les villages perch\u00e9s.<\/li>\n<li>La <strong>Bretagne<\/strong> a attir\u00e9 16% des vacanciers fran\u00e7ais, gr\u00e2ce \u00e0 une demande forte pour des circuits de d\u00e9couverte du littoral nord, du sentier des Douaniers (GR34) \u00e0 la presqu\u2019\u00eele de Crozon.<\/li>\n<li>L\u2019<strong>Auvergne-Rh\u00f4ne-Alpes<\/strong>, pl\u00e9biscit\u00e9e pour son offre montagne \u00e9t\u00e9 comme hiver, conjuguant sports outdoor et s\u00e9jours bien-\u00eatre, a enregistr\u00e9 une hausse nette de la demande de <u>s\u00e9jours courts<\/u>.<\/li>\n<\/ul>\n<p>Loin des axes surfr\u00e9quent\u00e9s, les <strong>itin\u00e9raires insolites<\/strong> ont conquis les explorateurs: travers\u00e9e du <strong>Haut-Atlas marocain<\/strong>, trek sur le <strong>sentier du Thabor<\/strong> (France, Savoie), exploration des fjords du <strong>Sogn og Fjordane<\/strong> (Norv\u00e8ge). <u>Le choix grandissant pour la montagne d\u00e8s le d\u00e9but d\u2019ann\u00e9e<\/u> s\u2019explique aussi par la multiplication des offres hors-ski: raquettes, spas panoramiques, villages labellis\u00e9s \u201cFamille Plus\u201d.<\/p>\n<h2>Moments authentiques avec les locaux : rencontres et partages rares<\/h2>\n<p>Notre trajectoire 2025 a \u00e9t\u00e9 profond\u00e9ment marqu\u00e9e par des <strong>interactions humaines singuli\u00e8res<\/strong>, en particulier lors de s\u00e9jours en M\u00e9diterran\u00e9e, en Asie et dans les campagnes fran\u00e7aises. La tendance de fond qui \u00e9merge est celle d\u2019une <strong>qu\u00eate d\u2019authenticit\u00e9<\/strong> et de partage, recherch\u00e9e par une majorit\u00e9 de voyageurs hexagonaux et internationaux.<\/p>\n<p>Les \u00e9changes avec les <strong>habitants de Positano<\/strong> (Italie, c\u00f4te amalfitaine), participations \u00e0 des <u>ateliers de p\u00eache traditionnelle en Croatie<\/u> pr\u00e8s de Split, ou encore repas chez l\u2019habitant dans le village de <strong>Mae Kampong<\/strong> en Tha\u00eflande, ont constitu\u00e9 des souvenirs ind\u00e9l\u00e9biles. Selon l\u2019analyse de <strong>Travel Insight<\/strong>, ces moments renforcent la perception de la <strong>dimension humaine du voyage<\/strong> et motivent le choix de destinations long-courriers dont la popularit\u00e9 a fortement progress\u00e9 cette ann\u00e9e.<\/p>\n<ul>\n<li>En <strong>M\u00e9diterran\u00e9e<\/strong>, la <strong>Corse<\/strong> et les <strong>\u00eeles grecques<\/strong> ont vu s\u2019intensifier les initiatives de tourisme participatif, telles que les vendanges en <strong>r\u00e9gion de Santorin<\/strong> avec les vignerons.<\/li>\n<li>En <strong>Asie<\/strong>, la reprise des flux touristiques chinois et tha\u00eflandais a favoris\u00e9 la cr\u00e9ation de circuits \u201cchez l\u2019habitant\u201d, en lien avec des ONG comme <strong>Khiri Travel<\/strong>.<\/li>\n<li>Dans l\u2019<strong>hexagone<\/strong>, les offres d\u2019accueils \u00e0 la ferme et s\u00e9jours immersifs dans le <strong>Lot<\/strong>, la <strong>Dordogne<\/strong> ou les <strong>landes de Gascogne<\/strong> ont connu un succ\u00e8s grandissant.<\/li>\n<\/ul>\n<p><u>Le voyageur de 2025 valorise l\u2019apprentissage et la co-cr\u00e9ation avec les communaut\u00e9s locales<\/u>, allant parfois jusqu\u2019\u00e0 participer \u00e0 des actions de solidarit\u00e9, comme en t\u00e9moignent les chantiers de r\u00e9novation \u00e0 <strong>Matera<\/strong> (Italie) ou dans la <strong>vall\u00e9e de l\u2019Ounila<\/strong> au Maroc.<\/p>\n<h2>Exp\u00e9riences urbaines : red\u00e9couvrir les grandes villes sous un nouveau jour<\/h2>\n<p><u>Le dynamisme des m\u00e9tropoles en 2025 s\u2019est affirm\u00e9<\/u>, dop\u00e9 par des \u00e9v\u00e9nements internationaux et la mont\u00e9e en puissance d\u2019une offre culturelle revisit\u00e9e. <strong>Paris<\/strong>, avec la r\u00e9ouverture de la <strong>cath\u00e9drale Notre-Dame<\/strong> et son h\u00e9ritage post-Jeux Olympiques, a captiv\u00e9 une client\u00e8le mondiale, symbolisant le retour d\u2019une attractivit\u00e9 touristique renforc\u00e9e. Les <strong>r\u00e9servations h\u00f4teli\u00e8res ont progress\u00e9 de 23% par rapport \u00e0 2024<\/strong>.<\/p>\n<p>\nLa red\u00e9couverte de <strong>Barcelone<\/strong> lors du festival <u>Primavera Sound 2025<\/u>, l\u2019<strong>exposition \u201cMetaverse Live\u201d<\/strong> \u00e0 <strong>Berlin<\/strong>, ou la <strong>Nuit Blanche<\/strong> \u00e9tendue \u00e0 Marseille et Lyon, t\u00e9moignent d\u2019un renouveau du city break. Les visiteurs pl\u00e9biscitent d\u00e9sormais :\n<\/p>\n<ul>\n<li>Des <strong>balades architecturales<\/strong> sur les traces de la nouvelle vague de b\u00e2timents \u00e9coresponsables, comme la <strong>r\u00e9novation de La D\u00e9fense<\/strong> (Paris) ou le <strong>quartier HafenCity<\/strong> \u00e0 <strong>Hambourg<\/strong>.<\/li>\n<li>Des <strong>soir\u00e9es festives<\/strong> dans les quartiers r\u00e9habilit\u00e9s, de <u>Shoreditch<\/u> (Londres) \u00e0 <u>Wynwood<\/u> (Miami), port\u00e9es par des clubs et rooftops qui misent sur la mixit\u00e9 culturelle.<\/li>\n<li>L\u2019acc\u00e8s \u00e0 des <strong>\u00e9v\u00e9nements exclusifs<\/strong> : cocktail priv\u00e9 au sommet de la <strong>Tour Montparnasse<\/strong>, visites nocturnes guid\u00e9es de la <strong>Sagrada Familia<\/strong>.<\/li>\n<\/ul>\n<p><u>L\u2019\u00e9volution des pratiques urbaines met en avant la flexibilit\u00e9<\/u>\u00a0: nombreux sont ceux qui optent pour des s\u00e9jours courts et cibl\u00e9s, en privil\u00e9giant la mobilit\u00e9 douce (transports en commun, v\u00e9lo, micro-mobilit\u00e9) et la r\u00e9servation de cr\u00e9neaux d\u2019entr\u00e9e pour \u00e9viter la foule.<\/p>\n<h2>Nouveaux modes de voyage : plaisir du slow travel et des s\u00e9jours sur-mesure<\/h2>\n<p>Du c\u00f4t\u00e9 des pratiques \u00e9mergentes, 2025 a mis en lumi\u00e8re le <strong>slow travel<\/strong> et les <u>formules personnalis\u00e9es<\/u>, en phase avec la demande croissante de courts s\u00e9jours et de r\u00e9servations anticip\u00e9es. Selon l\u2019\u00e9tude Discurv pour GreenGo, 67% des Fran\u00e7ais pr\u00e9f\u00e8rent d\u00e9sormais des <strong>h\u00e9bergements \u00e0 taille humaine<\/strong> et 70% cherchent \u00e0 valoriser les produits locaux.<\/p>\n<ul>\n<li>Le <strong>slow travel<\/strong> s\u2019est illustr\u00e9 par des itin\u00e9raires con\u00e7us pour savourer chaque \u00e9tape : travers\u00e9e en train de <strong>Paris \u00e0 Milan<\/strong> avec <strong>Thello<\/strong>, croisi\u00e8re fluviale sur le <strong>Lot<\/strong> \u00e0 bord d\u2019un bateau solaire.<\/li>\n<li>Les <strong>voyages sur-mesure<\/strong> ont cartographi\u00e9 le succ\u00e8s d\u2019agences comme <strong>Terres d\u2019Aventure<\/strong> ou <strong>Evaneos<\/strong>, proposant des circuits \u201csignature\u201d en <strong>Islande<\/strong> ou au <strong>Vietnam<\/strong>.<\/li>\n<\/ul>\n<p>La <strong>flexibilit\u00e9<\/strong> est devenue une exigence centrale: s\u00e9jours modulables, possibilit\u00e9s d\u2019annulation sans frais, et services personnalis\u00e9s \u00e0 tous les niveaux (guides priv\u00e9s, activit\u00e9s sur demande, h\u00e9bergements atypiques). Les voyageurs pl\u00e9biscitent des exp\u00e9riences telles que la <strong>randonn\u00e9e avec un guide local dans le Val d\u2019Anniviers<\/strong> (Suisse) ou la <strong>route des vins de Tokaj<\/strong> (Hongrie), pour conjuguer immersion et rythme apais\u00e9. <u>Les courts s\u00e9jours de 2 \u00e0 4 nuits repr\u00e9sentent d\u00e9sormais 53% des r\u00e9servations fran\u00e7aises en 2025<\/u>.<\/p>\n<h2>Voyager en conscience : beaux souvenirs et choix responsables<\/h2>\n<p>L\u2019ann\u00e9e 2025 s\u2019inscrit sous le signe d\u2019une <strong>prise de conscience environnementale renforc\u00e9e<\/strong>. Dans un contexte o\u00f9 70% des personnes interrog\u00e9es recherchent des s\u00e9jours valorisant l\u2019artisanat et les circuits courts, des \u00e9tapes franches ont \u00e9t\u00e9 r\u00e9alis\u00e9es en mati\u00e8re de <strong>voyage \u00e9coresponsable<\/strong>.<\/p>\n<ul>\n<li>Le recours \u00e0 des <strong>h\u00e9bergements labellis\u00e9s Cl\u00e9 Verte<\/strong> ou <strong>EcoLabel europ\u00e9en<\/strong> s\u2019est g\u00e9n\u00e9ralis\u00e9, notamment dans les <strong>Parcs naturels r\u00e9gionaux<\/strong> du <u>Vercors<\/u> et du <u>Parc national de la R\u00e9union<\/u>.<\/li>\n<li>Les d\u00e9placements en <strong>train de nuit<\/strong> &#8211; relanc\u00e9s entre <strong>Paris, Berlin et Vienne<\/strong> &#8211; ont rapport\u00e9 une progression de <u>+38% du nombre de voyageurs<\/u> selon <strong>SNCF Voyageurs<\/strong>.<\/li>\n<li>Les packages incluant des activit\u00e9s \u00e0 faible impact (v\u00e9lo, randonn\u00e9e, visites guid\u00e9es \u00e0 pied) sont d\u00e9sormais propos\u00e9s syst\u00e9matiquement par des op\u00e9rateurs comme <strong>Chamina Voyages<\/strong>.<\/li>\n<\/ul>\n<p>\nNous notons aussi que <strong>le respect des cultures et la contribution \u00e0 l\u2019\u00e9conomie locale<\/strong> figurent en t\u00eate des crit\u00e8res de choix, devant la simple r\u00e9duction de l\u2019empreinte carbone. La <u>France<\/u> enregistre une <strong>croissance de 19 000 h\u00e9bergements dits \u201cauthentiques\u201d<\/strong>, contribuant \u00e0 dynamiser les territoires ruraux et \u00e0 soutenir les producteurs locaux.\n<\/p>\n<p>\u00c0 titre personnel, nous avons privil\u00e9gi\u00e9 des s\u00e9jours \u201cz\u00e9ro plastique\u201d dans le <strong>Parc national de Banff<\/strong> (Canada) et adopt\u00e9 l\u2019application <strong>Too Good To Go<\/strong> lors de city breaks, afin de limiter le gaspillage alimentaire.<\/p>\n<h2>Destinations coup de c\u0153ur : retour sur les lieux qui m\u2019ont boulevers\u00e9<\/h2>\n<p>La diversit\u00e9 de nos escapades en 2025 refl\u00e8te une ann\u00e9e intense, o\u00f9 la notion de <strong>coup de c\u0153ur<\/strong> prend tout son sens. Le budget moyen par voyageur, relev\u00e9 par <strong>Forwardkeys<\/strong>, a progress\u00e9 de pr\u00e8s de <u>18%<\/u>, permettant de viser des <strong>aventure ambitieuses<\/strong> et m\u00e9morables.<\/p>\n<ul>\n<li>En <strong>France<\/strong>, la <strong>C\u00f4te des Bar<\/strong> (Aube), r\u00e9put\u00e9e pour ses <strong>vignobles de Champagne<\/strong>, a \u00e9merg\u00e9 comme une nouvelle r\u00e9f\u00e9rence \u0153notouristique, dop\u00e9e par la mise en avant d\u2019exp\u00e9riences immersives et de rencontres privil\u00e9gi\u00e9es avec les vignerons locaux.<\/li>\n<li>\u00c0 l\u2019international, <strong>le Bhoutan<\/strong> a conquis les amateurs de slow travel, gr\u00e2ce \u00e0 la randonn\u00e9e sur le <u>Sentier de la Trans-Bhutan Trail<\/u>, et la <strong>Nouvelle-Z\u00e9lande<\/strong> demeure incontournable pour ses <strong>parcs nationaux class\u00e9s UNESCO<\/strong>.<\/li>\n<li>Aux <strong>\u00c9tats-Unis<\/strong>, la <strong>vall\u00e9e de Sonoma<\/strong> (Californie), connue pour la qualit\u00e9 de ses vins et de ses h\u00e9bergements \u00e9coresponsables, a figur\u00e9 parmi les \u00e9tapes les plus marquantes, tout comme le retour des visiteurs \u00e0 <strong>Kyoto<\/strong>, qui rouvre ses temples au public apr\u00e8s restauration.<\/li>\n<\/ul>\n<p>\n<u>Les souvenirs les plus intenses sont souvent li\u00e9s \u00e0 des lieux d\u00e9couverts en dehors des circuits classiques<\/u>, comme la <strong>route panoramique du Transf\u0103g\u0103ra\u0219<\/strong> en Roumanie, l\u2019<strong>archipel des Lofoten<\/strong> (Norv\u00e8ge) ou la travers\u00e9e des <strong>Picos de Europa<\/strong> en Espagne. Cette ann\u00e9e, la capacit\u00e9 \u00e0 combiner exploration, rencontres, et engagement pour un tourisme transformateur rend chaque aventure plus significative.<\/p>\n<hr \/>\n<div class=\"articles-lies\">\n<h3>\u00c0 lire aussi<\/h3>\n<ul>\n<li><a href=\"https:\/\/lefouduvoyage.fr\/blog\/a-la-une\/comprendre-en-profondeur-la-categorie-club-4-en-concours-equestre\/\">Comprendre en profondeur la cat\u00e9gorie Club 4 en concours \u00e9questre<\/a><\/li>\n<li><a href=\"https:\/\/lefouduvoyage.fr\/blog\/a-la-une\/les-7-capitales-europeennes-abordables-que-personne-ne-vous-a-encore-revelees-pour-voyager-malin-et-economiser-gros\/\">Les 7 capitales europ\u00e9ennes abordables que personne ne vous a encore r\u00e9v\u00e9l\u00e9es pour voyager malin et \u00e9conomiser gros<\/a><\/li>\n<li><a href=\"https:\/\/lefouduvoyage.fr\/blog\/a-la-une\/comparatif-2025-meilleures-assurances-sante-pour-expats\/\">Comparatif 2025 : meilleures assurances sant\u00e9 pour expats<\/a><\/li>\n<li><a href=\"https:\/\/lefouduvoyage.fr\/blog\/a-la-une\/assurance-rapatriement-visa-obligations-et-meilleurs-prix\/\">Assurance Rapatriement Visa : Obligations et Meilleurs Prix<\/a><\/li>\n<\/ul>\n<\/div>\n","protected":false},"excerpt":{"rendered":"","protected":false},"author":34,"featured_media":7883,"comment_status":"open","ping_status":"open","sticky":false,"template":"","format":"standard","meta":{"_acf_changed":false,"manual_indexmenow":false,"indexmenow_id_project":0,"footnotes":""},"categories":[1],"tags":[4802,4938,4937],"class_list":["post-7881","post","type-post","status-publish","format-standard","has-post-thumbnail","hentry","category-a-la-une","tag-destinations","tag-souvenirs","tag-voyages-2025","generate-columns","tablet-grid-50","mobile-grid-100","grid-parent","grid-25"],"acf":[],"yoast_head":"<!-- This site is optimized with the Yoast SEO Premium plugin v21.3 (Yoast SEO v26.5) - https:\/\/yoast.com\/wordpress\/plugins\/seo\/ -->\n<title>Bilan voyages 2025 : retour sur mes plus beaux souvenirs<\/title>\n<meta name=\"description\" content=\"Bilan voyages 2025 : notre guide complet avec les incontournables, les bons plans et nos astuces pour r\u00e9ussir votre s\u00e9jour.\" \/>\n<meta name=\"robots\" content=\"index, follow, max-snippet:-1, max-image-preview:large, max-video-preview:-1\" \/>\n<link rel=\"canonical\" href=\"https:\/\/lefouduvoyage.fr\/blog\/a-la-une\/bilan-voyages-2025-mes-plus-beaux-souvenirs\/\" \/>\n<meta property=\"og:locale\" content=\"fr_FR\" \/>\n<meta property=\"og:type\" content=\"article\" \/>\n<meta property=\"og:title\" content=\"Bilan voyages 2025 : retour sur mes plus beaux souvenirs\" \/>\n<meta property=\"og:description\" content=\"Bilan voyages 2025 : notre guide complet avec les incontournables, les bons plans et nos astuces pour r\u00e9ussir votre s\u00e9jour.\" \/>\n<meta property=\"og:url\" content=\"https:\/\/lefouduvoyage.fr\/blog\/a-la-une\/bilan-voyages-2025-mes-plus-beaux-souvenirs\/\" \/>\n<meta property=\"og:site_name\" content=\"lefouduvoyage\" \/>\n<meta property=\"og:image\" content=\"https:\/\/lefouduvoyage.fr\/blog\/wp-content\/uploads\/2025\/07\/pag-image-687027f6db7fb-scaled.png\" \/>\n\t<meta property=\"og:image:width\" content=\"1200\" \/>\n\t<meta property=\"og:image:height\" content=\"686\" \/>\n\t<meta property=\"og:image:type\" content=\"image\/png\" \/>\n<meta name=\"author\" content=\"Camille Rouvray\" \/>\n<meta name=\"twitter:card\" content=\"summary_large_image\" \/>\n<script type=\"application\/ld+json\" class=\"yoast-schema-graph\">{\"@context\":\"https:\/\/schema.org\",\"@graph\":[{\"@type\":\"NewsArticle\",\"@id\":\"https:\/\/lefouduvoyage.fr\/blog\/a-la-une\/bilan-voyages-2025-mes-plus-beaux-souvenirs\/#article\",\"isPartOf\":{\"@id\":\"https:\/\/lefouduvoyage.fr\/blog\/a-la-une\/bilan-voyages-2025-mes-plus-beaux-souvenirs\/\"},\"author\":{\"name\":\"Camille Rouvray\",\"@id\":\"https:\/\/lefouduvoyage.fr\/blog\/#\/schema\/person\/3c864cdc320801e3db34b663e7e3f816\"},\"headline\":\"Bilan voyages 2025 : mes plus beaux souvenirs\",\"datePublished\":\"2025-08-14T07:25:00+00:00\",\"mainEntityOfPage\":{\"@id\":\"https:\/\/lefouduvoyage.fr\/blog\/a-la-une\/bilan-voyages-2025-mes-plus-beaux-souvenirs\/\"},\"wordCount\":1586,\"commentCount\":0,\"publisher\":{\"@id\":\"https:\/\/lefouduvoyage.fr\/blog\/#organization\"},\"image\":{\"@id\":\"https:\/\/lefouduvoyage.fr\/blog\/a-la-une\/bilan-voyages-2025-mes-plus-beaux-souvenirs\/#primaryimage\"},\"thumbnailUrl\":\"https:\/\/lefouduvoyage.fr\/blog\/wp-content\/uploads\/2025\/07\/pag-image-687027f6db7fb-scaled.png\",\"keywords\":[\"destinations\",\"souvenirs\",\"voyages 2025\"],\"articleSection\":[\"\u00c0 la une\"],\"inLanguage\":\"fr-FR\",\"potentialAction\":[{\"@type\":\"CommentAction\",\"name\":\"Comment\",\"target\":[\"https:\/\/lefouduvoyage.fr\/blog\/a-la-une\/bilan-voyages-2025-mes-plus-beaux-souvenirs\/#respond\"]}]},{\"@type\":\"WebPage\",\"@id\":\"https:\/\/lefouduvoyage.fr\/blog\/a-la-une\/bilan-voyages-2025-mes-plus-beaux-souvenirs\/\",\"url\":\"https:\/\/lefouduvoyage.fr\/blog\/a-la-une\/bilan-voyages-2025-mes-plus-beaux-souvenirs\/\",\"name\":\"Bilan voyages 2025 : retour sur mes plus beaux souvenirs\",\"isPartOf\":{\"@id\":\"https:\/\/lefouduvoyage.fr\/blog\/#website\"},\"primaryImageOfPage\":{\"@id\":\"https:\/\/lefouduvoyage.fr\/blog\/a-la-une\/bilan-voyages-2025-mes-plus-beaux-souvenirs\/#primaryimage\"},\"image\":{\"@id\":\"https:\/\/lefouduvoyage.fr\/blog\/a-la-une\/bilan-voyages-2025-mes-plus-beaux-souvenirs\/#primaryimage\"},\"thumbnailUrl\":\"https:\/\/lefouduvoyage.fr\/blog\/wp-content\/uploads\/2025\/07\/pag-image-687027f6db7fb-scaled.png\",\"datePublished\":\"2025-08-14T07:25:00+00:00\",\"description\":\"Bilan voyages 2025 : notre guide complet avec les incontournables, les bons plans et nos astuces pour r\u00e9ussir votre s\u00e9jour.\",\"inLanguage\":\"fr-FR\",\"potentialAction\":[{\"@type\":\"ReadAction\",\"target\":[\"https:\/\/lefouduvoyage.fr\/blog\/a-la-une\/bilan-voyages-2025-mes-plus-beaux-souvenirs\/\"]}]},{\"@type\":\"ImageObject\",\"inLanguage\":\"fr-FR\",\"@id\":\"https:\/\/lefouduvoyage.fr\/blog\/a-la-une\/bilan-voyages-2025-mes-plus-beaux-souvenirs\/#primaryimage\",\"url\":\"https:\/\/lefouduvoyage.fr\/blog\/wp-content\/uploads\/2025\/07\/pag-image-687027f6db7fb-scaled.png\",\"contentUrl\":\"https:\/\/lefouduvoyage.fr\/blog\/wp-content\/uploads\/2025\/07\/pag-image-687027f6db7fb-scaled.png\",\"width\":1200,\"height\":686,\"caption\":\"Image g\u00e9n\u00e9r\u00e9e par IA optimis\u00e9e pour Google Discover\"},{\"@type\":\"WebSite\",\"@id\":\"https:\/\/lefouduvoyage.fr\/blog\/#website\",\"url\":\"https:\/\/lefouduvoyage.fr\/blog\/\",\"name\":\"Le Fou du Voyage\",\"description\":\"Le Fou du Voyage, l&#039;aventure sans limites\",\"publisher\":{\"@id\":\"https:\/\/lefouduvoyage.fr\/blog\/#organization\"},\"alternateName\":\"Le Fou du Voyage, l'aventure sans limites\",\"potentialAction\":[{\"@type\":\"SearchAction\",\"target\":{\"@type\":\"EntryPoint\",\"urlTemplate\":\"https:\/\/lefouduvoyage.fr\/blog\/?s={search_term_string}\"},\"query-input\":{\"@type\":\"PropertyValueSpecification\",\"valueRequired\":true,\"valueName\":\"search_term_string\"}}],\"inLanguage\":\"fr-FR\"},{\"@type\":\"Organization\",\"@id\":\"https:\/\/lefouduvoyage.fr\/blog\/#organization\",\"name\":\"Le Fou du Voyage\",\"alternateName\":\"Le Fou du Voyage\",\"url\":\"https:\/\/lefouduvoyage.fr\/blog\/\",\"logo\":{\"@type\":\"ImageObject\",\"inLanguage\":\"fr-FR\",\"@id\":\"https:\/\/lefouduvoyage.fr\/blog\/#\/schema\/logo\/image\/\",\"url\":\"https:\/\/lefouduvoyage.fr\/blog\/wp-content\/uploads\/2024\/12\/48.png\",\"contentUrl\":\"https:\/\/lefouduvoyage.fr\/blog\/wp-content\/uploads\/2024\/12\/48.png\",\"width\":500,\"height\":500,\"caption\":\"Le Fou du Voyage\"},\"image\":{\"@id\":\"https:\/\/lefouduvoyage.fr\/blog\/#\/schema\/logo\/image\/\"}},{\"@type\":\"Person\",\"@id\":\"https:\/\/lefouduvoyage.fr\/blog\/#\/schema\/person\/3c864cdc320801e3db34b663e7e3f816\",\"name\":\"Camille Rouvray\",\"image\":{\"@type\":\"ImageObject\",\"inLanguage\":\"fr-FR\",\"@id\":\"https:\/\/lefouduvoyage.fr\/blog\/#\/schema\/person\/image\/\",\"url\":\"https:\/\/lefouduvoyage.fr\/blog\/wp-content\/uploads\/2026\/06\/persona_camille-r-96x96.jpg\",\"contentUrl\":\"https:\/\/lefouduvoyage.fr\/blog\/wp-content\/uploads\/2026\/06\/persona_camille-r-96x96.jpg\",\"caption\":\"Camille Rouvray\"},\"description\":\"Je voyage et j'\u00e9cris sur le voyage depuis une douzaine d'ann\u00e9es, d'abord en tant que routarde au long cours, puis comme r\u00e9dactrice sp\u00e9cialis\u00e9e. Mon terrain de pr\u00e9dilection, ce sont les circuits organis\u00e9s et l'art de bien pr\u00e9parer un itin\u00e9raire : choix de la saison, dur\u00e9e r\u00e9aliste des \u00e9tapes, budget jour par jour, logement et transport sur place. J'aime aussi raconter les p\u00e9pites urbaines, ces adresses qu'on ne trouve pas dans les guides classiques. Avant de publier un dossier destination, je croise toujours plusieurs sources, je v\u00e9rifie les tarifs et les formalit\u00e9s d'entr\u00e9e \u00e0 jour, et je teste moi-m\u00eame quand je le peux. Mon angle reste pratique avant tout : aider le lecteur \u00e0 partir l'esprit tranquille, sans mauvaise surprise une fois sur place. Je m'attache \u00e0 distinguer le coup de c\u0153ur sinc\u00e8re du simple argument marketing.\",\"sameAs\":[\"https:\/\/camillerouvray.fr\/\"],\"url\":\"https:\/\/lefouduvoyage.fr\/blog\/auteur\/noname\/\"}]}<\/script>\n<!-- \/ Yoast SEO Premium plugin. -->","yoast_head_json":{"title":"Bilan voyages 2025 : retour sur mes plus beaux souvenirs","description":"Bilan voyages 2025 : notre guide complet avec les incontournables, les bons plans et nos astuces pour r\u00e9ussir votre s\u00e9jour.","robots":{"index":"index","follow":"follow","max-snippet":"max-snippet:-1","max-image-preview":"max-image-preview:large","max-video-preview":"max-video-preview:-1"},"canonical":"https:\/\/lefouduvoyage.fr\/blog\/a-la-une\/bilan-voyages-2025-mes-plus-beaux-souvenirs\/","og_locale":"fr_FR","og_type":"article","og_title":"Bilan voyages 2025 : retour sur mes plus beaux souvenirs","og_description":"Bilan voyages 2025 : notre guide complet avec les incontournables, les bons plans et nos astuces pour r\u00e9ussir votre s\u00e9jour.","og_url":"https:\/\/lefouduvoyage.fr\/blog\/a-la-une\/bilan-voyages-2025-mes-plus-beaux-souvenirs\/","og_site_name":"lefouduvoyage","og_image":[{"width":1200,"height":686,"url":"https:\/\/lefouduvoyage.fr\/blog\/wp-content\/uploads\/2025\/07\/pag-image-687027f6db7fb-scaled.png","type":"image\/png"}],"author":"Camille Rouvray","twitter_card":"summary_large_image","schema":{"@context":"https:\/\/schema.org","@graph":[{"@type":"NewsArticle","@id":"https:\/\/lefouduvoyage.fr\/blog\/a-la-une\/bilan-voyages-2025-mes-plus-beaux-souvenirs\/#article","isPartOf":{"@id":"https:\/\/lefouduvoyage.fr\/blog\/a-la-une\/bilan-voyages-2025-mes-plus-beaux-souvenirs\/"},"author":{"name":"Camille Rouvray","@id":"https:\/\/lefouduvoyage.fr\/blog\/#\/schema\/person\/3c864cdc320801e3db34b663e7e3f816"},"headline":"Bilan voyages 2025 : mes plus beaux souvenirs","datePublished":"2025-08-14T07:25:00+00:00","mainEntityOfPage":{"@id":"https:\/\/lefouduvoyage.fr\/blog\/a-la-une\/bilan-voyages-2025-mes-plus-beaux-souvenirs\/"},"wordCount":1586,"commentCount":0,"publisher":{"@id":"https:\/\/lefouduvoyage.fr\/blog\/#organization"},"image":{"@id":"https:\/\/lefouduvoyage.fr\/blog\/a-la-une\/bilan-voyages-2025-mes-plus-beaux-souvenirs\/#primaryimage"},"thumbnailUrl":"https:\/\/lefouduvoyage.fr\/blog\/wp-content\/uploads\/2025\/07\/pag-image-687027f6db7fb-scaled.png","keywords":["destinations","souvenirs","voyages 2025"],"articleSection":["\u00c0 la une"],"inLanguage":"fr-FR","potentialAction":[{"@type":"CommentAction","name":"Comment","target":["https:\/\/lefouduvoyage.fr\/blog\/a-la-une\/bilan-voyages-2025-mes-plus-beaux-souvenirs\/#respond"]}]},{"@type":"WebPage","@id":"https:\/\/lefouduvoyage.fr\/blog\/a-la-une\/bilan-voyages-2025-mes-plus-beaux-souvenirs\/","url":"https:\/\/lefouduvoyage.fr\/blog\/a-la-une\/bilan-voyages-2025-mes-plus-beaux-souvenirs\/","name":"Bilan voyages 2025 : retour sur mes plus beaux souvenirs","isPartOf":{"@id":"https:\/\/lefouduvoyage.fr\/blog\/#website"},"primaryImageOfPage":{"@id":"https:\/\/lefouduvoyage.fr\/blog\/a-la-une\/bilan-voyages-2025-mes-plus-beaux-souvenirs\/#primaryimage"},"image":{"@id":"https:\/\/lefouduvoyage.fr\/blog\/a-la-une\/bilan-voyages-2025-mes-plus-beaux-souvenirs\/#primaryimage"},"thumbnailUrl":"https:\/\/lefouduvoyage.fr\/blog\/wp-content\/uploads\/2025\/07\/pag-image-687027f6db7fb-scaled.png","datePublished":"2025-08-14T07:25:00+00:00","description":"Bilan voyages 2025 : notre guide complet avec les incontournables, les bons plans et nos astuces pour r\u00e9ussir votre s\u00e9jour.","inLanguage":"fr-FR","potentialAction":[{"@type":"ReadAction","target":["https:\/\/lefouduvoyage.fr\/blog\/a-la-une\/bilan-voyages-2025-mes-plus-beaux-souvenirs\/"]}]},{"@type":"ImageObject","inLanguage":"fr-FR","@id":"https:\/\/lefouduvoyage.fr\/blog\/a-la-une\/bilan-voyages-2025-mes-plus-beaux-souvenirs\/#primaryimage","url":"https:\/\/lefouduvoyage.fr\/blog\/wp-content\/uploads\/2025\/07\/pag-image-687027f6db7fb-scaled.png","contentUrl":"https:\/\/lefouduvoyage.fr\/blog\/wp-content\/uploads\/2025\/07\/pag-image-687027f6db7fb-scaled.png","width":1200,"height":686,"caption":"Image g\u00e9n\u00e9r\u00e9e par IA optimis\u00e9e pour Google Discover"},{"@type":"WebSite","@id":"https:\/\/lefouduvoyage.fr\/blog\/#website","url":"https:\/\/lefouduvoyage.fr\/blog\/","name":"Le Fou du Voyage","description":"Le Fou du Voyage, l&#039;aventure sans limites","publisher":{"@id":"https:\/\/lefouduvoyage.fr\/blog\/#organization"},"alternateName":"Le Fou du Voyage, l'aventure sans limites","potentialAction":[{"@type":"SearchAction","target":{"@type":"EntryPoint","urlTemplate":"https:\/\/lefouduvoyage.fr\/blog\/?s={search_term_string}"},"query-input":{"@type":"PropertyValueSpecification","valueRequired":true,"valueName":"search_term_string"}}],"inLanguage":"fr-FR"},{"@type":"Organization","@id":"https:\/\/lefouduvoyage.fr\/blog\/#organization","name":"Le Fou du Voyage","alternateName":"Le Fou du Voyage","url":"https:\/\/lefouduvoyage.fr\/blog\/","logo":{"@type":"ImageObject","inLanguage":"fr-FR","@id":"https:\/\/lefouduvoyage.fr\/blog\/#\/schema\/logo\/image\/","url":"https:\/\/lefouduvoyage.fr\/blog\/wp-content\/uploads\/2024\/12\/48.png","contentUrl":"https:\/\/lefouduvoyage.fr\/blog\/wp-content\/uploads\/2024\/12\/48.png","width":500,"height":500,"caption":"Le Fou du Voyage"},"image":{"@id":"https:\/\/lefouduvoyage.fr\/blog\/#\/schema\/logo\/image\/"}},{"@type":"Person","@id":"https:\/\/lefouduvoyage.fr\/blog\/#\/schema\/person\/3c864cdc320801e3db34b663e7e3f816","name":"Camille Rouvray","image":{"@type":"ImageObject","inLanguage":"fr-FR","@id":"https:\/\/lefouduvoyage.fr\/blog\/#\/schema\/person\/image\/","url":"https:\/\/lefouduvoyage.fr\/blog\/wp-content\/uploads\/2026\/06\/persona_camille-r-96x96.jpg","contentUrl":"https:\/\/lefouduvoyage.fr\/blog\/wp-content\/uploads\/2026\/06\/persona_camille-r-96x96.jpg","caption":"Camille Rouvray"},"description":"Je voyage et j'\u00e9cris sur le voyage depuis une douzaine d'ann\u00e9es, d'abord en tant que routarde au long cours, puis comme r\u00e9dactrice sp\u00e9cialis\u00e9e. Mon terrain de pr\u00e9dilection, ce sont les circuits organis\u00e9s et l'art de bien pr\u00e9parer un itin\u00e9raire : choix de la saison, dur\u00e9e r\u00e9aliste des \u00e9tapes, budget jour par jour, logement et transport sur place. J'aime aussi raconter les p\u00e9pites urbaines, ces adresses qu'on ne trouve pas dans les guides classiques. Avant de publier un dossier destination, je croise toujours plusieurs sources, je v\u00e9rifie les tarifs et les formalit\u00e9s d'entr\u00e9e \u00e0 jour, et je teste moi-m\u00eame quand je le peux. Mon angle reste pratique avant tout : aider le lecteur \u00e0 partir l'esprit tranquille, sans mauvaise surprise une fois sur place. Je m'attache \u00e0 distinguer le coup de c\u0153ur sinc\u00e8re du simple argument marketing.","sameAs":["https:\/\/camillerouvray.fr\/"],"url":"https:\/\/lefouduvoyage.fr\/blog\/auteur\/noname\/"}]}},"_links":{"self":[{"href":"https:\/\/lefouduvoyage.fr\/blog\/wp-json\/wp\/v2\/posts\/7881","targetHints":{"allow":["GET"]}}],"collection":[{"href":"https:\/\/lefouduvoyage.fr\/blog\/wp-json\/wp\/v2\/posts"}],"about":[{"href":"https:\/\/lefouduvoyage.fr\/blog\/wp-json\/wp\/v2\/types\/post"}],"author":[{"embeddable":true,"href":"https:\/\/lefouduvoyage.fr\/blog\/wp-json\/wp\/v2\/users\/34"}],"replies":[{"embeddable":true,"href":"https:\/\/lefouduvoyage.fr\/blog\/wp-json\/wp\/v2\/comments?post=7881"}],"version-history":[{"count":1,"href":"https:\/\/lefouduvoyage.fr\/blog\/wp-json\/wp\/v2\/posts\/7881\/revisions"}],"predecessor-version":[{"id":7966,"href":"https:\/\/lefouduvoyage.fr\/blog\/wp-json\/wp\/v2\/posts\/7881\/revisions\/7966"}],"wp:featuredmedia":[{"embeddable":true,"href":"https:\/\/lefouduvoyage.fr\/blog\/wp-json\/wp\/v2\/media\/7883"}],"wp:attachment":[{"href":"https:\/\/lefouduvoyage.fr\/blog\/wp-json\/wp\/v2\/media?parent=7881"}],"wp:term":[{"taxonomy":"category","embeddable":true,"href":"https:\/\/lefouduvoyage.fr\/blog\/wp-json\/wp\/v2\/categories?post=7881"},{"taxonomy":"post_tag","embeddable":true,"href":"https:\/\/lefouduvoyage.fr\/blog\/wp-json\/wp\/v2\/tags?post=7881"}],"curies":[{"name":"wp","href":"https:\/\/api.w.org\/{rel}","templated":true}]}}