{"id":7811,"date":"2025-07-14T09:00:00","date_gmt":"2025-07-14T07:00:00","guid":{"rendered":"https:\/\/lefouduvoyage.fr\/blog\/?p=7811"},"modified":"2025-07-16T21:18:40","modified_gmt":"2025-07-16T19:18:40","slug":"maroc-septembre-fin-de-la-chaleur-estivale","status":"publish","type":"post","link":"https:\/\/lefouduvoyage.fr\/blog\/a-la-une\/maroc-septembre-fin-de-la-chaleur-estivale\/","title":{"rendered":"Maroc septembre : fin de la chaleur estivale"},"content":{"rendered":"<h1>Maroc en septembre\u00a0: le vrai visage de la fin de la chaleur estivale<\/h1>\n<h2>Temp\u00e9ratures\u00a0: le pic de l\u2019\u00e9t\u00e9 r\u00e9siste-t-il en septembre\u00a0?<\/h2>\n<p>\nLe <strong>Maroc<\/strong> ne rompt pas brutalement avec la chaleur une fois septembre entam\u00e9. Au contraire, <u>nous observons encore des temp\u00e9ratures comprises entre <strong>21\u00b0C \u00e0 l\u2019aube et 27 \u00e0 35\u00b0C dans l\u2019apr\u00e8s-midi<\/strong>, selon les r\u00e9gions concern\u00e9es<\/u>. <\/p>\n<ul>\n<li>\u00c0 <strong>Marrakech<\/strong>, ville embl\u00e9matique du Centre-Sud, les relev\u00e9s pour <u>septembre 2025<\/u> font \u00e9tat d\u2019une <strong>moyenne de 28\u00b0C<\/strong> en journ\u00e9e, avec souvent des pointes \u00e0 <strong>33\u00b0C<\/strong>.<\/li>\n<li><strong>F\u00e8s<\/strong>, capitale spirituelle et industrielle, affiche des \u00e9carts similaires\u00a0: les temp\u00e9ratures maximales plafonnent autour de <strong>31\u00b0C<\/strong> \u00e0 <strong>34\u00b0C<\/strong>.<\/li>\n<li>Sur la <strong>C\u00f4te Atlantique<\/strong>, les villes comme <strong>Agadir<\/strong> enregistrent des journ\u00e9es oscillant entre <strong>26\u00b0C et 35\u00b0C<\/strong>, temp\u00e9r\u00e9es par les vents oc\u00e9aniques.<\/li>\n<li>Le <strong>Sahara<\/strong>, notamment <strong>Merzouga<\/strong> et <strong>Ouarzazate<\/strong>, reste fid\u00e8le \u00e0 sa r\u00e9putation avec des apr\u00e8s-midis pouvant grimper \u00e0 <strong>34\u00b0C<\/strong>, mais des matins plus doux, autour de <strong>21\u00b0C<\/strong>.<\/li>\n<\/ul>\n<p>Au-del\u00e0 des chiffres, la <u>canicule de juillet-ao\u00fbt s\u2019att\u00e9nue nettement<\/u>. Nous constatons partout une baisse progressive des extr\u00eames, surtout en altitude et sous l\u2019influence de l\u2019humidit\u00e9 c\u00f4ti\u00e8re, m\u00eame si la sensation de chaleur demeure, notamment dans les terres int\u00e9rieures peu ventil\u00e9es.\n<\/p>\n<h2>Ambiance et ressenti\u00a0: l\u2019\u00e9t\u00e9 indien marocain<\/h2>\n<p>\nLa transition ne s\u2019effectue jamais dans la brutalit\u00e9\u00a0: <u>le mois de septembre donne l\u2019impression d\u2019un <strong>\u00ab\u00a0\u00e9t\u00e9 indien\u00a0\u00bb marocain<\/strong> o\u00f9 l\u2019atmosph\u00e8re conserve les parfums de la saison chaude sans les exc\u00e8s de l\u2019\u00e9touffement estival<\/u>. La lumi\u00e8re reste \u00e9clatante, le soleil s\u2019impose avec <strong>plus de 10 heures d\u2019ensoleillement quotidien<\/strong> sur la majorit\u00e9 du Royaume.<\/p>\n<ul>\n<li>Les <strong>nuits gagnent en fra\u00eecheur<\/strong> \u2014 <u>23\u00b0C \u00e0 <strong>Al Hoceima<\/strong> ou <strong>Tanger<\/strong> en moyenne \u00e0 minuit<\/u> \u2014, permettant aux terrasses, caf\u00e9s et places publiques de retrouver un rythme anim\u00e9, jusque tard.<\/li>\n<li>Les <strong>jours de pluie sont extr\u00eamement rares<\/strong>\u00a0: sur un mois, on compte tout au plus <u>2 \u00e0 4 journ\u00e9es l\u00e9g\u00e8rement humides<\/u> selon la r\u00e9gion, et souvent aucune goutte sur la <strong>M\u00e9diterran\u00e9e<\/strong> ou dans le <strong>Sud saharien<\/strong>.<\/li>\n<li>Dans les stations baln\u00e9aires du nord, telles que <strong>Al Hoceima<\/strong> ou <strong>Saidia<\/strong>, la m\u00e9t\u00e9o demeure <strong>claire, stable et s\u00e8che<\/strong>, id\u00e9ale pour une promenade sur la corniche ou un pique-nique sur les plages sablonneuses.<\/li>\n<\/ul>\n<p>Ces conditions favorisent un sentiment de bien-\u00eatre collectif\u00a0: <u>la chaleur reste intense mais jamais \u00e9crasante<\/u>, et le rythme de vie s\u2019adapte \u00e0 cette persistance lumineuse.\n<\/p>\n<h2>Variations r\u00e9gionales\u00a0: c\u00f4te, villes imp\u00e9riales et Sahara<\/h2>\n<p>\n<u>Le Maroc de septembre d\u00e9ploie une mosa\u00efque de climats distincts<\/u>, influenc\u00e9e autant par l\u2019altitude, la latitude que par la proximit\u00e9 de l\u2019oc\u00e9an ou du d\u00e9sert. Chaque zone impose ses nuances, transformant le s\u00e9jour selon l\u2019adresse choisie.<\/p>\n<ul>\n<li><strong>C\u00f4te Atlantique<\/strong>\u00a0: <u>Agadir<\/u> et <u>Casablanca<\/u> profitent d\u2019une brise oc\u00e9ane, tamisant la chaleur diurne autour de <strong>26 \u00e0 33\u00b0C<\/strong>. Les soir\u00e9es y sont particuli\u00e8rement douces.<\/li>\n<li><strong>Atlas et Centre<\/strong>\u00a0: De <u>F\u00e8s<\/u> \u00e0 <u>Marrakech<\/u>, l\u2019amplitude thermique se creuse. Les maximales peuvent flirter avec les <strong>34\u00b0C<\/strong> sous un soleil sec, l\u2019absence de pr\u00e9cipitations reste la r\u00e8gle. <u>L\u2019humidit\u00e9 y est quasi nulle<\/u>, rendant l\u2019atmosph\u00e8re plus respirable malgr\u00e9 la chaleur persistante.<\/li>\n<li><strong>Sud Saharien<\/strong>\u00a0: Entre <u>Ouarzazate<\/u> et <u>Merzouga<\/u>, la chaleur reste forte, mais <u>les nuits s\u2019adoucissent nettement<\/u> autour de <strong>21 \u00e0 23\u00b0C<\/strong>. Le ciel bleu profond favorise des paysages spectaculaires au couchant.<\/li>\n<li><strong>Bassin M\u00e9diterran\u00e9en<\/strong>\u00a0: Les cit\u00e9s comme <u>Tanger<\/u> ou <u>Al Hoceima<\/u> enregistrent parfois <strong>2 \u00e0 4\u00b0C de moins<\/strong> que le centre\u00a0; leur ambiance baln\u00e9aire s\u00e9duit pour des derniers bains de mer, dans une atmosph\u00e8re d\u00e9contract\u00e9e.<\/li>\n<\/ul>\n<p>Cette diversit\u00e9 permet de choisir son exp\u00e9rience climatique, du farniente temp\u00e9r\u00e9 aux explorations aventureuses des terres arides.\n<\/p>\n<h2>M\u00e9t\u00e9o et activit\u00e9s\u00a0: comment septembre red\u00e9finit les vacances au Maroc<\/h2>\n<p>\nLe mois de septembre r\u00e9invente litt\u00e9ralement les usages touristiques et locaux. <u>La m\u00e9t\u00e9o cl\u00e9mente met en avant la pluralit\u00e9 des activit\u00e9s en toute s\u00e9r\u00e9nit\u00e9<\/u>\u00a0: <\/p>\n<ul>\n<li>La <strong>baignade<\/strong> sur les plages de <u>Taghazout<\/u> ou <u>Saidia<\/u> s\u2019appr\u00e9cie intens\u00e9ment, loin de la cohue d\u2019ao\u00fbt. La temp\u00e9rature de l\u2019eau reste favorable, entre <strong>22\u00b0C et 25\u00b0C<\/strong>.<\/li>\n<li>Les <strong>randonn\u00e9es<\/strong> dans l\u2019<u>Atlas<\/u> ou les <u>gorges du Dad\u00e8s<\/u> profitent d\u2019une chaleur moins handicapante, l\u2019acc\u00e8s aux sentiers devient optimal.<\/li>\n<li>Le <strong>tourisme culturel<\/strong> re\u00e7oit un second souffle\u00a0: <u>les souks de F\u00e8s et de Marrakech<\/u> retrouvent leur effervescence, sans la pression \u00e9touffante des pics estivaux.<\/li>\n<li><strong>\u00c9v\u00e9nements<\/strong>\u00a0: Plusieurs festivals locaux, tel le <strong>Festival des Musiques Sacr\u00e9es de F\u00e8s<\/strong>, b\u00e9n\u00e9ficient de cette m\u00e9t\u00e9o pour rassembler amateurs et artistes dans une ambiance festive.<\/li>\n<\/ul>\n<p>Nous recommandons de planifier vos excursions \u00e0 la mi-journ\u00e9e, une fois pass\u00e9e la premi\u00e8re chaleur matinale, pour profiter au mieux de la lumi\u00e8re et des paysages.\n<\/p>\n<h2>Quels avantages pour les voyageurs et les locaux\u00a0?<\/h2>\n<p>\n<u>La fin progressive de la chaleur intense offre une multitude d\u2019atouts concrets pour tous les acteurs de la vie marocaine<\/u>\u00a0:<\/p>\n<ul>\n<li><strong>Baisse des risques d\u2019insolation<\/strong>\u00a0: Les excursions dans la M\u00e9dina de <u>Mekn\u00e8s<\/u> ou les balades dans l\u2019ancienne kasbah d\u2019<br \/>\n<hr \/>\n<div class=\"articles-lies\">\n<h3>\u00c0 lire aussi<\/h3>\n<ul>\n<li><a href=\"https:\/\/lefouduvoyage.fr\/blog\/a-la-une\/comprendre-en-profondeur-la-categorie-club-4-en-concours-equestre\/\">Comprendre en profondeur la cat\u00e9gorie Club 4 en concours \u00e9questre<\/a><\/li>\n<li><a href=\"https:\/\/lefouduvoyage.fr\/blog\/a-la-une\/preparer-hiver-destinations-ensoleillees\/\">Pr\u00e9parer hiver : destinations ensoleill\u00e9es<\/a><\/li>\n<li><a href=\"https:\/\/lefouduvoyage.fr\/blog\/a-la-une\/inde-octobre-debut-de-la-haute-saison\/\">Inde octobre : d\u00e9but de la haute saison<\/a><\/li>\n<li><a href=\"https:\/\/lefouduvoyage.fr\/blog\/a-la-une\/nepal-octobre-trekking-saison-seche\/\">N\u00e9pal octobre : trekking saison s\u00e8che<\/a><\/li>\n<\/ul>\n<\/div>\n","protected":false},"excerpt":{"rendered":"","protected":false},"author":34,"featured_media":7813,"comment_status":"open","ping_status":"open","sticky":false,"template":"","format":"standard","meta":{"_acf_changed":false,"manual_indexmenow":false,"indexmenow_id_project":0,"footnotes":""},"categories":[1],"tags":[],"class_list":["post-7811","post","type-post","status-publish","format-standard","has-post-thumbnail","hentry","category-a-la-une","generate-columns","tablet-grid-50","mobile-grid-100","grid-parent","grid-25"],"acf":[],"yoast_head":"<!-- This site is optimized with the Yoast SEO Premium plugin v21.3 (Yoast SEO v26.5) - https:\/\/yoast.com\/wordpress\/plugins\/seo\/ -->\n<title>Maroc en septembre : la fin de la chaleur estivale<\/title>\n<meta name=\"description\" content=\"Maroc en septembre : conseils, id\u00e9es d&#039;itin\u00e9raire et infos pratiques pour bien pr\u00e9parer votre voyage et en profiter pleinement.\" \/>\n<meta name=\"robots\" content=\"index, follow, max-snippet:-1, max-image-preview:large, max-video-preview:-1\" \/>\n<link rel=\"canonical\" href=\"https:\/\/lefouduvoyage.fr\/blog\/a-la-une\/maroc-septembre-fin-de-la-chaleur-estivale\/\" \/>\n<meta property=\"og:locale\" content=\"fr_FR\" \/>\n<meta property=\"og:type\" content=\"article\" \/>\n<meta property=\"og:title\" content=\"Maroc en septembre : la fin de la chaleur estivale\" \/>\n<meta property=\"og:description\" content=\"Maroc en septembre : conseils, id\u00e9es d&#039;itin\u00e9raire et infos pratiques pour bien pr\u00e9parer votre voyage et en profiter pleinement.\" \/>\n<meta property=\"og:url\" content=\"https:\/\/lefouduvoyage.fr\/blog\/a-la-une\/maroc-septembre-fin-de-la-chaleur-estivale\/\" \/>\n<meta property=\"og:site_name\" content=\"lefouduvoyage\" \/>\n<meta property=\"og:image\" content=\"https:\/\/lefouduvoyage.fr\/blog\/wp-content\/uploads\/2025\/07\/pag-image-68701619f0f49-scaled.png\" \/>\n\t<meta property=\"og:image:width\" content=\"1200\" \/>\n\t<meta property=\"og:image:height\" content=\"686\" \/>\n\t<meta property=\"og:image:type\" content=\"image\/png\" \/>\n<meta name=\"author\" content=\"Camille Rouvray\" \/>\n<meta name=\"twitter:card\" content=\"summary_large_image\" \/>\n<script type=\"application\/ld+json\" class=\"yoast-schema-graph\">{\"@context\":\"https:\/\/schema.org\",\"@graph\":[{\"@type\":\"NewsArticle\",\"@id\":\"https:\/\/lefouduvoyage.fr\/blog\/a-la-une\/maroc-septembre-fin-de-la-chaleur-estivale\/#article\",\"isPartOf\":{\"@id\":\"https:\/\/lefouduvoyage.fr\/blog\/a-la-une\/maroc-septembre-fin-de-la-chaleur-estivale\/\"},\"author\":{\"name\":\"Camille Rouvray\",\"@id\":\"https:\/\/lefouduvoyage.fr\/blog\/#\/schema\/person\/3c864cdc320801e3db34b663e7e3f816\"},\"headline\":\"Maroc septembre : fin de la chaleur estivale\",\"datePublished\":\"2025-07-14T07:00:00+00:00\",\"dateModified\":\"2025-07-16T19:18:40+00:00\",\"mainEntityOfPage\":{\"@id\":\"https:\/\/lefouduvoyage.fr\/blog\/a-la-une\/maroc-septembre-fin-de-la-chaleur-estivale\/\"},\"wordCount\":911,\"commentCount\":0,\"publisher\":{\"@id\":\"https:\/\/lefouduvoyage.fr\/blog\/#organization\"},\"image\":{\"@id\":\"https:\/\/lefouduvoyage.fr\/blog\/a-la-une\/maroc-septembre-fin-de-la-chaleur-estivale\/#primaryimage\"},\"thumbnailUrl\":\"https:\/\/lefouduvoyage.fr\/blog\/wp-content\/uploads\/2025\/07\/pag-image-68701619f0f49-scaled.png\",\"articleSection\":[\"\u00c0 la une\"],\"inLanguage\":\"fr-FR\",\"potentialAction\":[{\"@type\":\"CommentAction\",\"name\":\"Comment\",\"target\":[\"https:\/\/lefouduvoyage.fr\/blog\/a-la-une\/maroc-septembre-fin-de-la-chaleur-estivale\/#respond\"]}]},{\"@type\":\"WebPage\",\"@id\":\"https:\/\/lefouduvoyage.fr\/blog\/a-la-une\/maroc-septembre-fin-de-la-chaleur-estivale\/\",\"url\":\"https:\/\/lefouduvoyage.fr\/blog\/a-la-une\/maroc-septembre-fin-de-la-chaleur-estivale\/\",\"name\":\"Maroc en septembre : la fin de la chaleur estivale\",\"isPartOf\":{\"@id\":\"https:\/\/lefouduvoyage.fr\/blog\/#website\"},\"primaryImageOfPage\":{\"@id\":\"https:\/\/lefouduvoyage.fr\/blog\/a-la-une\/maroc-septembre-fin-de-la-chaleur-estivale\/#primaryimage\"},\"image\":{\"@id\":\"https:\/\/lefouduvoyage.fr\/blog\/a-la-une\/maroc-septembre-fin-de-la-chaleur-estivale\/#primaryimage\"},\"thumbnailUrl\":\"https:\/\/lefouduvoyage.fr\/blog\/wp-content\/uploads\/2025\/07\/pag-image-68701619f0f49-scaled.png\",\"datePublished\":\"2025-07-14T07:00:00+00:00\",\"dateModified\":\"2025-07-16T19:18:40+00:00\",\"description\":\"Maroc en septembre : conseils, id\u00e9es d'itin\u00e9raire et infos pratiques pour bien pr\u00e9parer votre voyage et en profiter pleinement.\",\"inLanguage\":\"fr-FR\",\"potentialAction\":[{\"@type\":\"ReadAction\",\"target\":[\"https:\/\/lefouduvoyage.fr\/blog\/a-la-une\/maroc-septembre-fin-de-la-chaleur-estivale\/\"]}]},{\"@type\":\"ImageObject\",\"inLanguage\":\"fr-FR\",\"@id\":\"https:\/\/lefouduvoyage.fr\/blog\/a-la-une\/maroc-septembre-fin-de-la-chaleur-estivale\/#primaryimage\",\"url\":\"https:\/\/lefouduvoyage.fr\/blog\/wp-content\/uploads\/2025\/07\/pag-image-68701619f0f49-scaled.png\",\"contentUrl\":\"https:\/\/lefouduvoyage.fr\/blog\/wp-content\/uploads\/2025\/07\/pag-image-68701619f0f49-scaled.png\",\"width\":1200,\"height\":686,\"caption\":\"Image g\u00e9n\u00e9r\u00e9e par IA optimis\u00e9e pour Google Discover\"},{\"@type\":\"WebSite\",\"@id\":\"https:\/\/lefouduvoyage.fr\/blog\/#website\",\"url\":\"https:\/\/lefouduvoyage.fr\/blog\/\",\"name\":\"Le Fou du Voyage\",\"description\":\"Le Fou du Voyage, l&#039;aventure sans limites\",\"publisher\":{\"@id\":\"https:\/\/lefouduvoyage.fr\/blog\/#organization\"},\"alternateName\":\"Le Fou du Voyage, l'aventure sans limites\",\"potentialAction\":[{\"@type\":\"SearchAction\",\"target\":{\"@type\":\"EntryPoint\",\"urlTemplate\":\"https:\/\/lefouduvoyage.fr\/blog\/?s={search_term_string}\"},\"query-input\":{\"@type\":\"PropertyValueSpecification\",\"valueRequired\":true,\"valueName\":\"search_term_string\"}}],\"inLanguage\":\"fr-FR\"},{\"@type\":\"Organization\",\"@id\":\"https:\/\/lefouduvoyage.fr\/blog\/#organization\",\"name\":\"Le Fou du Voyage\",\"alternateName\":\"Le Fou du Voyage\",\"url\":\"https:\/\/lefouduvoyage.fr\/blog\/\",\"logo\":{\"@type\":\"ImageObject\",\"inLanguage\":\"fr-FR\",\"@id\":\"https:\/\/lefouduvoyage.fr\/blog\/#\/schema\/logo\/image\/\",\"url\":\"https:\/\/lefouduvoyage.fr\/blog\/wp-content\/uploads\/2024\/12\/48.png\",\"contentUrl\":\"https:\/\/lefouduvoyage.fr\/blog\/wp-content\/uploads\/2024\/12\/48.png\",\"width\":500,\"height\":500,\"caption\":\"Le Fou du Voyage\"},\"image\":{\"@id\":\"https:\/\/lefouduvoyage.fr\/blog\/#\/schema\/logo\/image\/\"}},{\"@type\":\"Person\",\"@id\":\"https:\/\/lefouduvoyage.fr\/blog\/#\/schema\/person\/3c864cdc320801e3db34b663e7e3f816\",\"name\":\"Camille Rouvray\",\"image\":{\"@type\":\"ImageObject\",\"inLanguage\":\"fr-FR\",\"@id\":\"https:\/\/lefouduvoyage.fr\/blog\/#\/schema\/person\/image\/\",\"url\":\"https:\/\/lefouduvoyage.fr\/blog\/wp-content\/uploads\/2026\/06\/persona_camille-r-96x96.jpg\",\"contentUrl\":\"https:\/\/lefouduvoyage.fr\/blog\/wp-content\/uploads\/2026\/06\/persona_camille-r-96x96.jpg\",\"caption\":\"Camille Rouvray\"},\"description\":\"Je voyage et j'\u00e9cris sur le voyage depuis une douzaine d'ann\u00e9es, d'abord en tant que routarde au long cours, puis comme r\u00e9dactrice sp\u00e9cialis\u00e9e. Mon terrain de pr\u00e9dilection, ce sont les circuits organis\u00e9s et l'art de bien pr\u00e9parer un itin\u00e9raire : choix de la saison, dur\u00e9e r\u00e9aliste des \u00e9tapes, budget jour par jour, logement et transport sur place. J'aime aussi raconter les p\u00e9pites urbaines, ces adresses qu'on ne trouve pas dans les guides classiques. Avant de publier un dossier destination, je croise toujours plusieurs sources, je v\u00e9rifie les tarifs et les formalit\u00e9s d'entr\u00e9e \u00e0 jour, et je teste moi-m\u00eame quand je le peux. Mon angle reste pratique avant tout : aider le lecteur \u00e0 partir l'esprit tranquille, sans mauvaise surprise une fois sur place. Je m'attache \u00e0 distinguer le coup de c\u0153ur sinc\u00e8re du simple argument marketing.\",\"sameAs\":[\"https:\/\/camillerouvray.fr\/\"],\"url\":\"https:\/\/lefouduvoyage.fr\/blog\/auteur\/noname\/\"}]}<\/script>\n<!-- \/ Yoast SEO Premium plugin. -->","yoast_head_json":{"title":"Maroc en septembre : la fin de la chaleur estivale","description":"Maroc en septembre : conseils, id\u00e9es d'itin\u00e9raire et infos pratiques pour bien pr\u00e9parer votre voyage et en profiter pleinement.","robots":{"index":"index","follow":"follow","max-snippet":"max-snippet:-1","max-image-preview":"max-image-preview:large","max-video-preview":"max-video-preview:-1"},"canonical":"https:\/\/lefouduvoyage.fr\/blog\/a-la-une\/maroc-septembre-fin-de-la-chaleur-estivale\/","og_locale":"fr_FR","og_type":"article","og_title":"Maroc en septembre : la fin de la chaleur estivale","og_description":"Maroc en septembre : conseils, id\u00e9es d'itin\u00e9raire et infos pratiques pour bien pr\u00e9parer votre voyage et en profiter pleinement.","og_url":"https:\/\/lefouduvoyage.fr\/blog\/a-la-une\/maroc-septembre-fin-de-la-chaleur-estivale\/","og_site_name":"lefouduvoyage","og_image":[{"width":1200,"height":686,"url":"https:\/\/lefouduvoyage.fr\/blog\/wp-content\/uploads\/2025\/07\/pag-image-68701619f0f49-scaled.png","type":"image\/png"}],"author":"Camille Rouvray","twitter_card":"summary_large_image","schema":{"@context":"https:\/\/schema.org","@graph":[{"@type":"NewsArticle","@id":"https:\/\/lefouduvoyage.fr\/blog\/a-la-une\/maroc-septembre-fin-de-la-chaleur-estivale\/#article","isPartOf":{"@id":"https:\/\/lefouduvoyage.fr\/blog\/a-la-une\/maroc-septembre-fin-de-la-chaleur-estivale\/"},"author":{"name":"Camille Rouvray","@id":"https:\/\/lefouduvoyage.fr\/blog\/#\/schema\/person\/3c864cdc320801e3db34b663e7e3f816"},"headline":"Maroc septembre : fin de la chaleur estivale","datePublished":"2025-07-14T07:00:00+00:00","dateModified":"2025-07-16T19:18:40+00:00","mainEntityOfPage":{"@id":"https:\/\/lefouduvoyage.fr\/blog\/a-la-une\/maroc-septembre-fin-de-la-chaleur-estivale\/"},"wordCount":911,"commentCount":0,"publisher":{"@id":"https:\/\/lefouduvoyage.fr\/blog\/#organization"},"image":{"@id":"https:\/\/lefouduvoyage.fr\/blog\/a-la-une\/maroc-septembre-fin-de-la-chaleur-estivale\/#primaryimage"},"thumbnailUrl":"https:\/\/lefouduvoyage.fr\/blog\/wp-content\/uploads\/2025\/07\/pag-image-68701619f0f49-scaled.png","articleSection":["\u00c0 la une"],"inLanguage":"fr-FR","potentialAction":[{"@type":"CommentAction","name":"Comment","target":["https:\/\/lefouduvoyage.fr\/blog\/a-la-une\/maroc-septembre-fin-de-la-chaleur-estivale\/#respond"]}]},{"@type":"WebPage","@id":"https:\/\/lefouduvoyage.fr\/blog\/a-la-une\/maroc-septembre-fin-de-la-chaleur-estivale\/","url":"https:\/\/lefouduvoyage.fr\/blog\/a-la-une\/maroc-septembre-fin-de-la-chaleur-estivale\/","name":"Maroc en septembre : la fin de la chaleur estivale","isPartOf":{"@id":"https:\/\/lefouduvoyage.fr\/blog\/#website"},"primaryImageOfPage":{"@id":"https:\/\/lefouduvoyage.fr\/blog\/a-la-une\/maroc-septembre-fin-de-la-chaleur-estivale\/#primaryimage"},"image":{"@id":"https:\/\/lefouduvoyage.fr\/blog\/a-la-une\/maroc-septembre-fin-de-la-chaleur-estivale\/#primaryimage"},"thumbnailUrl":"https:\/\/lefouduvoyage.fr\/blog\/wp-content\/uploads\/2025\/07\/pag-image-68701619f0f49-scaled.png","datePublished":"2025-07-14T07:00:00+00:00","dateModified":"2025-07-16T19:18:40+00:00","description":"Maroc en septembre : conseils, id\u00e9es d'itin\u00e9raire et infos pratiques pour bien pr\u00e9parer votre voyage et en profiter pleinement.","inLanguage":"fr-FR","potentialAction":[{"@type":"ReadAction","target":["https:\/\/lefouduvoyage.fr\/blog\/a-la-une\/maroc-septembre-fin-de-la-chaleur-estivale\/"]}]},{"@type":"ImageObject","inLanguage":"fr-FR","@id":"https:\/\/lefouduvoyage.fr\/blog\/a-la-une\/maroc-septembre-fin-de-la-chaleur-estivale\/#primaryimage","url":"https:\/\/lefouduvoyage.fr\/blog\/wp-content\/uploads\/2025\/07\/pag-image-68701619f0f49-scaled.png","contentUrl":"https:\/\/lefouduvoyage.fr\/blog\/wp-content\/uploads\/2025\/07\/pag-image-68701619f0f49-scaled.png","width":1200,"height":686,"caption":"Image g\u00e9n\u00e9r\u00e9e par IA optimis\u00e9e pour Google Discover"},{"@type":"WebSite","@id":"https:\/\/lefouduvoyage.fr\/blog\/#website","url":"https:\/\/lefouduvoyage.fr\/blog\/","name":"Le Fou du Voyage","description":"Le Fou du Voyage, l&#039;aventure sans limites","publisher":{"@id":"https:\/\/lefouduvoyage.fr\/blog\/#organization"},"alternateName":"Le Fou du Voyage, l'aventure sans limites","potentialAction":[{"@type":"SearchAction","target":{"@type":"EntryPoint","urlTemplate":"https:\/\/lefouduvoyage.fr\/blog\/?s={search_term_string}"},"query-input":{"@type":"PropertyValueSpecification","valueRequired":true,"valueName":"search_term_string"}}],"inLanguage":"fr-FR"},{"@type":"Organization","@id":"https:\/\/lefouduvoyage.fr\/blog\/#organization","name":"Le Fou du Voyage","alternateName":"Le Fou du Voyage","url":"https:\/\/lefouduvoyage.fr\/blog\/","logo":{"@type":"ImageObject","inLanguage":"fr-FR","@id":"https:\/\/lefouduvoyage.fr\/blog\/#\/schema\/logo\/image\/","url":"https:\/\/lefouduvoyage.fr\/blog\/wp-content\/uploads\/2024\/12\/48.png","contentUrl":"https:\/\/lefouduvoyage.fr\/blog\/wp-content\/uploads\/2024\/12\/48.png","width":500,"height":500,"caption":"Le Fou du Voyage"},"image":{"@id":"https:\/\/lefouduvoyage.fr\/blog\/#\/schema\/logo\/image\/"}},{"@type":"Person","@id":"https:\/\/lefouduvoyage.fr\/blog\/#\/schema\/person\/3c864cdc320801e3db34b663e7e3f816","name":"Camille Rouvray","image":{"@type":"ImageObject","inLanguage":"fr-FR","@id":"https:\/\/lefouduvoyage.fr\/blog\/#\/schema\/person\/image\/","url":"https:\/\/lefouduvoyage.fr\/blog\/wp-content\/uploads\/2026\/06\/persona_camille-r-96x96.jpg","contentUrl":"https:\/\/lefouduvoyage.fr\/blog\/wp-content\/uploads\/2026\/06\/persona_camille-r-96x96.jpg","caption":"Camille Rouvray"},"description":"Je voyage et j'\u00e9cris sur le voyage depuis une douzaine d'ann\u00e9es, d'abord en tant que routarde au long cours, puis comme r\u00e9dactrice sp\u00e9cialis\u00e9e. Mon terrain de pr\u00e9dilection, ce sont les circuits organis\u00e9s et l'art de bien pr\u00e9parer un itin\u00e9raire : choix de la saison, dur\u00e9e r\u00e9aliste des \u00e9tapes, budget jour par jour, logement et transport sur place. J'aime aussi raconter les p\u00e9pites urbaines, ces adresses qu'on ne trouve pas dans les guides classiques. Avant de publier un dossier destination, je croise toujours plusieurs sources, je v\u00e9rifie les tarifs et les formalit\u00e9s d'entr\u00e9e \u00e0 jour, et je teste moi-m\u00eame quand je le peux. Mon angle reste pratique avant tout : aider le lecteur \u00e0 partir l'esprit tranquille, sans mauvaise surprise une fois sur place. Je m'attache \u00e0 distinguer le coup de c\u0153ur sinc\u00e8re du simple argument marketing.","sameAs":["https:\/\/camillerouvray.fr\/"],"url":"https:\/\/lefouduvoyage.fr\/blog\/auteur\/noname\/"}]}},"_links":{"self":[{"href":"https:\/\/lefouduvoyage.fr\/blog\/wp-json\/wp\/v2\/posts\/7811","targetHints":{"allow":["GET"]}}],"collection":[{"href":"https:\/\/lefouduvoyage.fr\/blog\/wp-json\/wp\/v2\/posts"}],"about":[{"href":"https:\/\/lefouduvoyage.fr\/blog\/wp-json\/wp\/v2\/types\/post"}],"author":[{"embeddable":true,"href":"https:\/\/lefouduvoyage.fr\/blog\/wp-json\/wp\/v2\/users\/34"}],"replies":[{"embeddable":true,"href":"https:\/\/lefouduvoyage.fr\/blog\/wp-json\/wp\/v2\/comments?post=7811"}],"version-history":[{"count":1,"href":"https:\/\/lefouduvoyage.fr\/blog\/wp-json\/wp\/v2\/posts\/7811\/revisions"}],"predecessor-version":[{"id":7916,"href":"https:\/\/lefouduvoyage.fr\/blog\/wp-json\/wp\/v2\/posts\/7811\/revisions\/7916"}],"wp:featuredmedia":[{"embeddable":true,"href":"https:\/\/lefouduvoyage.fr\/blog\/wp-json\/wp\/v2\/media\/7813"}],"wp:attachment":[{"href":"https:\/\/lefouduvoyage.fr\/blog\/wp-json\/wp\/v2\/media?parent=7811"}],"wp:term":[{"taxonomy":"category","embeddable":true,"href":"https:\/\/lefouduvoyage.fr\/blog\/wp-json\/wp\/v2\/categories?post=7811"},{"taxonomy":"post_tag","embeddable":true,"href":"https:\/\/lefouduvoyage.fr\/blog\/wp-json\/wp\/v2\/tags?post=7811"}],"curies":[{"name":"wp","href":"https:\/\/api.w.org\/{rel}","templated":true}]}}