{"id":7775,"date":"2025-07-14T10:00:00","date_gmt":"2025-07-14T08:00:00","guid":{"rendered":"https:\/\/lefouduvoyage.fr\/blog\/?p=7775"},"modified":"2025-07-16T21:17:45","modified_gmt":"2025-07-16T19:17:45","slug":"vacances-aout-destinations-hors-des-sentiers-battus","status":"publish","type":"post","link":"https:\/\/lefouduvoyage.fr\/blog\/a-la-une\/vacances-aout-destinations-hors-des-sentiers-battus\/","title":{"rendered":"Vacances ao\u00fbt : destinations hors des sentiers battus"},"content":{"rendered":"<h1>Vacances d\u2019ao\u00fbt : Destinations secr\u00e8tes pour un \u00e9t\u00e9 inoubliable<\/h1>\n<h2>Les Monts d\u2019Arr\u00e9e : immersion dans une Bretagne sauvage et myst\u00e9rieuse<\/h2>\n<p>\nSitu\u00e9s au sein du <strong>Parc Naturel R\u00e9gional d\u2019Armorique<\/strong>, les <strong>Monts d\u2019Arr\u00e9e<\/strong> constituent un massif embl\u00e9matique du <strong>Finist\u00e8re<\/strong>, en <strong>Bretagne<\/strong>. Ce territoire, model\u00e9 par le temps, propose des paysages spectaculaires m\u00ealant <strong>landes de bruy\u00e8re<\/strong>, <strong>tourbi\u00e8res myst\u00e9rieuses<\/strong> et <strong>cr\u00eates granitiques<\/strong>. Le <strong>Roc\u2019h Ruz<\/strong>, point culminant de la Bretagne \u00e0 <u>385 m\u00e8tres d\u2019altitude<\/u>, d\u00e9voile des panoramas panoramiques exceptionnels, notamment par temps clair.\n<\/p>\n<p>\nCe secteur pr\u00e9serv\u00e9 s\u2019impose comme une r\u00e9f\u00e9rence pour les amateurs de <strong>randonn\u00e9e<\/strong>, de <strong>mythes celtiques<\/strong> et d\u2019espaces vierges. Des h\u00e9bergements insolites, tels que les <strong>cabanes perch\u00e9es<\/strong> de <strong>Ty Lodge<\/strong> ou les \u00e9colodges du <strong>site de Saint-Michel de Brasparts<\/strong>, permettent de vivre une exp\u00e9rience immersive et rafra\u00eechissante, \u00e0 l\u2019\u00e9cart de la surchauffe estivale.\n<\/p>\n<ul>\n<li>Panoramas \u00e0 360\u00b0 depuis le <strong>Roc\u2019h Tr\u00e9vezel<\/strong><\/li>\n<li>D\u00e9couverte du <strong>lac de Brennilis<\/strong> et ses l\u00e9gendes<\/li>\n<li>Balades \u00e0 travers les villages typiques de <strong>Commana<\/strong> ou <strong>Ploun\u00e9our-M\u00e9nez<\/strong>, symboles du patrimoine local<\/li>\n<li>Visite du <strong>Mus\u00e9e du Loup<\/strong>, rare institution europ\u00e9enne d\u00e9di\u00e9e \u00e0 cet animal<\/li>\n<\/ul>\n<p>\nLe climat y demeure temp\u00e9r\u00e9 en ao\u00fbt, rendant ces hauteurs parfaites pour des vacances loin des canicules du sud.\n<\/p>\n<h2>Le Jura : lacs turquoise et escapades souterraines<\/h2>\n<p>\n\u00c0 cheval entre la <strong>Bourgogne-Franche-Comt\u00e9<\/strong> et la fronti\u00e8re suisse, le <strong>Jura<\/strong> s\u2019impose par la diversit\u00e9 de ses paysages : <strong>lacs cristallins<\/strong>, <strong>for\u00eats profondes<\/strong>, <strong>grottes spectaculaires<\/strong>, mais aussi villages class\u00e9s. La r\u00e9gion s\u00e9duit les voyageurs en qu\u00eate de fra\u00eecheur et d\u2019activit\u00e9s nature.\n<\/p>\n<p>\nAu c\u0153ur de l\u2019\u00e9t\u00e9, la <u>cascade des Tufs<\/u> \u00e0 <strong>Baume-les-Messieurs<\/strong>, les eaux azur des <strong>lacs de Chalain<\/strong> et <strong>Vouglans<\/strong>, tout comme les profondeurs de la <strong>grotte des Planches<\/strong>, offrent des refuges incomparables contre la chaleur. Le <strong>ch\u00e2teau de Frontenay<\/strong> propose une immersion dans l\u2019histoire locale, loin du tumulte c\u00f4tier.\n<\/p>\n<ul>\n<li>Baignades dans les <strong>bassins naturels<\/strong> de <strong>Clairvaux-les-Lacs<\/strong><\/li>\n<li>Randonn\u00e9e sur le <strong>sentier des gorges de la Langouette<\/strong><\/li>\n<li>Exploration de la <strong>grotte de Baume-les-Messieurs<\/strong>, \u00ab cath\u00e9drale souterraine \u00bb class\u00e9e<\/li>\n<li>D\u00e9gustation des sp\u00e9cialit\u00e9s \u00e0 base de <strong>Comt\u00e9<\/strong> AOP et de <strong>vin jaune du Jura<\/strong><\/li>\n<\/ul>\n<p>\nLe <strong>Jura<\/strong> attire un public familial et sportif, sensible \u00e0 la qui\u00e9tude des villages comme <strong>Arbois<\/strong> ou <strong>Salins-les-Bains<\/strong>, v\u00e9ritables laboratoires de traditions.\n<\/p>\n<h2>Vall\u00e9e d\u2019Eyne : la \u201cvall\u00e9e des fleurs\u201d des Pyr\u00e9n\u00e9es Orientales<\/h2>\n<p>\nAu pied du <strong>Canig\u00f3<\/strong>, dans les <strong>Pyr\u00e9n\u00e9es-Orientales<\/strong>, la <strong>Vall\u00e9e d\u2019Eyne<\/strong> s\u2019\u00e9rige comme un sanctuaire botanique in\u00e9gal\u00e9 en <strong>Catalogne fran\u00e7aise<\/strong>. Surnomm\u00e9e \u00ab la vall\u00e9e des fleurs \u00bb, elle abrite une biodiversit\u00e9 remarquable, comptant plus de <u>500 esp\u00e8ces de plantes<\/u> inventori\u00e9es par le <strong>Conservatoire Botanique National M\u00e9diterran\u00e9en<\/strong>.\n<\/p>\n<p>\nEn ao\u00fbt, la floraison atteint son apog\u00e9e, attirant randonneurs et botanistes, mais pr\u00e9servant toujours son caract\u00e8re confidentiel. Les villages de <strong>Llo<\/strong>, <strong>Sainte-L\u00e9ocadie<\/strong> ou <strong>\u00c9gat<\/strong> contribuent \u00e0 l\u2019atmosph\u00e8re authentique, typique de la <u>haute Cerdagne<\/u>.\n<\/p>\n<ul>\n<li>Sentiers balis\u00e9s menant au <strong>Pic d\u2019Eyne<\/strong> (2 791 m), point de vue sur la <strong>fronti\u00e8re franco-espagnole<\/strong><\/li>\n<li>Observation de la faune : <strong>isards<\/strong>, <strong>marmottes<\/strong>, <strong>rapaces<\/strong><\/li>\n<li>Ateliers d\u2019astronomie organis\u00e9s par l\u2019<strong>Observatoire de la Cerdagne<\/strong><\/li>\n<li>D\u00e9couverte des mets catalans : <strong>boles de picolat<\/strong>, <strong>fromage de vache Montagne<\/strong><\/li>\n<\/ul>\n<p>\nLa Vall\u00e9e d\u2019Eyne garantit un isolement bienvenu, renforc\u00e9 par l\u2019absence d\u2019infrastructures lourdes, propice \u00e0 un tourisme doux, \u00e9coresponsable, et porteur de sens.\n<\/p>\n<h2>Les exp\u00e9riences rafra\u00eechissantes pour \u00e9chapper \u00e0 la canicule<\/h2>\n<p>\nLorsque la France subit des \u00e9pisodes de chaleur, certains sites naturels restent synonymes de fra\u00eecheur, \u00e0 l\u2019instar des <strong>grottes de Baume-les-Messieurs<\/strong>, o\u00f9 la temp\u00e9rature ne d\u00e9passe jamais 14\u00b0C.\n<\/p>\n<p>\nLes for\u00eats denses du <strong>Haut-Jura<\/strong>, les torrents cristallins des <strong>Monts d\u2019Arr\u00e9e<\/strong> ou les bassins naturels de la <strong>vall\u00e9e de la Loue<\/strong> sont des refuges pl\u00e9biscit\u00e9s par ceux qui fuient la touffeur de la plaine.\n<\/p>\n<ul>\n<li>Nuits insolites dans une <strong>cabane sur pilotis<\/strong> en <strong>Bresse jurassienne<\/strong><\/li>\n<li>Sieste sous la canop\u00e9e du <strong>bois de la Boissellerie<\/strong> \u00e0 <strong>Saint-Claude<\/strong><\/li>\n<li>Apr\u00e8s-midi baignade \u00e0 la <strong>plage de Salles-du-Gardon<\/strong> (Gard), r\u00e9put\u00e9e pour sa fra\u00eecheur<\/li>\n<li>Visites souterraines : <strong>grotte de Choranche<\/strong> (Vercors), <strong>gouffre de Padirac<\/strong> (Lot)<\/li>\n<\/ul>\n<p>\nNous conseillons de privil\u00e9gier les environnements naturels exempts de pression anthropique pour garantir la pr\u00e9servation des microclimats locaux et offrir un r\u00e9pit thermique rare, jusqu\u2019\u00e0 <u>5 \u00e0 8\u00b0C de moins qu\u2019en plaine<\/u>.\n<\/p>\n<h2>Patrimoine, l\u00e9gendes et gastronomie locale loin des foules<\/h2>\n<p>\nChoix judicieux, les destinations m\u00e9connues offrent un acc\u00e8s privil\u00e9gi\u00e9 \u00e0 un patrimoine vivant, exempt des effets de la standardisation touristique.\n<\/p>\n<p>\nLes <strong>Monts d\u2019Arr\u00e9e<\/strong> fascinent par leur univers de l\u00e9gendes : du <strong>Yeun Elez<\/strong>, marais consid\u00e9r\u00e9 comme la \u00ab porte de l\u2019enfer \u00bb par la tradition bretonne, aux r\u00e9cits du <strong>Cheval Mallet<\/strong>. Le <strong>Mus\u00e9e du Loup<\/strong> \u00e0 <strong>Le Clo\u00eetre-Saint-Th\u00e9gonnec<\/strong> \u00e9claire le rapport singulier entre l\u2019homme et l\u2019animal depuis le XIXe si\u00e8cle.\n<\/p>\n<ul>\n<li>Visite du <strong>ch\u00e2teau de Frontenay<\/strong> (Jura), forteresse ouverte aux circuits \u0153notouristiques<\/li>\n<li>D\u00e9couverte du <strong>march\u00e9 couvert d\u2019Arbois<\/strong> pour tester le <strong>vin de paille<\/strong> et la <strong>poularde au Vin Jaune<\/strong><\/li>\n<li>Exp\u00e9rience des <strong>festes catalanes<\/strong> estivales, telles que la <strong>Festa Major d\u2019Eyne<\/strong> d\u00e9but ao\u00fbt<\/li>\n<li>Rencontre avec des artisans de la laine au <strong>mus\u00e9e de la Cerdagne<\/strong><\/li>\n<\/ul>\n<p>\nChaque territoire met en lumi\u00e8re une <u>identit\u00e9 culturelle forte<\/u>, traduite dans la gastronomie, l\u2019artisanat et la transmission orale locale, loin des flux massifs.\n<\/p>\n<h2>Conseils pratiques pour un road trip hors des sentiers battus en ao\u00fbt<\/h2>\n<p>\nVoyager autrement implique une pr\u00e9paration m\u00e9thodique. <strong>Anticiper<\/strong> demeure la cl\u00e9 pour acc\u00e9der \u00e0 des h\u00e9bergements atypiques et organiser des \u00e9tapes sur-mesure, souvent non desservies par les transports collectifs.\n<\/p>\n<ul>\n<li>Privil\u00e9gier la <strong>r\u00e9servation<\/strong> des h\u00e9bergements insolites (<strong>tiny houses<\/strong>, <strong>\u00e9colodges<\/strong>, <strong>g\u00eetes ruraux<\/strong>) d\u00e8s le printemps<\/li>\n<li>\u00c9quiper son itin\u00e9raire de <strong>cartes IGN<\/strong> ou d\u2019applications GPS sp\u00e9cialis\u00e9es en randonn\u00e9e<\/li>\n<li>Pr\u00e9voir des arr\u00eats sur les <strong>march\u00e9s de producteurs<\/strong> pour d\u00e9couvrir des vari\u00e9t\u00e9s locales et limiter l\u2019empreinte carbone<\/li>\n<li>Participer \u00e0 des \u00e9v\u00e9nements locaux : <strong>Travers\u00e9es Tatihou<\/strong> en <strong>Normandie<\/strong> (ao\u00fbt 2025), <strong>Festival des M\u00e9tiers d\u2019Art du Jura<\/strong><\/li>\n<li>Respecter les zones naturelles sensibles (bivouac r\u00e9glement\u00e9, collecte des d\u00e9chets, respect du balisage)<\/li>\n<\/ul>\n<p>\nNous recommandons vivement de documenter chaque \u00e9tape \u00e0 l\u2019avance gr\u00e2ce aux ressources des <strong>Offices de Tourisme<\/strong> d\u00e9partementaux, dont les informations sont souvent actualis\u00e9es \u00e0 la mi-mai, et de favoriser le contact direct avec les acteurs locaux pour des exp\u00e9riences in\u00e9dites.\n<\/p>\n<hr \/>\n<div class=\"articles-lies\">\n<h3>\u00c0 lire aussi<\/h3>\n<ul>\n<li><a href=\"https:\/\/lefouduvoyage.fr\/blog\/a-la-une\/comprendre-en-profondeur-la-categorie-club-4-en-concours-equestre\/\">Comprendre en profondeur la cat\u00e9gorie Club 4 en concours \u00e9questre<\/a><\/li>\n<li><a href=\"https:\/\/lefouduvoyage.fr\/blog\/a-la-une\/roumanie-ete-transylvanie-et-chateaux\/\">Roumanie \u00e9t\u00e9 : Transylvanie et ch\u00e2teaux<\/a><\/li>\n<li><a href=\"https:\/\/lefouduvoyage.fr\/blog\/a-la-une\/ecosse-fringe-festival-edimbourg-en-effervescence\/\">Ecosse Fringe Festival : Edimbourg en effervescence<\/a><\/li>\n<li><a href=\"https:\/\/lefouduvoyage.fr\/blog\/a-la-une\/montagnes-fraicheur-echapper-a-la-chaleur\/\">Montagnes fra\u00eecheur : \u00e9chapper \u00e0 la chaleur<\/a><\/li>\n<\/ul>\n<\/div>\n","protected":false},"excerpt":{"rendered":"","protected":false},"author":34,"featured_media":7777,"comment_status":"open","ping_status":"open","sticky":false,"template":"","format":"standard","meta":{"_acf_changed":false,"manual_indexmenow":false,"indexmenow_id_project":0,"footnotes":""},"categories":[1],"tags":[4878,4751,4866],"class_list":["post-7775","post","type-post","status-publish","format-standard","has-post-thumbnail","hentry","category-a-la-une","tag-destinations-insolites","tag-hors-sentiers","tag-vacances-ete","generate-columns","tablet-grid-50","mobile-grid-100","grid-parent","grid-25"],"acf":[],"yoast_head":"<!-- This site is optimized with the Yoast SEO Premium plugin v21.3 (Yoast SEO v26.5) - https:\/\/yoast.com\/wordpress\/plugins\/seo\/ -->\n<title>Vacances d&#039;ao\u00fbt : destinations hors des sentiers battus<\/title>\n<meta name=\"description\" content=\"Vacances d&#039;ao\u00fbt : tout ce qu&#039;il faut savoir pour pr\u00e9parer votre voyage, avec conseils pratiques et bonnes adresses \u00e0 conna\u00eetre avant de partir.\" \/>\n<meta name=\"robots\" content=\"index, follow, max-snippet:-1, max-image-preview:large, max-video-preview:-1\" \/>\n<link rel=\"canonical\" href=\"https:\/\/lefouduvoyage.fr\/blog\/a-la-une\/vacances-aout-destinations-hors-des-sentiers-battus\/\" \/>\n<meta property=\"og:locale\" content=\"fr_FR\" \/>\n<meta property=\"og:type\" content=\"article\" \/>\n<meta property=\"og:title\" content=\"Vacances d&#039;ao\u00fbt : destinations hors des sentiers battus\" \/>\n<meta property=\"og:description\" content=\"Vacances d&#039;ao\u00fbt : tout ce qu&#039;il faut savoir pour pr\u00e9parer votre voyage, avec conseils pratiques et bonnes adresses \u00e0 conna\u00eetre avant de partir.\" \/>\n<meta property=\"og:url\" content=\"https:\/\/lefouduvoyage.fr\/blog\/a-la-une\/vacances-aout-destinations-hors-des-sentiers-battus\/\" \/>\n<meta property=\"og:site_name\" content=\"lefouduvoyage\" \/>\n<meta property=\"og:image\" content=\"https:\/\/lefouduvoyage.fr\/blog\/wp-content\/uploads\/2025\/07\/pag-image-687010d3ba0a5-scaled.png\" \/>\n\t<meta property=\"og:image:width\" content=\"1200\" \/>\n\t<meta property=\"og:image:height\" content=\"686\" \/>\n\t<meta property=\"og:image:type\" content=\"image\/png\" \/>\n<meta name=\"author\" content=\"Camille Rouvray\" \/>\n<meta name=\"twitter:card\" content=\"summary_large_image\" \/>\n<script type=\"application\/ld+json\" class=\"yoast-schema-graph\">{\"@context\":\"https:\/\/schema.org\",\"@graph\":[{\"@type\":\"NewsArticle\",\"@id\":\"https:\/\/lefouduvoyage.fr\/blog\/a-la-une\/vacances-aout-destinations-hors-des-sentiers-battus\/#article\",\"isPartOf\":{\"@id\":\"https:\/\/lefouduvoyage.fr\/blog\/a-la-une\/vacances-aout-destinations-hors-des-sentiers-battus\/\"},\"author\":{\"name\":\"Camille Rouvray\",\"@id\":\"https:\/\/lefouduvoyage.fr\/blog\/#\/schema\/person\/3c864cdc320801e3db34b663e7e3f816\"},\"headline\":\"Vacances ao\u00fbt : destinations hors des sentiers battus\",\"datePublished\":\"2025-07-14T08:00:00+00:00\",\"dateModified\":\"2025-07-16T19:17:45+00:00\",\"mainEntityOfPage\":{\"@id\":\"https:\/\/lefouduvoyage.fr\/blog\/a-la-une\/vacances-aout-destinations-hors-des-sentiers-battus\/\"},\"wordCount\":1139,\"commentCount\":0,\"publisher\":{\"@id\":\"https:\/\/lefouduvoyage.fr\/blog\/#organization\"},\"image\":{\"@id\":\"https:\/\/lefouduvoyage.fr\/blog\/a-la-une\/vacances-aout-destinations-hors-des-sentiers-battus\/#primaryimage\"},\"thumbnailUrl\":\"https:\/\/lefouduvoyage.fr\/blog\/wp-content\/uploads\/2025\/07\/pag-image-687010d3ba0a5-scaled.png\",\"keywords\":[\"destinations insolites\",\"hors sentiers\",\"vacances ete\"],\"articleSection\":[\"\u00c0 la une\"],\"inLanguage\":\"fr-FR\",\"potentialAction\":[{\"@type\":\"CommentAction\",\"name\":\"Comment\",\"target\":[\"https:\/\/lefouduvoyage.fr\/blog\/a-la-une\/vacances-aout-destinations-hors-des-sentiers-battus\/#respond\"]}]},{\"@type\":\"WebPage\",\"@id\":\"https:\/\/lefouduvoyage.fr\/blog\/a-la-une\/vacances-aout-destinations-hors-des-sentiers-battus\/\",\"url\":\"https:\/\/lefouduvoyage.fr\/blog\/a-la-une\/vacances-aout-destinations-hors-des-sentiers-battus\/\",\"name\":\"Vacances d'ao\u00fbt : destinations hors des sentiers battus\",\"isPartOf\":{\"@id\":\"https:\/\/lefouduvoyage.fr\/blog\/#website\"},\"primaryImageOfPage\":{\"@id\":\"https:\/\/lefouduvoyage.fr\/blog\/a-la-une\/vacances-aout-destinations-hors-des-sentiers-battus\/#primaryimage\"},\"image\":{\"@id\":\"https:\/\/lefouduvoyage.fr\/blog\/a-la-une\/vacances-aout-destinations-hors-des-sentiers-battus\/#primaryimage\"},\"thumbnailUrl\":\"https:\/\/lefouduvoyage.fr\/blog\/wp-content\/uploads\/2025\/07\/pag-image-687010d3ba0a5-scaled.png\",\"datePublished\":\"2025-07-14T08:00:00+00:00\",\"dateModified\":\"2025-07-16T19:17:45+00:00\",\"description\":\"Vacances d'ao\u00fbt : tout ce qu'il faut savoir pour pr\u00e9parer votre voyage, avec conseils pratiques et bonnes adresses \u00e0 conna\u00eetre avant de partir.\",\"inLanguage\":\"fr-FR\",\"potentialAction\":[{\"@type\":\"ReadAction\",\"target\":[\"https:\/\/lefouduvoyage.fr\/blog\/a-la-une\/vacances-aout-destinations-hors-des-sentiers-battus\/\"]}]},{\"@type\":\"ImageObject\",\"inLanguage\":\"fr-FR\",\"@id\":\"https:\/\/lefouduvoyage.fr\/blog\/a-la-une\/vacances-aout-destinations-hors-des-sentiers-battus\/#primaryimage\",\"url\":\"https:\/\/lefouduvoyage.fr\/blog\/wp-content\/uploads\/2025\/07\/pag-image-687010d3ba0a5-scaled.png\",\"contentUrl\":\"https:\/\/lefouduvoyage.fr\/blog\/wp-content\/uploads\/2025\/07\/pag-image-687010d3ba0a5-scaled.png\",\"width\":1200,\"height\":686,\"caption\":\"Image g\u00e9n\u00e9r\u00e9e par IA optimis\u00e9e pour Google Discover\"},{\"@type\":\"WebSite\",\"@id\":\"https:\/\/lefouduvoyage.fr\/blog\/#website\",\"url\":\"https:\/\/lefouduvoyage.fr\/blog\/\",\"name\":\"Le Fou du Voyage\",\"description\":\"Le Fou du Voyage, l&#039;aventure sans limites\",\"publisher\":{\"@id\":\"https:\/\/lefouduvoyage.fr\/blog\/#organization\"},\"alternateName\":\"Le Fou du Voyage, l'aventure sans limites\",\"potentialAction\":[{\"@type\":\"SearchAction\",\"target\":{\"@type\":\"EntryPoint\",\"urlTemplate\":\"https:\/\/lefouduvoyage.fr\/blog\/?s={search_term_string}\"},\"query-input\":{\"@type\":\"PropertyValueSpecification\",\"valueRequired\":true,\"valueName\":\"search_term_string\"}}],\"inLanguage\":\"fr-FR\"},{\"@type\":\"Organization\",\"@id\":\"https:\/\/lefouduvoyage.fr\/blog\/#organization\",\"name\":\"Le Fou du Voyage\",\"alternateName\":\"Le Fou du Voyage\",\"url\":\"https:\/\/lefouduvoyage.fr\/blog\/\",\"logo\":{\"@type\":\"ImageObject\",\"inLanguage\":\"fr-FR\",\"@id\":\"https:\/\/lefouduvoyage.fr\/blog\/#\/schema\/logo\/image\/\",\"url\":\"https:\/\/lefouduvoyage.fr\/blog\/wp-content\/uploads\/2024\/12\/48.png\",\"contentUrl\":\"https:\/\/lefouduvoyage.fr\/blog\/wp-content\/uploads\/2024\/12\/48.png\",\"width\":500,\"height\":500,\"caption\":\"Le Fou du Voyage\"},\"image\":{\"@id\":\"https:\/\/lefouduvoyage.fr\/blog\/#\/schema\/logo\/image\/\"}},{\"@type\":\"Person\",\"@id\":\"https:\/\/lefouduvoyage.fr\/blog\/#\/schema\/person\/3c864cdc320801e3db34b663e7e3f816\",\"name\":\"Camille Rouvray\",\"image\":{\"@type\":\"ImageObject\",\"inLanguage\":\"fr-FR\",\"@id\":\"https:\/\/lefouduvoyage.fr\/blog\/#\/schema\/person\/image\/\",\"url\":\"https:\/\/lefouduvoyage.fr\/blog\/wp-content\/uploads\/2026\/06\/persona_camille-r-96x96.jpg\",\"contentUrl\":\"https:\/\/lefouduvoyage.fr\/blog\/wp-content\/uploads\/2026\/06\/persona_camille-r-96x96.jpg\",\"caption\":\"Camille Rouvray\"},\"description\":\"Je voyage et j'\u00e9cris sur le voyage depuis une douzaine d'ann\u00e9es, d'abord en tant que routarde au long cours, puis comme r\u00e9dactrice sp\u00e9cialis\u00e9e. Mon terrain de pr\u00e9dilection, ce sont les circuits organis\u00e9s et l'art de bien pr\u00e9parer un itin\u00e9raire : choix de la saison, dur\u00e9e r\u00e9aliste des \u00e9tapes, budget jour par jour, logement et transport sur place. J'aime aussi raconter les p\u00e9pites urbaines, ces adresses qu'on ne trouve pas dans les guides classiques. Avant de publier un dossier destination, je croise toujours plusieurs sources, je v\u00e9rifie les tarifs et les formalit\u00e9s d'entr\u00e9e \u00e0 jour, et je teste moi-m\u00eame quand je le peux. Mon angle reste pratique avant tout : aider le lecteur \u00e0 partir l'esprit tranquille, sans mauvaise surprise une fois sur place. Je m'attache \u00e0 distinguer le coup de c\u0153ur sinc\u00e8re du simple argument marketing.\",\"sameAs\":[\"https:\/\/camillerouvray.fr\/\"],\"url\":\"https:\/\/lefouduvoyage.fr\/blog\/auteur\/noname\/\"}]}<\/script>\n<!-- \/ Yoast SEO Premium plugin. -->","yoast_head_json":{"title":"Vacances d'ao\u00fbt : destinations hors des sentiers battus","description":"Vacances d'ao\u00fbt : tout ce qu'il faut savoir pour pr\u00e9parer votre voyage, avec conseils pratiques et bonnes adresses \u00e0 conna\u00eetre avant de partir.","robots":{"index":"index","follow":"follow","max-snippet":"max-snippet:-1","max-image-preview":"max-image-preview:large","max-video-preview":"max-video-preview:-1"},"canonical":"https:\/\/lefouduvoyage.fr\/blog\/a-la-une\/vacances-aout-destinations-hors-des-sentiers-battus\/","og_locale":"fr_FR","og_type":"article","og_title":"Vacances d'ao\u00fbt : destinations hors des sentiers battus","og_description":"Vacances d'ao\u00fbt : tout ce qu'il faut savoir pour pr\u00e9parer votre voyage, avec conseils pratiques et bonnes adresses \u00e0 conna\u00eetre avant de partir.","og_url":"https:\/\/lefouduvoyage.fr\/blog\/a-la-une\/vacances-aout-destinations-hors-des-sentiers-battus\/","og_site_name":"lefouduvoyage","og_image":[{"width":1200,"height":686,"url":"https:\/\/lefouduvoyage.fr\/blog\/wp-content\/uploads\/2025\/07\/pag-image-687010d3ba0a5-scaled.png","type":"image\/png"}],"author":"Camille Rouvray","twitter_card":"summary_large_image","schema":{"@context":"https:\/\/schema.org","@graph":[{"@type":"NewsArticle","@id":"https:\/\/lefouduvoyage.fr\/blog\/a-la-une\/vacances-aout-destinations-hors-des-sentiers-battus\/#article","isPartOf":{"@id":"https:\/\/lefouduvoyage.fr\/blog\/a-la-une\/vacances-aout-destinations-hors-des-sentiers-battus\/"},"author":{"name":"Camille Rouvray","@id":"https:\/\/lefouduvoyage.fr\/blog\/#\/schema\/person\/3c864cdc320801e3db34b663e7e3f816"},"headline":"Vacances ao\u00fbt : destinations hors des sentiers battus","datePublished":"2025-07-14T08:00:00+00:00","dateModified":"2025-07-16T19:17:45+00:00","mainEntityOfPage":{"@id":"https:\/\/lefouduvoyage.fr\/blog\/a-la-une\/vacances-aout-destinations-hors-des-sentiers-battus\/"},"wordCount":1139,"commentCount":0,"publisher":{"@id":"https:\/\/lefouduvoyage.fr\/blog\/#organization"},"image":{"@id":"https:\/\/lefouduvoyage.fr\/blog\/a-la-une\/vacances-aout-destinations-hors-des-sentiers-battus\/#primaryimage"},"thumbnailUrl":"https:\/\/lefouduvoyage.fr\/blog\/wp-content\/uploads\/2025\/07\/pag-image-687010d3ba0a5-scaled.png","keywords":["destinations insolites","hors sentiers","vacances ete"],"articleSection":["\u00c0 la une"],"inLanguage":"fr-FR","potentialAction":[{"@type":"CommentAction","name":"Comment","target":["https:\/\/lefouduvoyage.fr\/blog\/a-la-une\/vacances-aout-destinations-hors-des-sentiers-battus\/#respond"]}]},{"@type":"WebPage","@id":"https:\/\/lefouduvoyage.fr\/blog\/a-la-une\/vacances-aout-destinations-hors-des-sentiers-battus\/","url":"https:\/\/lefouduvoyage.fr\/blog\/a-la-une\/vacances-aout-destinations-hors-des-sentiers-battus\/","name":"Vacances d'ao\u00fbt : destinations hors des sentiers battus","isPartOf":{"@id":"https:\/\/lefouduvoyage.fr\/blog\/#website"},"primaryImageOfPage":{"@id":"https:\/\/lefouduvoyage.fr\/blog\/a-la-une\/vacances-aout-destinations-hors-des-sentiers-battus\/#primaryimage"},"image":{"@id":"https:\/\/lefouduvoyage.fr\/blog\/a-la-une\/vacances-aout-destinations-hors-des-sentiers-battus\/#primaryimage"},"thumbnailUrl":"https:\/\/lefouduvoyage.fr\/blog\/wp-content\/uploads\/2025\/07\/pag-image-687010d3ba0a5-scaled.png","datePublished":"2025-07-14T08:00:00+00:00","dateModified":"2025-07-16T19:17:45+00:00","description":"Vacances d'ao\u00fbt : tout ce qu'il faut savoir pour pr\u00e9parer votre voyage, avec conseils pratiques et bonnes adresses \u00e0 conna\u00eetre avant de partir.","inLanguage":"fr-FR","potentialAction":[{"@type":"ReadAction","target":["https:\/\/lefouduvoyage.fr\/blog\/a-la-une\/vacances-aout-destinations-hors-des-sentiers-battus\/"]}]},{"@type":"ImageObject","inLanguage":"fr-FR","@id":"https:\/\/lefouduvoyage.fr\/blog\/a-la-une\/vacances-aout-destinations-hors-des-sentiers-battus\/#primaryimage","url":"https:\/\/lefouduvoyage.fr\/blog\/wp-content\/uploads\/2025\/07\/pag-image-687010d3ba0a5-scaled.png","contentUrl":"https:\/\/lefouduvoyage.fr\/blog\/wp-content\/uploads\/2025\/07\/pag-image-687010d3ba0a5-scaled.png","width":1200,"height":686,"caption":"Image g\u00e9n\u00e9r\u00e9e par IA optimis\u00e9e pour Google Discover"},{"@type":"WebSite","@id":"https:\/\/lefouduvoyage.fr\/blog\/#website","url":"https:\/\/lefouduvoyage.fr\/blog\/","name":"Le Fou du Voyage","description":"Le Fou du Voyage, l&#039;aventure sans limites","publisher":{"@id":"https:\/\/lefouduvoyage.fr\/blog\/#organization"},"alternateName":"Le Fou du Voyage, l'aventure sans limites","potentialAction":[{"@type":"SearchAction","target":{"@type":"EntryPoint","urlTemplate":"https:\/\/lefouduvoyage.fr\/blog\/?s={search_term_string}"},"query-input":{"@type":"PropertyValueSpecification","valueRequired":true,"valueName":"search_term_string"}}],"inLanguage":"fr-FR"},{"@type":"Organization","@id":"https:\/\/lefouduvoyage.fr\/blog\/#organization","name":"Le Fou du Voyage","alternateName":"Le Fou du Voyage","url":"https:\/\/lefouduvoyage.fr\/blog\/","logo":{"@type":"ImageObject","inLanguage":"fr-FR","@id":"https:\/\/lefouduvoyage.fr\/blog\/#\/schema\/logo\/image\/","url":"https:\/\/lefouduvoyage.fr\/blog\/wp-content\/uploads\/2024\/12\/48.png","contentUrl":"https:\/\/lefouduvoyage.fr\/blog\/wp-content\/uploads\/2024\/12\/48.png","width":500,"height":500,"caption":"Le Fou du Voyage"},"image":{"@id":"https:\/\/lefouduvoyage.fr\/blog\/#\/schema\/logo\/image\/"}},{"@type":"Person","@id":"https:\/\/lefouduvoyage.fr\/blog\/#\/schema\/person\/3c864cdc320801e3db34b663e7e3f816","name":"Camille Rouvray","image":{"@type":"ImageObject","inLanguage":"fr-FR","@id":"https:\/\/lefouduvoyage.fr\/blog\/#\/schema\/person\/image\/","url":"https:\/\/lefouduvoyage.fr\/blog\/wp-content\/uploads\/2026\/06\/persona_camille-r-96x96.jpg","contentUrl":"https:\/\/lefouduvoyage.fr\/blog\/wp-content\/uploads\/2026\/06\/persona_camille-r-96x96.jpg","caption":"Camille Rouvray"},"description":"Je voyage et j'\u00e9cris sur le voyage depuis une douzaine d'ann\u00e9es, d'abord en tant que routarde au long cours, puis comme r\u00e9dactrice sp\u00e9cialis\u00e9e. Mon terrain de pr\u00e9dilection, ce sont les circuits organis\u00e9s et l'art de bien pr\u00e9parer un itin\u00e9raire : choix de la saison, dur\u00e9e r\u00e9aliste des \u00e9tapes, budget jour par jour, logement et transport sur place. J'aime aussi raconter les p\u00e9pites urbaines, ces adresses qu'on ne trouve pas dans les guides classiques. Avant de publier un dossier destination, je croise toujours plusieurs sources, je v\u00e9rifie les tarifs et les formalit\u00e9s d'entr\u00e9e \u00e0 jour, et je teste moi-m\u00eame quand je le peux. Mon angle reste pratique avant tout : aider le lecteur \u00e0 partir l'esprit tranquille, sans mauvaise surprise une fois sur place. Je m'attache \u00e0 distinguer le coup de c\u0153ur sinc\u00e8re du simple argument marketing.","sameAs":["https:\/\/camillerouvray.fr\/"],"url":"https:\/\/lefouduvoyage.fr\/blog\/auteur\/noname\/"}]}},"_links":{"self":[{"href":"https:\/\/lefouduvoyage.fr\/blog\/wp-json\/wp\/v2\/posts\/7775","targetHints":{"allow":["GET"]}}],"collection":[{"href":"https:\/\/lefouduvoyage.fr\/blog\/wp-json\/wp\/v2\/posts"}],"about":[{"href":"https:\/\/lefouduvoyage.fr\/blog\/wp-json\/wp\/v2\/types\/post"}],"author":[{"embeddable":true,"href":"https:\/\/lefouduvoyage.fr\/blog\/wp-json\/wp\/v2\/users\/34"}],"replies":[{"embeddable":true,"href":"https:\/\/lefouduvoyage.fr\/blog\/wp-json\/wp\/v2\/comments?post=7775"}],"version-history":[{"count":1,"href":"https:\/\/lefouduvoyage.fr\/blog\/wp-json\/wp\/v2\/posts\/7775\/revisions"}],"predecessor-version":[{"id":7933,"href":"https:\/\/lefouduvoyage.fr\/blog\/wp-json\/wp\/v2\/posts\/7775\/revisions\/7933"}],"wp:featuredmedia":[{"embeddable":true,"href":"https:\/\/lefouduvoyage.fr\/blog\/wp-json\/wp\/v2\/media\/7777"}],"wp:attachment":[{"href":"https:\/\/lefouduvoyage.fr\/blog\/wp-json\/wp\/v2\/media?parent=7775"}],"wp:term":[{"taxonomy":"category","embeddable":true,"href":"https:\/\/lefouduvoyage.fr\/blog\/wp-json\/wp\/v2\/categories?post=7775"},{"taxonomy":"post_tag","embeddable":true,"href":"https:\/\/lefouduvoyage.fr\/blog\/wp-json\/wp\/v2\/tags?post=7775"}],"curies":[{"name":"wp","href":"https:\/\/api.w.org\/{rel}","templated":true}]}}