{"id":7751,"date":"2026-06-16T11:42:17","date_gmt":"2026-06-16T09:42:17","guid":{"rendered":"https:\/\/lefouduvoyage.fr\/blog\/?p=7751"},"modified":"2026-06-16T11:42:17","modified_gmt":"2026-06-16T09:42:17","slug":"festivals-ete-avignon-edimbourg-salzbourg","status":"publish","type":"post","link":"https:\/\/lefouduvoyage.fr\/blog\/a-la-une\/festivals-ete-avignon-edimbourg-salzbourg\/","title":{"rendered":"Festivals \u00e9t\u00e9 : Avignon, Edimbourg, Salzbourg"},"content":{"rendered":"<link rel=\"stylesheet\" href=\"https:\/\/fonts.googleapis.com\/css2?family=Fraunces:opsz,wght@9..144,500;9..144,600;9..144,700;9..144,900&#038;family=Inter:wght@400;500;600&#038;family=JetBrains+Mono:wght@500&#038;display=swap\">\n<style>\n.lfv-gu-wrap{font-family:'Inter',-apple-system,sans-serif;color:#2a2320;line-height:1.65;font-size:17px;max-width:840px;margin:0 auto}\n.lfv-gu-wrap h1{font-family:'Fraunces',Georgia,serif;font-weight:900;font-size:clamp(30px,4.6vw,46px);line-height:1.08;letter-spacing:-.02em;color:#231b16;margin:.2em 0 .35em}\n.lfv-gu-wrap h2{font-family:'Fraunces',Georgia,serif;font-weight:700;font-size:clamp(24px,3.2vw,34px);line-height:1.15;letter-spacing:-.015em;color:#231b16;margin:54px 0 16px}\n.lfv-gu-wrap h3{font-family:'Fraunces',Georgia,serif;font-weight:600;font-size:20px;color:#231b16;margin:26px 0 10px}\n.lfv-gu-wrap p{margin:0 0 18px}\n.lfv-gu-kicker{font-family:'JetBrains Mono',monospace;font-weight:500;font-size:12.5px;letter-spacing:.18em;text-transform:uppercase;color:#b5452d;margin:0 0 6px}\n.lfv-gu-lead{font-size:19px;line-height:1.6;color:#4a3f38;border-left:4px solid #b5452d;padding-left:18px;margin:0 0 30px}\n.lfv-gu-carnet{background:linear-gradient(180deg,#fbf3ec,#f7ece1);border:1px solid #ecd9c6;border-left:5px solid #b5452d;border-radius:14px;padding:24px 26px;margin:0 0 38px;box-shadow:0 1px 2px rgba(60,30,10,.05),0 14px 30px -18px rgba(120,60,20,.28)}\n.lfv-gu-carnet .lfv-gu-ct{font-family:'Fraunces',serif;font-weight:700;font-size:19px;color:#231b16;margin-bottom:14px}\n.lfv-gu-cgrid{display:grid;grid-template-columns:repeat(auto-fit,minmax(150px,1fr));gap:16px}\n.lfv-gu-citem{background:#fff;border:1px solid #efe1d3;border-radius:10px;padding:13px 15px}\n.lfv-gu-citem .lfv-gu-l{font-family:'JetBrains Mono',monospace;font-size:11px;letter-spacing:.1em;text-transform:uppercase;color:#b5452d;margin-bottom:4px}\n.lfv-gu-citem .lfv-gu-v{font-weight:600;font-size:15.5px;color:#2a2320;line-height:1.4}\n.lfv-gu-grid{display:grid;grid-template-columns:repeat(auto-fit,minmax(250px,1fr));gap:22px;margin:26px 0}\n.lfv-gu-card{background:#fff;border:1px solid #ecdccb;border-top:3px solid #b5452d;border-radius:12px;padding:22px 24px;transition:.25s ease;box-shadow:0 1px 2px rgba(60,30,10,.05),0 12px 26px -18px rgba(120,60,20,.22)}\n.lfv-gu-card:hover{transform:translateY(-3px);box-shadow:0 1px 2px rgba(60,30,10,.06),0 18px 34px -16px rgba(120,60,20,.34);border-top-color:#922f1c}\n.lfv-gu-card .lfv-gu-h{font-family:'Fraunces',serif;font-weight:700;font-size:21px;color:#231b16;margin-bottom:8px}\n.lfv-gu-card .lfv-gu-txt{font-size:15.5px;line-height:1.6;color:#473c34}\n.lfv-gu-list{margin:18px 0;padding:0;list-style:none}\n.lfv-gu-list li{position:relative;padding:7px 0 7px 26px;border-bottom:1px solid #f0e6db;font-size:16px;color:#3c332c}\n.lfv-gu-list li:last-child{border-bottom:0}\n.lfv-gu-list li::before{content:\"\u2767\";position:absolute;left:0;top:7px;color:#b5452d;font-size:14px}\n.lfv-gu-quote{font-family:'Fraunces',serif;font-style:italic;font-weight:600;font-size:clamp(22px,2.8vw,28px);line-height:1.4;color:#231b16;border-left:5px solid #b5452d;padding:6px 0 6px 24px;margin:30px 0}\n.lfv-gu-tbl{width:100%;border-collapse:collapse;margin:22px 0;border-radius:10px;overflow:hidden;border:1px solid #ecdccb;font-size:15px}\n.lfv-gu-tbl th{background:#231b16;color:#f7ece1;text-align:left;padding:11px 14px;font-family:'JetBrains Mono',monospace;font-size:12px;letter-spacing:.06em;text-transform:uppercase;font-weight:500}\n.lfv-gu-tbl td{padding:11px 14px;border-top:1px solid #efe1d3;color:#3c332c;vertical-align:top}\n.lfv-gu-tbl tr:nth-child(even) td{background:#fbf5ef}\n.lfv-gu-retain{background:#231b16;color:#f3e8dd;border-radius:14px;padding:26px 28px;margin:44px 0}\n.lfv-gu-retain .lfv-gu-rt{font-family:'Fraunces',serif;font-weight:700;font-size:21px;color:#fff;margin-bottom:14px}\n.lfv-gu-retain ul{margin:0;padding-left:0;list-style:none}\n.lfv-gu-retain li{position:relative;padding:7px 0 7px 28px;font-size:16px;line-height:1.55;border-bottom:1px solid #3a2f27}\n.lfv-gu-retain li:last-child{border-bottom:0}\n.lfv-gu-retain li::before{content:\"\u2192\";position:absolute;left:0;top:7px;color:#e88a4f;font-weight:700}\n.lfv-gu-faq{margin:30px 0 10px}\n.lfv-gu-faq details{border:1px solid #ecdccb;border-radius:10px;margin-bottom:12px;background:#fff;overflow:hidden;transition:.25s ease}\n.lfv-gu-faq details:hover{box-shadow:0 12px 26px -18px rgba(120,60,20,.3)}\n.lfv-gu-faq summary{cursor:pointer;list-style:none;padding:16px 20px;font-family:'Fraunces',serif;font-weight:600;font-size:17.5px;color:#231b16;position:relative;padding-right:46px}\n.lfv-gu-faq summary::-webkit-details-marker{display:none}\n.lfv-gu-faq summary::after{content:\"+\";position:absolute;right:20px;top:50%;transform:translateY(-50%);color:#b5452d;font-size:22px;font-weight:700;line-height:1}\n.lfv-gu-faq details[open] summary::after{content:\"\u2212\"}\n.lfv-gu-faq .lfv-gu-a{padding:0 20px 18px;font-size:15.5px;line-height:1.65;color:#473c34}\n@media(max-width:640px){.lfv-gu-wrap{font-size:16px}}\n\/*RENDERFIX2*\/.lfv-gu-tbl th{color:#eef3f9!important}.lfv-gu-tbl th p,.lfv-gu-tbl th li,.lfv-gu-tbl th strong,.lfv-gu-tbl th em,.lfv-gu-tbl th a,.lfv-gu-tbl th span,.lfv-gu-tbl th b,.lfv-gu-tbl th td,.lfv-gu-tbl th th,.lfv-gu-tbl th h2,.lfv-gu-tbl th h3,.lfv-gu-tbl th h4{color:#eef3f9!important}.lfv-gu-tbl th strong,.lfv-gu-tbl th b{color:#ffffff!important}.lfv-gu-retain{color:#eef3f9!important}.lfv-gu-retain p,.lfv-gu-retain li,.lfv-gu-retain strong,.lfv-gu-retain em,.lfv-gu-retain a,.lfv-gu-retain span,.lfv-gu-retain b,.lfv-gu-retain td,.lfv-gu-retain th,.lfv-gu-retain h2,.lfv-gu-retain h3,.lfv-gu-retain h4{color:#eef3f9!important}.lfv-gu-retain strong,.lfv-gu-retain b{color:#ffffff!important}<\/style>\n<div class=\"lfv-gu-wrap\">\n<div class=\"lfv-gu-kicker\">Carnet culture \u00b7 \u00c9t\u00e9 en Europe<\/div>\n<h1>Festivals d\u2019\u00e9t\u00e9 majeurs : plong\u00e9e dans Avignon, \u00c9dimbourg et Salzbourg<\/h1>\n<div class=\"lfv-gu-lead\">Trois villes, trois esprits, un m\u00eame mois de ferveur. Avignon le th\u00e9\u00e2tre, \u00c9dimbourg la libert\u00e9 sc\u00e9nique, Salzbourg la musique classique : ce carnet vous emm\u00e8ne au c\u0153ur des trois grands rendez-vous estivaux de la sc\u00e8ne europ\u00e9enne, avec l\u2019essentiel pour pr\u00e9parer le voyage.<\/div>\n<div class=\"lfv-gu-carnet\">\n<div class=\"lfv-gu-ct\">En un coup d\u2019\u0153il \u2014 les trois festivals<\/div>\n<div class=\"lfv-gu-cgrid\">\n<div class=\"lfv-gu-citem\">\n<div class=\"lfv-gu-l\">Avignon<\/div>\n<div class=\"lfv-gu-v\">Th\u00e9\u00e2tre &#038; spectacle vivant \u00b7 juillet \u00b7 Provence<\/div>\n<\/div>\n<div class=\"lfv-gu-citem\">\n<div class=\"lfv-gu-l\">\u00c9dimbourg<\/div>\n<div class=\"lfv-gu-v\">Festival International + Fringe \u00b7 ao\u00fbt \u00b7 \u00c9cosse<\/div>\n<\/div>\n<div class=\"lfv-gu-citem\">\n<div class=\"lfv-gu-l\">Salzbourg<\/div>\n<div class=\"lfv-gu-v\">Musique classique &#038; op\u00e9ra \u00b7 fin juillet\u2192fin ao\u00fbt \u00b7 Autriche<\/div>\n<\/div>\n<div class=\"lfv-gu-citem\">\n<div class=\"lfv-gu-l\">Point commun<\/div>\n<div class=\"lfv-gu-v\">R\u00e9server plusieurs mois \u00e0 l\u2019avance, ambiance ville-sc\u00e8ne<\/div>\n<\/div>\n<\/div>\n<\/div>\n<p>Chaque \u00e9t\u00e9, trois capitales culturelles europ\u00e9ennes se m\u00e9tamorphosent en sc\u00e8nes g\u00e9antes. Avignon, \u00c9dimbourg et Salzbourg ne se contentent pas d\u2019accueillir des spectacles : elles font corps avec leur festival, au point qu\u2019on ne peut plus dissocier la pierre des planches. Voici, ville par ville, ce qui fait leur singularit\u00e9 \u2014 et comment vivre pleinement l\u2019exp\u00e9rience.<\/p>\n<div class=\"lfv-gu-quote\">\u00ab La ville devient th\u00e9\u00e2tre, et le th\u00e9\u00e2tre devient la ville. \u00bb<\/div>\n<h2>Avignon : th\u00e9\u00e2tre contemporain et patrimoine au c\u0153ur de la Provence<\/h2>\n<p>Impossible d\u2019\u00e9voquer les <strong>grands festivals europ\u00e9ens<\/strong> sans citer le <strong>Festival d\u2019Avignon<\/strong>, confi\u00e9 pour sa 79e \u00e9dition \u00e0 des figures majeures du spectacle vivant contemporain. Programm\u00e9e <u>du 5 au 26 juillet 2025<\/u>, cette manifestation convoque chaque ann\u00e9e plus de <u>130 000 spectateurs<\/u> et mobilise plus de <strong>1 600 compagnies<\/strong> lors de son OFF (<strong>Avignon Festival &amp; Compagnies<\/strong>, secteur associatif du spectacle vivant). C\u2019est pr\u00e9cis\u00e9ment ce <strong>festival d\u2019Avignon off<\/strong> qui, en parall\u00e8le du IN officiel, fait vibrer la cit\u00e9 toute la journ\u00e9e et explique l\u2019explosion de l\u2019offre.<\/p>\n<p>V\u00e9ritable institution fond\u00e9e en <u>1947 par Jean Vilar, metteur en sc\u00e8ne visionnaire<\/u>, le festival IN investit la <strong>Cour d\u2019honneur du Palais des papes<\/strong>, lieu embl\u00e9matique class\u00e9 au <strong>patrimoine mondial de l\u2019UNESCO<\/strong>. Cette \u00e9dition 2025 est marqu\u00e9e par la pr\u00e9sence de <strong>Marlene Monteiro Freitas<\/strong>, chor\u00e9graphe cap-verdienne reconnue pour ses cr\u00e9ations puissantes et ses collaborations avec des institutions telles que le <strong>Kunstencentrum Vooruit<\/strong> (Belgique) et le <strong>Festival d\u2019Automne \u00e0 Paris<\/strong>. Particularit\u00e9 notable, la programmation 2025 met \u00e0 l\u2019honneur la <u>langue arabe<\/u> comme langue invit\u00e9e, poursuivant une tradition d\u2019ouverture internationale.<\/p>\n<ul class=\"lfv-gu-list\">\n<li><strong>Dates cl\u00e9s<\/strong> : IN et OFF du <u>5 au 26 juillet 2025<\/u><\/li>\n<li><strong>Lieux majeurs<\/strong> : <u>Cour d\u2019honneur du Palais des papes<\/u>, clo\u00eetre des C\u00e9lestins, \u00e9coles et places de la cit\u00e9<\/li>\n<li><strong>Nombre de spectacles OFF 2024<\/strong> : <u>1 617 spectacles issus de 1 316 compagnies<\/u><\/li>\n<li><strong>Projet pluridisciplinaire<\/strong> : itin\u00e9rance sur la r\u00e9gion Provence-Alpes-C\u00f4te d\u2019Azur, inclusion sociale et actions \u00e9ducatives<\/li>\n<li><strong>Artistes phares 2025<\/strong> : <u>Marlene Monteiro Freitas<\/u> (chor\u00e9graphie), <u>Anne Teresa De Keersmaeker<\/u> (danse), <u>Solal Mariotte<\/u> (musique)<\/li>\n<\/ul>\n<p>L\u2019exp\u00e9rience avignonnaise conjugue <strong>cr\u00e9ation contemporaine<\/strong>, <u>engagement soci\u00e9tal<\/u> et <u>dialogue entre g\u00e9n\u00e9rations artistiques<\/u>. La ville, m\u00e9tamorphos\u00e9e en sc\u00e8ne g\u00e9ante, accueille des d\u00e9bats, ateliers et rencontres internationales, tout en maintenant un lien fort avec ses racines proven\u00e7ales et son patrimoine architectural. Les temp\u00e9ratures pouvant d\u00e9passer <u>35\u00b0C<\/u> en juillet, l\u2019ambiance est \u00e0 la fois chaleureuse et survolt\u00e9e, avec des ruelles investies du matin jusqu\u2019\u00e0 tard dans la nuit. \u00c0 nos yeux, Avignon demeure un laboratoire vivant pour le th\u00e9\u00e2tre d\u2019aujourd\u2019hui, o\u00f9 chaque \u00e9dition fa\u00e7onne le futur des arts de la sc\u00e8ne.<\/p>\n<h2>\u00c9dimbourg : explosion artistique dans la capitale \u00e9cossaise<\/h2>\n<p>Se rendre \u00e0 <strong>\u00c9dimbourg<\/strong> en ao\u00fbt, c\u2019est d\u00e9couvrir la capitale de l\u2019\u00c9cosse transfigur\u00e9e par le <strong>Festival International d\u2019\u00c9dimbourg<\/strong> et son <strong>Fringe<\/strong>, l\u2019\u00e9v\u00e9nement artistique le plus vaste au monde. Fond\u00e9 en <u>1947 par Rudolf Bing<\/u>, alors surintendant du <strong>Metropolitan Opera<\/strong> de New York, le Festival International f\u00e9d\u00e8re aujourd\u2019hui plus de <u>3 millions de visiteurs venus de 70 pays<\/u> chaque \u00e9t\u00e9.<\/p>\n<p>L\u2019innovation, l\u2019audace et l\u2019\u00e9clectisme nourrissent l\u2019esprit du festival. Incontournable, le <strong>Fringe<\/strong> d\u2019Edimbourg accueille pr\u00e8s de <u>60 000 repr\u00e9sentations, issues de 3 500 compagnies<\/u> selon les chiffres 2024. Il propose une libert\u00e9 totale d\u2019expression, sans comit\u00e9 de s\u00e9lection, permettant autant \u00e0 des figures consacr\u00e9es comme <strong>Emma Rice<\/strong> (metteuse en sc\u00e8ne britannique) qu\u2019\u00e0 des collectifs \u00e9mergents venus de <strong>Sydney<\/strong> ou de <strong>Tokyo<\/strong>, de pr\u00e9senter leur travail.<\/p>\n<ul class=\"lfv-gu-list\">\n<li><strong>P\u00e9riode phare<\/strong> : les <u>3 premi\u00e8res semaines d\u2019ao\u00fbt<\/u>, align\u00e9es avec le Festival International, le Fringe, le Military Tattoo et le Book Festival<\/li>\n<li><strong>R\u00e9seau de lieux<\/strong> : <u>Royal Mile<\/u>, <u>Assembly Hall<\/u>, <u>Traverse Theatre<\/u><\/li>\n<li><strong>Ambiance urbaine<\/strong> : <u>performances de rue<\/u> sur le Royal Mile, d\u00e9ambulations nocturnes, cr\u00e9ations in situ dans des pubs et jardins publics<\/li>\n<li><strong>\u00c9v\u00e9nements majeurs<\/strong> : <u>Royal Edinburgh Military Tattoo<\/u> sur l\u2019esplanade du ch\u00e2teau, <u>International Book Festival<\/u> \u00e0 Charlotte Square<\/li>\n<li><strong>Langues utilis\u00e9es<\/strong> : <u>anglais, ga\u00e9lique \u00e9cossais, langues \u00e9trang\u00e8res port\u00e9es par les troupes internationales<\/u><\/li>\n<\/ul>\n<p>L\u2019exp\u00e9rience est immersive et r\u00e9solument cosmopolite, caract\u00e9ris\u00e9e par la tol\u00e9rance et l\u2019innovation. Les ruelles m\u00e9di\u00e9vales de la <strong>Vieille Ville d\u2019\u00c9dimbourg<\/strong> deviennent th\u00e9\u00e2tre de toutes les exp\u00e9rimentations, du mime au th\u00e9\u00e2tre documentaire, en passant par la danse urbaine et le cirque a\u00e9rien. \u00c0 notre avis, le dynamisme et la diversit\u00e9 du Fringe surpassent toute autre exp\u00e9rience, consacrant \u00c9dimbourg comme capitale mondiale de la cr\u00e9ation artistique ind\u00e9pendante. L\u2019offre d\u00e9passe largement le simple spectacle : concerts, lectures publiques, ateliers participatifs et laboratoires d\u2019id\u00e9es rythment le festival, offrant un aper\u00e7u rare du foisonnement culturel \u00e9cossais.<\/p>\n<h2>Salzbourg : la musique classique subjugue les Alpes autrichiennes<\/h2>\n<p><strong>Salzbourg<\/strong>, haut-lieu de la culture autrichienne, accueille chaque \u00e9t\u00e9 le <strong>Salzburger Festspiele<\/strong>. Fond\u00e9 en <u>1920 par Hugo von Hofmannsthal, Max Reinhardt et Richard Strauss<\/u>, ce festival s\u2019est impos\u00e9 comme r\u00e9f\u00e9rence mondiale en <strong>musique classique<\/strong> et <strong>art lyrique<\/strong>. La ville, inscrite au patrimoine mondial de l\u2019UNESCO pour sa <u>Vieille Ville baroque<\/u>, voit affluer chaque ann\u00e9e plus de <u>250 000 visiteurs<\/u> pour une programmation de prestige.<\/p>\n<p>Le <strong>Festival de Salzbourg<\/strong> convie l\u2019\u00e9lite des artistes internationaux : le chef <strong>Riccardo Muti<\/strong>, la soprano <strong>Anna Netrebko<\/strong>, l\u2019orchestre du <strong>Wiener Philharmoniker<\/strong> ou le metteur en sc\u00e8ne <strong>Romeo Castellucci<\/strong>. La programmation 2025 s\u2019articule autour de <u>l\u2019op\u00e9ra, de la musique symphonique<\/u> et du <u>th\u00e9\u00e2tre contemporain<\/u>, avec <strong>plus de 200 repr\u00e9sentations<\/strong> r\u00e9parties dans des lieux mythiques (<strong>Gro\u00dfes Festspielhaus<\/strong>, <strong>Felsenreitschule<\/strong>, <strong>Cath\u00e9drale Saint-Rupert<\/strong>). Les cr\u00e9ations contemporaines dialoguent avec les chefs-d\u2019\u0153uvre de <strong>Wolfgang Amadeus Mozart<\/strong>, compositeur natif de la ville.<\/p>\n<ul class=\"lfv-gu-list\">\n<li><strong>P\u00e9riode<\/strong> : <u>de fin juillet \u00e0 fin ao\u00fbt<\/u><\/li>\n<li><strong>Budget moyen<\/strong> : <u>plus de 60 millions d\u2019euros en 2023<\/u><\/li>\n<li><strong>Partenaires majeurs<\/strong> : <strong>Rolex SA<\/strong> (horlogerie), <strong>Siemens AG<\/strong> (technologie)<\/li>\n<li><strong>Innovations r\u00e9centes<\/strong> : <u>streaming en direct<\/u>, <u>cr\u00e9ations num\u00e9riques<\/u>, r\u00e9sidences pour jeunes compositeurs<\/li>\n<li><strong>Accessibilit\u00e9<\/strong> : <u>billets de 10 \u00e0 500\u20ac<\/u> selon les cat\u00e9gories<\/li>\n<\/ul>\n<p>L\u2019ambiance \u00e0 Salzbourg se distingue par son raffinement, la concentration extr\u00eame de talents et la beaut\u00e9 du cadre : fl\u00e2ner sur les rives de la Salzach ou visiter la <strong>maison de Mozart<\/strong> apr\u00e8s un r\u00e9cital renforce la magie du s\u00e9jour. L\u2019exp\u00e9rience atteint son apog\u00e9e lors d\u2019un op\u00e9ra dans la cath\u00e9drale historique, avec une acoustique exceptionnelle, ou lors d\u2019un concert au lever du soleil sur la forteresse. Pour nous, ce festival demeure un sommet d\u2019exigence musicale o\u00f9 tradition, excellence et innovation s\u2019entrelacent au c\u0153ur des Alpes autrichiennes.<\/p>\n<h2>Conseils pratiques et atmosph\u00e8re estivale dans les villes de festivals<\/h2>\n<p>Participer \u00e0 ces festivals majeurs exige pr\u00e9paration et sens de l\u2019anticipation. La forte demande en h\u00e9bergement et la fr\u00e9quentation croissante d\u00e9placent rapidement les indices de prix et la disponibilit\u00e9 des h\u00e9bergements. Que vous cherchiez le programme du festival d\u2019Avignon, une place au Fringe ou un fauteuil d\u2019op\u00e9ra \u00e0 Salzbourg, il est crucial de planifier votre s\u00e9jour.<\/p>\n<table class=\"lfv-gu-tbl\">\n<tr>\n<th>Ville<\/th>\n<th>Quand<\/th>\n<th>Climat \u00e0 pr\u00e9voir<\/th>\n<\/tr>\n<tr>\n<td>Avignon<\/td>\n<td>5\u201326 juillet<\/td>\n<td>Canicule fr\u00e9quente, tenues l\u00e9g\u00e8res<\/td>\n<\/tr>\n<tr>\n<td>\u00c9dimbourg<\/td>\n<td>3 premi\u00e8res semaines d\u2019ao\u00fbt<\/td>\n<td>Coupe-vent et v\u00eatements chauds<\/td>\n<\/tr>\n<tr>\n<td>Salzbourg<\/td>\n<td>Fin juillet \u2192 fin ao\u00fbt<\/td>\n<td>Variable, averses possibles, soir\u00e9es fra\u00eeches<\/td>\n<\/tr>\n<\/table>\n<ul class=\"lfv-gu-list\">\n<li><strong>R\u00e9servation<\/strong> : <u>effectuer les r\u00e9servations de billets et d\u2019h\u00f4tels plusieurs mois \u00e0 l\u2019avance<\/u> (les places les moins ch\u00e8res partent en quelques heures apr\u00e8s l\u2019ouverture de la billetterie)<\/li>\n<li><strong>H\u00e9bergement<\/strong> : <u>appartements de courte dur\u00e9e (Airbnb, Abritel), h\u00f4tels partenaires, auberges et chambres d\u2019h\u00f4tes labellis\u00e9es<\/u> sont pris\u00e9s, avec des tarifs multipli\u00e9s par 2 \u00e0 4 pendant les festivals<\/li>\n<li><strong>Transport<\/strong> : <u>trains directs<\/u> (TGV Paris-Avignon, Eurostar Londres-\u00c9dimbourg, Railjet Munich-Salzbourg), <u>navettes locales<\/u> adapt\u00e9es aux horaires des spectacles, <strong>mobilit\u00e9 douce<\/strong> privil\u00e9gi\u00e9e (v\u00e9lo, marche, transports \u00e9lectriques)<\/li>\n<li><strong>Conditions estivales<\/strong> : <u>privil\u00e9gier des tenues l\u00e9g\u00e8res pour Avignon<\/u> (canicule fr\u00e9quente), <u>pr\u00e9voir coupe-vent et v\u00eatements chauds pour \u00c9dimbourg<\/u>, <u>pr\u00e9voir une garde-robe mixte pour Salzbourg<\/u> (temp\u00e9ratures variables, averses possibles, soir\u00e9es fra\u00eeches)<\/li>\n<li><strong>Vie locale<\/strong> : les festivals sont l\u2019occasion de s\u2019initier \u00e0 la <u>gastronomie proven\u00e7ale<\/u> (tapenade, vins des C\u00f4tes-du-Rh\u00f4ne), \u00e0 la <u>cuisine \u00e9cossaise<\/u> (haggis, whisky single malt) ou aux <u>sp\u00e9cialit\u00e9s autrichiennes<\/u> (sachertorte, schnitzel)<\/li>\n<\/ul>\n<p>L\u2019ambiance dans ces trois villes oscille entre ferveur, convivialit\u00e9 et esprit d\u2019ouverture. \u00c0 Avignon, la d\u00e9ambulation nocturne dans les rues illumin\u00e9es, la pr\u00e9sence de <strong>performances impromptues<\/strong> et la diversit\u00e9 des publics cr\u00e9ent une effervescence in\u00e9dite. \u00c0 \u00c9dimbourg, la cr\u00e9ativit\u00e9 d\u00e9borde des salles, les \u00e9changes avec les artistes se prolongent dans les pubs historiques, et l\u2019accueil des \u00c9cossais surprend par sa chaleur. Salzbourg, quant \u00e0 elle, brille par la qualit\u00e9 de ses \u00e9v\u00e9nements et la beaut\u00e9 de son patrimoine, offrant une exp\u00e9rience o\u00f9 le luxe discret c\u00f4toie l\u2019intensit\u00e9 artistique.<\/p>\n<p>Selon notre point de vue, vivre un \u00e9t\u00e9 festivalier dans ces capitales culturelles permet non seulement d\u2019acc\u00e9der \u00e0 la cr\u00e8me de la cr\u00e9ation internationale, mais aussi de s\u2019immerger dans des atmosph\u00e8res distinctes qui stimulent l\u2019esprit et enrichissent l\u2019exp\u00e9rience du voyage.<\/p>\n<div class=\"lfv-gu-retain\">\n<div class=\"lfv-gu-rt\">\u00c0 retenir<\/div>\n<ul>\n<li><strong>Avignon<\/strong> en juillet pour le th\u00e9\u00e2tre et le spectacle vivant, entre IN dans la Cour d\u2019honneur et un OFF foisonnant (le <strong>festival d\u2019Avignon off<\/strong>).<\/li>\n<li><strong>\u00c9dimbourg<\/strong> sur les trois premi\u00e8res semaines d\u2019ao\u00fbt pour le Fringe, plus vaste \u00e9v\u00e9nement artistique au monde, sans comit\u00e9 de s\u00e9lection.<\/li>\n<li><strong>Salzbourg<\/strong> de fin juillet \u00e0 fin ao\u00fbt pour l\u2019op\u00e9ra et la musique classique au plus haut niveau, dans des lieux baroques mythiques.<\/li>\n<li>R\u00e9servez billets et h\u00e9bergement <strong>plusieurs mois \u00e0 l\u2019avance<\/strong> : les tarifs grimpent et les bonnes places s\u2019\u00e9puisent vite.<\/li>\n<li>Adaptez votre garde-robe ville par ville : canicule \u00e0 Avignon, v\u00eatements chauds \u00e0 \u00c9dimbourg, garde-robe mixte \u00e0 Salzbourg.<\/li>\n<\/ul>\n<\/div>\n<h2>Questions fr\u00e9quentes sur le festival d\u2019Avignon<\/h2>\n<div class=\"lfv-gu-faq\">\n<details>\n<summary>Qui est \u00e0 l\u2019origine du festival d\u2019Avignon ?<\/summary>\n<div class=\"lfv-gu-a\">Le festival d\u2019Avignon a \u00e9t\u00e9 fond\u00e9 en <strong>1947 par Jean Vilar<\/strong>, metteur en sc\u00e8ne visionnaire. C\u2019est lui qui imagina d\u2019investir la Cour d\u2019honneur du Palais des papes pour y pr\u00e9senter du th\u00e9\u00e2tre, posant les bases d\u2019une institution toujours majeure du spectacle vivant aujourd\u2019hui.<\/div>\n<\/details>\n<details>\n<summary>Quand a lieu le festival d\u2019Avignon ?<\/summary>\n<div class=\"lfv-gu-a\">Le festival se tient chaque ann\u00e9e au mois de <strong>juillet<\/strong>. Pour l\u2019\u00e9dition \u00e9voqu\u00e9e ici (la 79e), le IN comme le OFF se d\u00e9roulaient du <strong>5 au 26 juillet 2025<\/strong>. Les dates pr\u00e9cises changent \u00e0 chaque \u00e9dition : v\u00e9rifiez la programmation officielle de l\u2019ann\u00e9e qui vous int\u00e9resse avant de r\u00e9server.<\/div>\n<\/details>\n<details>\n<summary>Quel est le but du festival d\u2019Avignon ?<\/summary>\n<div class=\"lfv-gu-a\">Sa vocation est de rendre le <strong>th\u00e9\u00e2tre et le spectacle vivant accessibles au plus grand nombre<\/strong> et d\u2019en faire un laboratoire de la cr\u00e9ation contemporaine. Au-del\u00e0 des repr\u00e9sentations, il porte un projet d\u2019ouverture internationale, d\u2019inclusion sociale et d\u2019actions \u00e9ducatives, en faisant dialoguer les g\u00e9n\u00e9rations artistiques.<\/div>\n<\/details>\n<details>\n<summary>Comment participer au festival d\u2019Avignon ?<\/summary>\n<div class=\"lfv-gu-a\">On y assiste en tant que spectateur en r\u00e9servant ses billets (IN et OFF) d\u00e8s l\u2019ouverture de la billetterie, plusieurs mois \u00e0 l\u2019avance. Les compagnies, elles, participent surtout via le <strong>OFF (Avignon Festival &amp; Compagnies)<\/strong>, secteur associatif ouvert sans comit\u00e9 de s\u00e9lection, qui rassemblait plus de 1 600 compagnies.<\/div>\n<\/details>\n<details>\n<summary>O\u00f9 trouver le programme du festival d\u2019Avignon ?<\/summary>\n<div class=\"lfv-gu-a\">Le <strong>programme du festival d\u2019Avignon<\/strong> (IN comme OFF) est publi\u00e9 chaque printemps par les organisateurs, ville par ville et lieu par lieu : Cour d\u2019honneur du Palais des papes, clo\u00eetre des C\u00e9lestins, \u00e9coles et places de la cit\u00e9. Mieux vaut le consulter d\u00e8s sa sortie, car les places les moins ch\u00e8res partent en quelques heures.<\/div>\n<\/details>\n<\/div>\n<\/div>\n<hr \/>\n<div class=\"articles-lies\">\n<h3>\u00c0 lire aussi<\/h3>\n<ul>\n<li><a href=\"https:\/\/lefouduvoyage.fr\/blog\/a-la-une\/comprendre-en-profondeur-la-categorie-club-4-en-concours-equestre\/\">Comprendre en profondeur la cat\u00e9gorie Club 4 en concours \u00e9questre<\/a><\/li>\n<li><a href=\"https:\/\/lefouduvoyage.fr\/blog\/a-la-une\/plages-europe-alternatives-aux-destinations-bondees\/\">Plages Europe : alternatives aux destinations bond\u00e9es<\/a><\/li>\n<li><a href=\"https:\/\/lefouduvoyage.fr\/blog\/a-la-une\/canada-ete-parcs-nationaux-et-villes\/\">Canada \u00e9t\u00e9 : parcs nationaux et villes<\/a><\/li>\n<li><a href=\"https:\/\/lefouduvoyage.fr\/blog\/a-la-une\/baltiques-ete-tallinn-riga-vilnius\/\">Baltiques \u00e9t\u00e9 : Tallinn, Riga, Vilnius<\/a><\/li>\n<\/ul>\n<\/div>\n","protected":false},"excerpt":{"rendered":"","protected":false},"author":34,"featured_media":7753,"comment_status":"open","ping_status":"open","sticky":false,"template":"","format":"standard","meta":{"_acf_changed":false,"manual_indexmenow":false,"indexmenow_id_project":0,"footnotes":""},"categories":[1],"tags":[4864,4865,4863],"class_list":["post-7751","post","type-post","status-publish","format-standard","has-post-thumbnail","hentry","category-a-la-une","tag-avignon","tag-edimbourg","tag-festivals-ete","generate-columns","tablet-grid-50","mobile-grid-100","grid-parent","grid-25"],"acf":[],"yoast_head":"<!-- This site is optimized with the Yoast SEO Premium plugin v21.3 (Yoast SEO v26.5) - https:\/\/yoast.com\/wordpress\/plugins\/seo\/ -->\n<title>Festivals d&#039;\u00e9t\u00e9 en Europe : Avignon, \u00c9dimbourg, Salzbourg<\/title>\n<meta name=\"description\" content=\"Festivals d&#039;\u00e9t\u00e9 en Europe : tout savoir avant de partir, conseils, incontournables et bons plans r\u00e9unis dans notre guide voyage.\" \/>\n<meta name=\"robots\" content=\"index, follow, max-snippet:-1, max-image-preview:large, max-video-preview:-1\" \/>\n<link rel=\"canonical\" href=\"https:\/\/lefouduvoyage.fr\/blog\/a-la-une\/festivals-ete-avignon-edimbourg-salzbourg\/\" \/>\n<meta property=\"og:locale\" content=\"fr_FR\" \/>\n<meta property=\"og:type\" content=\"article\" \/>\n<meta property=\"og:title\" content=\"Festivals d&#039;\u00e9t\u00e9 en Europe : Avignon, \u00c9dimbourg, Salzbourg\" \/>\n<meta property=\"og:description\" content=\"Festivals d&#039;\u00e9t\u00e9 en Europe : tout savoir avant de partir, conseils, incontournables et bons plans r\u00e9unis dans notre guide voyage.\" \/>\n<meta property=\"og:url\" content=\"https:\/\/lefouduvoyage.fr\/blog\/a-la-une\/festivals-ete-avignon-edimbourg-salzbourg\/\" \/>\n<meta property=\"og:site_name\" content=\"lefouduvoyage\" \/>\n<meta property=\"og:image\" content=\"https:\/\/lefouduvoyage.fr\/blog\/wp-content\/uploads\/2025\/07\/pag-image-68700df019940-scaled.png\" \/>\n\t<meta property=\"og:image:width\" content=\"1200\" \/>\n\t<meta property=\"og:image:height\" content=\"686\" \/>\n\t<meta property=\"og:image:type\" content=\"image\/png\" \/>\n<meta name=\"author\" content=\"Camille Rouvray\" \/>\n<meta name=\"twitter:card\" content=\"summary_large_image\" \/>\n<script type=\"application\/ld+json\" class=\"yoast-schema-graph\">{\"@context\":\"https:\/\/schema.org\",\"@graph\":[{\"@type\":\"NewsArticle\",\"@id\":\"https:\/\/lefouduvoyage.fr\/blog\/a-la-une\/festivals-ete-avignon-edimbourg-salzbourg\/#article\",\"isPartOf\":{\"@id\":\"https:\/\/lefouduvoyage.fr\/blog\/a-la-une\/festivals-ete-avignon-edimbourg-salzbourg\/\"},\"author\":{\"name\":\"Camille Rouvray\",\"@id\":\"https:\/\/lefouduvoyage.fr\/blog\/#\/schema\/person\/3c864cdc320801e3db34b663e7e3f816\"},\"headline\":\"Festivals \u00e9t\u00e9 : Avignon, Edimbourg, Salzbourg\",\"datePublished\":\"2026-06-16T09:42:17+00:00\",\"mainEntityOfPage\":{\"@id\":\"https:\/\/lefouduvoyage.fr\/blog\/a-la-une\/festivals-ete-avignon-edimbourg-salzbourg\/\"},\"wordCount\":2097,\"commentCount\":0,\"publisher\":{\"@id\":\"https:\/\/lefouduvoyage.fr\/blog\/#organization\"},\"image\":{\"@id\":\"https:\/\/lefouduvoyage.fr\/blog\/a-la-une\/festivals-ete-avignon-edimbourg-salzbourg\/#primaryimage\"},\"thumbnailUrl\":\"https:\/\/lefouduvoyage.fr\/blog\/wp-content\/uploads\/2025\/07\/pag-image-68700df019940-scaled.png\",\"keywords\":[\"avignon\",\"edimbourg\",\"festivals ete\"],\"articleSection\":[\"\u00c0 la une\"],\"inLanguage\":\"fr-FR\",\"potentialAction\":[{\"@type\":\"CommentAction\",\"name\":\"Comment\",\"target\":[\"https:\/\/lefouduvoyage.fr\/blog\/a-la-une\/festivals-ete-avignon-edimbourg-salzbourg\/#respond\"]}]},{\"@type\":\"WebPage\",\"@id\":\"https:\/\/lefouduvoyage.fr\/blog\/a-la-une\/festivals-ete-avignon-edimbourg-salzbourg\/\",\"url\":\"https:\/\/lefouduvoyage.fr\/blog\/a-la-une\/festivals-ete-avignon-edimbourg-salzbourg\/\",\"name\":\"Festivals d'\u00e9t\u00e9 en Europe : Avignon, \u00c9dimbourg, Salzbourg\",\"isPartOf\":{\"@id\":\"https:\/\/lefouduvoyage.fr\/blog\/#website\"},\"primaryImageOfPage\":{\"@id\":\"https:\/\/lefouduvoyage.fr\/blog\/a-la-une\/festivals-ete-avignon-edimbourg-salzbourg\/#primaryimage\"},\"image\":{\"@id\":\"https:\/\/lefouduvoyage.fr\/blog\/a-la-une\/festivals-ete-avignon-edimbourg-salzbourg\/#primaryimage\"},\"thumbnailUrl\":\"https:\/\/lefouduvoyage.fr\/blog\/wp-content\/uploads\/2025\/07\/pag-image-68700df019940-scaled.png\",\"datePublished\":\"2026-06-16T09:42:17+00:00\",\"description\":\"Festivals d'\u00e9t\u00e9 en Europe : tout savoir avant de partir, conseils, incontournables et bons plans r\u00e9unis dans notre guide voyage.\",\"inLanguage\":\"fr-FR\",\"potentialAction\":[{\"@type\":\"ReadAction\",\"target\":[\"https:\/\/lefouduvoyage.fr\/blog\/a-la-une\/festivals-ete-avignon-edimbourg-salzbourg\/\"]}]},{\"@type\":\"ImageObject\",\"inLanguage\":\"fr-FR\",\"@id\":\"https:\/\/lefouduvoyage.fr\/blog\/a-la-une\/festivals-ete-avignon-edimbourg-salzbourg\/#primaryimage\",\"url\":\"https:\/\/lefouduvoyage.fr\/blog\/wp-content\/uploads\/2025\/07\/pag-image-68700df019940-scaled.png\",\"contentUrl\":\"https:\/\/lefouduvoyage.fr\/blog\/wp-content\/uploads\/2025\/07\/pag-image-68700df019940-scaled.png\",\"width\":1200,\"height\":686,\"caption\":\"Image g\u00e9n\u00e9r\u00e9e par IA optimis\u00e9e pour Google Discover\"},{\"@type\":\"WebSite\",\"@id\":\"https:\/\/lefouduvoyage.fr\/blog\/#website\",\"url\":\"https:\/\/lefouduvoyage.fr\/blog\/\",\"name\":\"Le Fou du Voyage\",\"description\":\"Le Fou du Voyage, l&#039;aventure sans limites\",\"publisher\":{\"@id\":\"https:\/\/lefouduvoyage.fr\/blog\/#organization\"},\"alternateName\":\"Le Fou du Voyage, l'aventure sans limites\",\"potentialAction\":[{\"@type\":\"SearchAction\",\"target\":{\"@type\":\"EntryPoint\",\"urlTemplate\":\"https:\/\/lefouduvoyage.fr\/blog\/?s={search_term_string}\"},\"query-input\":{\"@type\":\"PropertyValueSpecification\",\"valueRequired\":true,\"valueName\":\"search_term_string\"}}],\"inLanguage\":\"fr-FR\"},{\"@type\":\"Organization\",\"@id\":\"https:\/\/lefouduvoyage.fr\/blog\/#organization\",\"name\":\"Le Fou du Voyage\",\"alternateName\":\"Le Fou du Voyage\",\"url\":\"https:\/\/lefouduvoyage.fr\/blog\/\",\"logo\":{\"@type\":\"ImageObject\",\"inLanguage\":\"fr-FR\",\"@id\":\"https:\/\/lefouduvoyage.fr\/blog\/#\/schema\/logo\/image\/\",\"url\":\"https:\/\/lefouduvoyage.fr\/blog\/wp-content\/uploads\/2024\/12\/48.png\",\"contentUrl\":\"https:\/\/lefouduvoyage.fr\/blog\/wp-content\/uploads\/2024\/12\/48.png\",\"width\":500,\"height\":500,\"caption\":\"Le Fou du Voyage\"},\"image\":{\"@id\":\"https:\/\/lefouduvoyage.fr\/blog\/#\/schema\/logo\/image\/\"}},{\"@type\":\"Person\",\"@id\":\"https:\/\/lefouduvoyage.fr\/blog\/#\/schema\/person\/3c864cdc320801e3db34b663e7e3f816\",\"name\":\"Camille Rouvray\",\"image\":{\"@type\":\"ImageObject\",\"inLanguage\":\"fr-FR\",\"@id\":\"https:\/\/lefouduvoyage.fr\/blog\/#\/schema\/person\/image\/\",\"url\":\"https:\/\/lefouduvoyage.fr\/blog\/wp-content\/uploads\/2026\/06\/persona_camille-r-96x96.jpg\",\"contentUrl\":\"https:\/\/lefouduvoyage.fr\/blog\/wp-content\/uploads\/2026\/06\/persona_camille-r-96x96.jpg\",\"caption\":\"Camille Rouvray\"},\"description\":\"Je voyage et j'\u00e9cris sur le voyage depuis une douzaine d'ann\u00e9es, d'abord en tant que routarde au long cours, puis comme r\u00e9dactrice sp\u00e9cialis\u00e9e. Mon terrain de pr\u00e9dilection, ce sont les circuits organis\u00e9s et l'art de bien pr\u00e9parer un itin\u00e9raire : choix de la saison, dur\u00e9e r\u00e9aliste des \u00e9tapes, budget jour par jour, logement et transport sur place. J'aime aussi raconter les p\u00e9pites urbaines, ces adresses qu'on ne trouve pas dans les guides classiques. Avant de publier un dossier destination, je croise toujours plusieurs sources, je v\u00e9rifie les tarifs et les formalit\u00e9s d'entr\u00e9e \u00e0 jour, et je teste moi-m\u00eame quand je le peux. Mon angle reste pratique avant tout : aider le lecteur \u00e0 partir l'esprit tranquille, sans mauvaise surprise une fois sur place. Je m'attache \u00e0 distinguer le coup de c\u0153ur sinc\u00e8re du simple argument marketing.\",\"sameAs\":[\"https:\/\/camillerouvray.fr\/\"],\"url\":\"https:\/\/lefouduvoyage.fr\/blog\/auteur\/noname\/\"}]}<\/script>\n<!-- \/ Yoast SEO Premium plugin. -->","yoast_head_json":{"title":"Festivals d'\u00e9t\u00e9 en Europe : Avignon, \u00c9dimbourg, Salzbourg","description":"Festivals d'\u00e9t\u00e9 en Europe : tout savoir avant de partir, conseils, incontournables et bons plans r\u00e9unis dans notre guide voyage.","robots":{"index":"index","follow":"follow","max-snippet":"max-snippet:-1","max-image-preview":"max-image-preview:large","max-video-preview":"max-video-preview:-1"},"canonical":"https:\/\/lefouduvoyage.fr\/blog\/a-la-une\/festivals-ete-avignon-edimbourg-salzbourg\/","og_locale":"fr_FR","og_type":"article","og_title":"Festivals d'\u00e9t\u00e9 en Europe : Avignon, \u00c9dimbourg, Salzbourg","og_description":"Festivals d'\u00e9t\u00e9 en Europe : tout savoir avant de partir, conseils, incontournables et bons plans r\u00e9unis dans notre guide voyage.","og_url":"https:\/\/lefouduvoyage.fr\/blog\/a-la-une\/festivals-ete-avignon-edimbourg-salzbourg\/","og_site_name":"lefouduvoyage","og_image":[{"width":1200,"height":686,"url":"https:\/\/lefouduvoyage.fr\/blog\/wp-content\/uploads\/2025\/07\/pag-image-68700df019940-scaled.png","type":"image\/png"}],"author":"Camille Rouvray","twitter_card":"summary_large_image","schema":{"@context":"https:\/\/schema.org","@graph":[{"@type":"NewsArticle","@id":"https:\/\/lefouduvoyage.fr\/blog\/a-la-une\/festivals-ete-avignon-edimbourg-salzbourg\/#article","isPartOf":{"@id":"https:\/\/lefouduvoyage.fr\/blog\/a-la-une\/festivals-ete-avignon-edimbourg-salzbourg\/"},"author":{"name":"Camille Rouvray","@id":"https:\/\/lefouduvoyage.fr\/blog\/#\/schema\/person\/3c864cdc320801e3db34b663e7e3f816"},"headline":"Festivals \u00e9t\u00e9 : Avignon, Edimbourg, Salzbourg","datePublished":"2026-06-16T09:42:17+00:00","mainEntityOfPage":{"@id":"https:\/\/lefouduvoyage.fr\/blog\/a-la-une\/festivals-ete-avignon-edimbourg-salzbourg\/"},"wordCount":2097,"commentCount":0,"publisher":{"@id":"https:\/\/lefouduvoyage.fr\/blog\/#organization"},"image":{"@id":"https:\/\/lefouduvoyage.fr\/blog\/a-la-une\/festivals-ete-avignon-edimbourg-salzbourg\/#primaryimage"},"thumbnailUrl":"https:\/\/lefouduvoyage.fr\/blog\/wp-content\/uploads\/2025\/07\/pag-image-68700df019940-scaled.png","keywords":["avignon","edimbourg","festivals ete"],"articleSection":["\u00c0 la une"],"inLanguage":"fr-FR","potentialAction":[{"@type":"CommentAction","name":"Comment","target":["https:\/\/lefouduvoyage.fr\/blog\/a-la-une\/festivals-ete-avignon-edimbourg-salzbourg\/#respond"]}]},{"@type":"WebPage","@id":"https:\/\/lefouduvoyage.fr\/blog\/a-la-une\/festivals-ete-avignon-edimbourg-salzbourg\/","url":"https:\/\/lefouduvoyage.fr\/blog\/a-la-une\/festivals-ete-avignon-edimbourg-salzbourg\/","name":"Festivals d'\u00e9t\u00e9 en Europe : Avignon, \u00c9dimbourg, Salzbourg","isPartOf":{"@id":"https:\/\/lefouduvoyage.fr\/blog\/#website"},"primaryImageOfPage":{"@id":"https:\/\/lefouduvoyage.fr\/blog\/a-la-une\/festivals-ete-avignon-edimbourg-salzbourg\/#primaryimage"},"image":{"@id":"https:\/\/lefouduvoyage.fr\/blog\/a-la-une\/festivals-ete-avignon-edimbourg-salzbourg\/#primaryimage"},"thumbnailUrl":"https:\/\/lefouduvoyage.fr\/blog\/wp-content\/uploads\/2025\/07\/pag-image-68700df019940-scaled.png","datePublished":"2026-06-16T09:42:17+00:00","description":"Festivals d'\u00e9t\u00e9 en Europe : tout savoir avant de partir, conseils, incontournables et bons plans r\u00e9unis dans notre guide voyage.","inLanguage":"fr-FR","potentialAction":[{"@type":"ReadAction","target":["https:\/\/lefouduvoyage.fr\/blog\/a-la-une\/festivals-ete-avignon-edimbourg-salzbourg\/"]}]},{"@type":"ImageObject","inLanguage":"fr-FR","@id":"https:\/\/lefouduvoyage.fr\/blog\/a-la-une\/festivals-ete-avignon-edimbourg-salzbourg\/#primaryimage","url":"https:\/\/lefouduvoyage.fr\/blog\/wp-content\/uploads\/2025\/07\/pag-image-68700df019940-scaled.png","contentUrl":"https:\/\/lefouduvoyage.fr\/blog\/wp-content\/uploads\/2025\/07\/pag-image-68700df019940-scaled.png","width":1200,"height":686,"caption":"Image g\u00e9n\u00e9r\u00e9e par IA optimis\u00e9e pour Google Discover"},{"@type":"WebSite","@id":"https:\/\/lefouduvoyage.fr\/blog\/#website","url":"https:\/\/lefouduvoyage.fr\/blog\/","name":"Le Fou du Voyage","description":"Le Fou du Voyage, l&#039;aventure sans limites","publisher":{"@id":"https:\/\/lefouduvoyage.fr\/blog\/#organization"},"alternateName":"Le Fou du Voyage, l'aventure sans limites","potentialAction":[{"@type":"SearchAction","target":{"@type":"EntryPoint","urlTemplate":"https:\/\/lefouduvoyage.fr\/blog\/?s={search_term_string}"},"query-input":{"@type":"PropertyValueSpecification","valueRequired":true,"valueName":"search_term_string"}}],"inLanguage":"fr-FR"},{"@type":"Organization","@id":"https:\/\/lefouduvoyage.fr\/blog\/#organization","name":"Le Fou du Voyage","alternateName":"Le Fou du Voyage","url":"https:\/\/lefouduvoyage.fr\/blog\/","logo":{"@type":"ImageObject","inLanguage":"fr-FR","@id":"https:\/\/lefouduvoyage.fr\/blog\/#\/schema\/logo\/image\/","url":"https:\/\/lefouduvoyage.fr\/blog\/wp-content\/uploads\/2024\/12\/48.png","contentUrl":"https:\/\/lefouduvoyage.fr\/blog\/wp-content\/uploads\/2024\/12\/48.png","width":500,"height":500,"caption":"Le Fou du Voyage"},"image":{"@id":"https:\/\/lefouduvoyage.fr\/blog\/#\/schema\/logo\/image\/"}},{"@type":"Person","@id":"https:\/\/lefouduvoyage.fr\/blog\/#\/schema\/person\/3c864cdc320801e3db34b663e7e3f816","name":"Camille Rouvray","image":{"@type":"ImageObject","inLanguage":"fr-FR","@id":"https:\/\/lefouduvoyage.fr\/blog\/#\/schema\/person\/image\/","url":"https:\/\/lefouduvoyage.fr\/blog\/wp-content\/uploads\/2026\/06\/persona_camille-r-96x96.jpg","contentUrl":"https:\/\/lefouduvoyage.fr\/blog\/wp-content\/uploads\/2026\/06\/persona_camille-r-96x96.jpg","caption":"Camille Rouvray"},"description":"Je voyage et j'\u00e9cris sur le voyage depuis une douzaine d'ann\u00e9es, d'abord en tant que routarde au long cours, puis comme r\u00e9dactrice sp\u00e9cialis\u00e9e. Mon terrain de pr\u00e9dilection, ce sont les circuits organis\u00e9s et l'art de bien pr\u00e9parer un itin\u00e9raire : choix de la saison, dur\u00e9e r\u00e9aliste des \u00e9tapes, budget jour par jour, logement et transport sur place. J'aime aussi raconter les p\u00e9pites urbaines, ces adresses qu'on ne trouve pas dans les guides classiques. Avant de publier un dossier destination, je croise toujours plusieurs sources, je v\u00e9rifie les tarifs et les formalit\u00e9s d'entr\u00e9e \u00e0 jour, et je teste moi-m\u00eame quand je le peux. Mon angle reste pratique avant tout : aider le lecteur \u00e0 partir l'esprit tranquille, sans mauvaise surprise une fois sur place. Je m'attache \u00e0 distinguer le coup de c\u0153ur sinc\u00e8re du simple argument marketing.","sameAs":["https:\/\/camillerouvray.fr\/"],"url":"https:\/\/lefouduvoyage.fr\/blog\/auteur\/noname\/"}]}},"_links":{"self":[{"href":"https:\/\/lefouduvoyage.fr\/blog\/wp-json\/wp\/v2\/posts\/7751","targetHints":{"allow":["GET"]}}],"collection":[{"href":"https:\/\/lefouduvoyage.fr\/blog\/wp-json\/wp\/v2\/posts"}],"about":[{"href":"https:\/\/lefouduvoyage.fr\/blog\/wp-json\/wp\/v2\/types\/post"}],"author":[{"embeddable":true,"href":"https:\/\/lefouduvoyage.fr\/blog\/wp-json\/wp\/v2\/users\/34"}],"replies":[{"embeddable":true,"href":"https:\/\/lefouduvoyage.fr\/blog\/wp-json\/wp\/v2\/comments?post=7751"}],"version-history":[{"count":3,"href":"https:\/\/lefouduvoyage.fr\/blog\/wp-json\/wp\/v2\/posts\/7751\/revisions"}],"predecessor-version":[{"id":8557,"href":"https:\/\/lefouduvoyage.fr\/blog\/wp-json\/wp\/v2\/posts\/7751\/revisions\/8557"}],"wp:featuredmedia":[{"embeddable":true,"href":"https:\/\/lefouduvoyage.fr\/blog\/wp-json\/wp\/v2\/media\/7753"}],"wp:attachment":[{"href":"https:\/\/lefouduvoyage.fr\/blog\/wp-json\/wp\/v2\/media?parent=7751"}],"wp:term":[{"taxonomy":"category","embeddable":true,"href":"https:\/\/lefouduvoyage.fr\/blog\/wp-json\/wp\/v2\/categories?post=7751"},{"taxonomy":"post_tag","embeddable":true,"href":"https:\/\/lefouduvoyage.fr\/blog\/wp-json\/wp\/v2\/tags?post=7751"}],"curies":[{"name":"wp","href":"https:\/\/api.w.org\/{rel}","templated":true}]}}